{"id":8299,"date":"2015-02-02T09:38:00","date_gmt":"2015-02-02T08:38:00","guid":{"rendered":"https:\/\/medicalbeautyconcepts.com\/?p=8299"},"modified":"2026-03-10T09:50:15","modified_gmt":"2026-03-10T08:50:15","slug":"dr-med-peter-durnig","status":"publish","type":"post","link":"https:\/\/medicalbeautyconcepts.com\/en\/dr-med-peter-durnig\/","title":{"rendered":"Dr. med. Peter DURNIG"},"content":{"rendered":"<p><\/p>\n\n\n\n<p><\/p>\n\n\n\n<p>Dr. Peter Durnig ist anerkannter <strong>Facharzt f\u00fcr Plastische \u00c4sthetische und Rekonstruktive Chirurgie <\/strong>in Klagenfurt am W\u00f6rthersee K\u00e4rnten<\/p>\n\n\n\n<p>Seine Ordinationen befinden sich in Klagenfurt am Dom und im Schlosshotel Velden.<\/p>\n\n\n\n<p>Kleinere Operationen werden im OP in Klagenfurt am Dom durchgef\u00fchrt<\/p>\n\n\n\n<p>Gr\u00f6ssere Operationen mit Narkose oder auch \u00dcbernachtung k\u00f6nnen im AestheticOP im Holly am Stauderplatz durchgef\u00fchrt werden.<\/p>\n\n\n\n<p>Durch seine <strong>breite internationale Ausbildung <\/strong>(unter anderem in Frankreich, Deutschland, USA) bringt der versierte Sch\u00f6nheitschirurg einen extrem breiten Erfahrungsschatz mit.<\/p>\n\n\n\n<p>Internationaler Erfahrungsaustausch (im OP und auf Kongressen) sind die Voraussetzung f\u00fcr st\u00e4ndige Weiterbildung um seinen Patientinnen stets die modernsten und bestm\u00f6glichen Techniken anbieten zu k\u00f6nnen.<\/p>\n\n\n\n<p><\/p>\n\n\n\n<hr class=\"wp-block-separator has-css-opacity\"\/>\n\n\n\n<p><\/p>\n\n\n\n<h3 class=\"wp-block-heading\">Mentoren im Bereich der \u00c4sthetischen Chirurgie<\/h3>\n\n\n\n<p>Dr. Walther Jungwirth &#8230;2 Jahre Lehrpraxis bei einem der ersten und vielseitigsten \u00c4sthetischen Chirurgen \u00d6sterreichs haben mir einen wesentlichen Teil meiner \u00c4sthetisch Chirurgischen Fertigkeiten vermittelt. Wir haben es in unserer gemeinsamen Zeit ins renommierte PRS Journal geschaft (Arbeit zu Sicherheit beim Facelift) und viele OP-Techniken auf nationalen und internationalen Kongressen pr\u00e4sentiert. vielen lieben Dank Walther an dieser Stelle! \ud83d\ude42 <\/p>\n\n\n\n<p>Dr. Giovanni Botti..einer der bekanntesten und annerkanntesten \u00c4sthetischen Chirurgen&#8230;bekannt f\u00fcr seine Ehrlichkeit und Humor&#8230;viele Tage mit ihm im OP verbracht&#8230;inklusive seiner extrem lehrreichen Anatomiekurse&#8230;seit einigen Monaten hat er sich aus dem OP zur\u00fcckgezogen&#8230;w\u00fcnsche ihm alles Gute f\u00fcr seinen &#8222;Ruhestand&#8220; (der sicher nicht so ruhig wird, wie ich ihn kenne..)<\/p>\n\n\n\n<p>Sherryl Aston MD&#8230;f\u00fcr die Gesichtschirurgie&#8230;als Vorstand des bekannten MEETH Hospitals war er Jahrzehnte eine f\u00fchrende Figur im Bereich Facelifts. Supereleganter New Yorker mit messerscharfem Verstand und ebensolchen OP-Techniken.<\/p>\n\n\n\n<p>und viele mehr (siehe Lebenslauf)<\/p>\n\n\n\n<hr class=\"wp-block-separator has-css-opacity\"\/>\n\n\n\n<p><\/p>\n\n\n\n<h3 class=\"wp-block-heading\">wof\u00fcr wir bekannt sind&#8230;<\/h3>\n\n\n\n<p><\/p>\n\n\n\n<p>Dr. Peter Durnig steht f\u00fcr <strong>nat\u00fcrliche Ergebnisse und schonende Behandlungs- und OP-Methoden <\/strong>mit effektivem Ergebnis<\/p>\n\n\n\n<p>One <strong>ehrliche und umfassende Beratung<\/strong> &amp; Aufkl\u00e4rung ist die Basis f\u00fcr eine solide und sicherere Entscheidung.<\/p>\n\n\n\n<p><strong>Security <\/strong>steht bei uns ganz oben&#8230;auch wenn jede OP gewisse Grundrisiken birgt versuchen wir jedes Risiko genau abzuw\u00e4gen und so gering wie m\u00f6glich zu halten<\/p>\n\n\n\n<p>wir glauben an einen <strong>holistischen<\/strong> Ansatz &#8211; alles h\u00e4ngt zusammen &#8211; von der Hautpflege \u00fcber feindosierte &amp; harmonische Gesichtsbehandlungen bis zu nat\u00fcrlichem &amp; maximal effektivem Facelift.<\/p>\n\n\n\n<p>Durch seine <strong>breite und umfassende Ausbildung <\/strong>verf\u00fcgt Dr. Durnig \u00fcber ein extrem variantenreiches Repertoir an sinnvollen M\u00f6glichkeiten &#8211; f\u00fcr Ihre individuelle und ma\u00dfgeschneiderte Behandlung. In Zeiten der Spezialisierung ist es uns wichtig Ihre Behanldung bzw. OP so modern und hochspezifisch durchzuf\u00fchren. Wir wollen aber den \u00dcberblick und den Blick f\u00fcrs Ganze nie dabei verlieren. Oft sind es Kombinationen, die eine Ergebnis erst harmonisch und so effektiv wie m\u00f6glich machen!<\/p>\n\n\n\n<p>Dr. Peter Durnig nimmt sich gerne die notwendige Zeit f\u00fcr individuelle L\u00f6sungen.<\/p>\n\n\n\n<p><\/p>\n\n\n\n<hr class=\"wp-block-separator has-alpha-channel-opacity\"\/>\n\n\n\n<p><\/p>\n\n\n\n<h3 class=\"wp-block-heading\">Lebenslauf Univ. med. Dr. Peter Durnig<\/h3>\n\n\n\n<p>www.durnig.at<\/p>\n\n\n\n<p>@plastischechirurgiegram<\/p>\n\n\n\n<p><strong>Facharzt f\u00fcr Plastische, \u00c4sthetische und Rekonstruktive Chirurgie<\/strong><\/p>\n\n\n\n<p>Geboren 1973 in Linz, \u00d6sterreich<\/p>\n\n\n\n<p>Medizinstudium an der Medizinischen Universit\u00e4t Wien<\/p>\n\n\n\n<p>Oberarzt am Klinikum Klagenfurt am W\u00f6rthersee mit <strong>Schwerpunkt \u00c4sthetische<\/strong><\/p>\n\n\n\n<p><strong>Chirurgie, Rekonstruktive Mammachirurgie, K\u00f6rperformende Operationen<\/strong><\/p>\n\n\n\n<p>Umfassende <strong>international education<\/strong> zum Facharzt f\u00fcr Plastische,<\/p>\n\n\n\n<p>\u00c4sthetische und Rekonstruktive Chirurgie an h\u00f6chstrenommierten Klinken in<\/p>\n\n\n\n<p><strong>\u00d6sterreich, Deutschland und Frankreich<\/strong> with <strong>Schwerpunkt auf \u00c4sthetische<\/strong><\/p>\n\n\n\n<p><strong>surgery<\/strong>:<\/p>\n\n\n\n<p>Universit\u00e4tsklinik Wien, EMCO-Privatklinik, Klinikum N\u00fcrnberg, Klinikum<\/p>\n\n\n\n<p>Klagenfurt am W\u00f6rthersee, Clinique Esthetique De Paris Spontini (Aesthetic<\/p>\n\n\n\n<p>Fellowship)<\/p>\n\n\n\n<p><strong>vertiefende Ausbildung auf dem Gebiet der \u00c4sthetisch-Plastischen<\/strong><\/p>\n\n\n\n<p><strong>surgery<\/strong> mit 2 Jahren and der EMCO-Privatklinik und &#8211; als gro\u00dfe Auszeichnung<\/p>\n\n\n\n<p>&#8211; mit einem <strong>Aesthetic Fellowship<\/strong> der Vereinigung Deutscher \u00c4sthetisch<\/p>\n\n\n\n<p>Plastischer Chirurgen bei einigen der bekanntesten Sch\u00f6nheitschirurgen der Welt<\/p>\n\n\n\n<p>(Claude LeLouarn, Francoise Firmin, Gilbert Aiach, Cornette de Saint Cyr, Marc<\/p>\n\n\n\n<p>Divaris)<\/p>\n\n\n\n<p><\/p>\n\n\n\n<p><strong>Zahlreiche Studien- und Auslandsaufenthalte bei internationalen Gr\u00f6\u00dfen<\/strong><\/p>\n\n\n\n<p>wie Daniel Baker und Sherrel Aston (Manhattan Eye Ear Throat Hospital, New<\/p>\n\n\n\n<p>York City), Tim Marten (Marten Clinic, San Francisco) Bob Flowers (Flowers<\/p>\n\n\n\n<p>Clinic, Honolulu) Wolfgang Gubisch (Marienhospital, Stuttgart)<\/p>\n\n\n\n<p><strong>Vielfache Teilnahme am weltgr\u00f6\u00dften Kongress, dem Aesthetic Meeting derAmerican Society for Aesthetic Plastic Surgery<\/strong><\/p>\n\n\n\n<p><strong>Spezialausbildungen bei den aktuell besten \u00c4sthetisch Plastischen<\/strong> <strong>Chirurgen:<\/strong><\/p>\n\n\n\n<p>Pitanguy Ivo, Flowers Bob, Lassus Claude, Pascal Jean-Francoise, Matarasso Alan,<\/p>\n\n\n\n<p>Camirand Andre, Yaremchuk Michael, Massiha Hamid, Coleman Sidney, Becker<\/p>\n\n\n\n<p>Hilton, Pitmann Gerald, Tonnard Patrick, Spinelli Henry, Connell Bruce, Marten Tim,<\/p>\n\n\n\n<p>Barrera Alfonso, Uebel Carlos<\/p>\n\n\n\n<p>Arzt f\u00fcr <strong>general medicine<\/strong><\/p>\n\n\n\n<p>Diplom f\u00fcr <strong>Akupunktur<\/strong> &#8211; International TCM Trainingscourse at the Chengdu<\/p>\n\n\n\n<p>International TCM Training Center, Sichuan, China, 2001Diplom f\u00fcr <strong>Notfallmedizin<\/strong><\/p>\n\n\n\n<p>Vertiefte Ausbildung <strong>Venenchirurgie<\/strong> and <strong>konservative Venentherapie<\/strong><\/p>\n\n\n\n<p><strong>mehr als 25 Jahre Erfahrung<\/strong> auf dem Gebiet der Plastischen \u00c4sthetischen und Rekonstruktiven Chirurgie:<\/p>\n\n\n\n<p>2000 Beginn der Ausbildung zum Facharzt f\u00fcr Plastische Chirurgie<\/p>\n\n\n\n<p>2007 <strong>Privatordination im Zentrum von Klagenfurt<\/strong><\/p>\n\n\n\n<p>2009 Gr\u00fcndung Durnig Aesthetics<\/p>\n\n\n\n<p>2010 Hautpflegeserie Durnig Aesthetics, Konsile in Bad Ischl, Wien, Linz<\/p>\n\n\n\n<p>2011 <strong>Homepage www.durnig.com<\/strong><\/p>\n\n\n\n<p>2012 <strong>beliebtester Plastischer Chirurg \u00d6sterreichs<\/strong> (Quelle: docfinder.at)<\/p>\n\n\n\n<p>2013 <strong>Privatordination Schloss Velden<\/strong>, Pr\u00e4sentation von <strong>The Beauty Secret<\/strong><\/p>\n\n\n\n<p>2014 <strong>Pr\u00e4sident EWAPS<\/strong>, Europ\u00e4ischer Experten Workshop, Schloss Velden &#8211; mit Giovanni Botti, Mario Pelle Cindy Jackson<\/p>\n\n\n\n<p>2016 St. Charles Apotheke (Wien, Berlin) nimmt Hautpflegeserie ins Programm auf<\/p>\n\n\n\n<p>2017 <strong>Medical Beauty Concepts <\/strong>wird pr\u00e4sentiert &#8211; ehrliche Informationen zum Thema Plastische und \u00c4sthetische Medizin &amp; Chirurgie<\/p>\n\n\n\n<p>2018 Entwicklung <strong>individualisiert Hautpflege<\/strong><\/p>\n\n\n\n<p>2023 Er\u00f6ffnung <strong>Aesthetic surgery <\/strong>am Stauderplatz 5 <\/p>\n\n\n\n<p>2024 Premium Partner von Motiva &#8211; exklusiver Anbieter von Motiva Ergonomix 2 Implantaten<\/p>\n\n\n\n<p>2026 NEU: PRESERVE Brustvergr\u00f6sserungen in Klagenfurt K\u00e4rnten<\/p>\n\n\n\n<p><\/p>\n\n\n\n<h4 class=\"wp-block-heading\">Mitgliedschaften:<\/h4>\n\n\n\n<p>EWAPS<\/p>\n\n\n\n<p>\u00d6sterreichische Gesellschaft f\u00fcr Plastische, \u00c4sthetische und Rekonstruktive Chir.<\/p>\n\n\n\n<p><strong>zahlreiche nationale und internationale Vortr\u00e4ge und Publikationen<\/strong><\/p>\n\n\n\n<p><strong>Autor<\/strong> im bedeutendsten Journal der Welt f\u00fcr Plastische, \u00c4sthetische und<\/p>\n\n\n\n<p>Rekonstruktive Chirurgie im <strong>Plastic Reconstructive Surgery<\/strong> mit Schwerpunkt<\/p>\n\n\n\n<p>Facelift und Sicherheit<\/p>\n\n\n\n<p>Ich biete Ihnen eine <strong>Kombination aus den weltbesten und selbst<\/strong><\/p>\n\n\n\n<p><strong>weiterentwickelten schonenden Verj\u00fcngungsmethoden und OP-Techniken<\/strong><\/p>\n\n\n\n<p>an.<\/p>\n\n\n\n<p>Wir zielen auf h\u00f6chstes internationales Niveau, gepaart mit \u00e4sthetischem und<\/p>\n\n\n\n<p>k\u00fcnstlerischem Einf\u00fchlungsverm\u00f6gen und individuellen Behandlungsvorschl\u00e4gen.<\/p>\n\n\n\n<p>Wichtig ist mir <strong>h\u00f6chstm\u00f6gliche Qualit\u00e4t gepaart mit gr\u00f6\u00dftm\u00f6glicher<\/strong><\/p>\n\n\n\n<p><strong>Sicherheit!<\/strong><\/p>\n\n\n\n<p>Seit Beginn der Ausbildung ca. 2300 Operationen<\/p>\n\n\n\n<p>zuletzt rund 300 Operationen pro Jahr zeugen von <strong>konstanter hochwertiger Arbeit auf dem Gebiet der \u00c4sthetischen<\/strong><\/p>\n\n\n\n<p><strong>und Plastischen Chirurgie<\/strong><\/p>\n\n\n\n<hr class=\"wp-block-separator has-alpha-channel-opacity\"\/>\n\n\n\n<h3 class=\"wp-block-heading\">Spezialgebiete<\/h3>\n\n\n\n<p><\/p>\n\n\n\n<p>individuelle Facelift-Techniken mit Volumen-Umverteilung und Volumen-Optimierung<\/p>\n\n\n\n<p>Brust-OPs (individuelle Brustvergr\u00f6sserung, Bruststraffung mit kurzer Narbe, Preserve Brustvergr\u00f6sserung)<\/p>\n\n\n\n<p>sichere &amp; moderne Formen der Narkose in Abstimmung mit erfahrenen Narkose\u00e4rzten<\/p>\n\n\n\n<p><\/p>\n\n\n\n<hr class=\"wp-block-separator has-css-opacity\"\/>\n\n\n\n<h3 class=\"wp-block-heading\">Kosten bei Dr. Peter Durnig<\/h3>\n\n\n\n<p><strong><a href=\"https:\/\/medicalbeautyconcepts.com\/en\/breast-enlargement-prices-and-costs\/\">Prices and Costs<\/a><\/strong> can be found as a separate section in our stories. The following factors play a role in the costs: day surgery or overnight stay, choice of implant, planned duration of the operation and difficulty of the operation. In a detailed consultation, the costs can usually be calculated very precisely. All decisions should have been made by the second consultation at the latest. From then on, an exact calculation of the costs and price is possible.<\/p>\n\n\n\n<hr class=\"wp-block-separator has-css-opacity\"\/>\n\n\n\n<h3 class=\"wp-block-heading\">Darum k\u00f6nnen Sie Dr. Durnig vertrauen:<\/h3>\n\n\n\n<p>Dr. Peter Durnig ist seit \u00fcber 25 Jahren in der Plastischen Chirurgie t\u00e4tig. Seine umfassende internationale Ausbildung und stetiges Suchen nach den neuesten und besten Behandlungs- und Operations-Techniken machen ihn zu einem Plastischen Chirurgen mit sehr viel Erfahrung und breiten Behandlungsm\u00f6glichkeiten.<\/p>\n\n\n\n<p>Moderne Behandlungen oder Operationen sind nicht 08\/15. Ein breites Repertoir an Behandlungs- und Operations-Methoden bietet individuelle Konzepte und Behandlungskombinationen die oft erst nat\u00fcrliche und effektive Ergebnisse erm\u00f6gichen.,<\/p>\n\n\n\n<hr class=\"wp-block-separator has-css-opacity\"\/>\n\n\n\n<h3 class=\"wp-block-heading\">Finden Sie hier Ihre individuelle Behandlungs- oder Operations-Methode:<\/h3>\n\n\n\n<div class=\"wp-block-media-text alignwide is-stacked-on-mobile\" style=\"grid-template-columns:15% auto\"><figure class=\"wp-block-media-text__media\"><img loading=\"lazy\" decoding=\"async\" width=\"603\" height=\"1024\" src=\"https:\/\/medicalbeautyconcepts.com\/wp-content\/uploads\/2022\/01\/Brust-OP-Dr.-Durnig-Klagenfurt-Ka\u0308rnten-603x1024.png\" alt=\"\" class=\"wp-image-3998 size-full\" srcset=\"https:\/\/medicalbeautyconcepts.com\/wp-content\/uploads\/2022\/01\/Brust-OP-Dr.-Durnig-Klagenfurt-Ka\u0308rnten-603x1024.png 603w, https:\/\/medicalbeautyconcepts.com\/wp-content\/uploads\/2022\/01\/Brust-OP-Dr.-Durnig-Klagenfurt-Ka\u0308rnten-177x300.png 177w, https:\/\/medicalbeautyconcepts.com\/wp-content\/uploads\/2022\/01\/Brust-OP-Dr.-Durnig-Klagenfurt-Ka\u0308rnten-768x1305.png 768w, https:\/\/medicalbeautyconcepts.com\/wp-content\/uploads\/2022\/01\/Brust-OP-Dr.-Durnig-Klagenfurt-Ka\u0308rnten-904x1536.png 904w, https:\/\/medicalbeautyconcepts.com\/wp-content\/uploads\/2022\/01\/Brust-OP-Dr.-Durnig-Klagenfurt-Ka\u0308rnten-1205x2048.png 1205w, https:\/\/medicalbeautyconcepts.com\/wp-content\/uploads\/2022\/01\/Brust-OP-Dr.-Durnig-Klagenfurt-Ka\u0308rnten-382x650.png 382w, https:\/\/medicalbeautyconcepts.com\/wp-content\/uploads\/2022\/01\/Brust-OP-Dr.-Durnig-Klagenfurt-Ka\u0308rnten-324x550.png 324w, https:\/\/medicalbeautyconcepts.com\/wp-content\/uploads\/2022\/01\/Brust-OP-Dr.-Durnig-Klagenfurt-Ka\u0308rnten.png 1258w\" sizes=\"auto, (max-width: 603px) 100vw, 603px\" \/><\/figure><div class=\"wp-block-media-text__content\">\n<p>Click under the heading <strong><a href=\"https:\/\/medicalbeautyconcepts.com\/en\/plastic-surgery-breast-face-body\/\">BODY auf den gew\u00fcnschten Bereich<\/a><\/strong> und finde alle M\u00f6glichkeiten f\u00fcr Deine Behanldung oder Operation<\/p>\n<\/div><\/div>\n\n\n\n<hr class=\"wp-block-separator has-css-opacity\"\/>\n\n\n\n<h3 class=\"wp-block-heading\">Where does the consultation\/information take place?<\/h3>\n\n\n\n<p>You can find us here:<\/p>\n\n\n\n<ul class=\"wp-block-list\">\n<li><strong>Ordination Klagenfurt<\/strong> Domplatz: Lidmanskygasse 8, 9020 Klagenfurt am W\u00f6rthersee<\/li>\n<\/ul>\n\n\n\n<div class=\"wp-block-media-text is-stacked-on-mobile\" style=\"grid-template-columns:37% auto\"><figure class=\"wp-block-media-text__media\"><img loading=\"lazy\" decoding=\"async\" width=\"1024\" height=\"683\" src=\"https:\/\/medicalbeautyconcepts.com\/wp-content\/uploads\/2024\/09\/Ordination-Dr.-Durnig-Lidmanskygasse-8-1024x683.jpg\" alt=\"\" class=\"wp-image-7397 size-full\" srcset=\"https:\/\/medicalbeautyconcepts.com\/wp-content\/uploads\/2024\/09\/Ordination-Dr.-Durnig-Lidmanskygasse-8-1024x683.jpg 1024w, https:\/\/medicalbeautyconcepts.com\/wp-content\/uploads\/2024\/09\/Ordination-Dr.-Durnig-Lidmanskygasse-8-300x200.jpg 300w, https:\/\/medicalbeautyconcepts.com\/wp-content\/uploads\/2024\/09\/Ordination-Dr.-Durnig-Lidmanskygasse-8-768x512.jpg 768w, https:\/\/medicalbeautyconcepts.com\/wp-content\/uploads\/2024\/09\/Ordination-Dr.-Durnig-Lidmanskygasse-8-1536x1024.jpg 1536w, https:\/\/medicalbeautyconcepts.com\/wp-content\/uploads\/2024\/09\/Ordination-Dr.-Durnig-Lidmanskygasse-8-2048x1366.jpg 2048w, https:\/\/medicalbeautyconcepts.com\/wp-content\/uploads\/2024\/09\/Ordination-Dr.-Durnig-Lidmanskygasse-8-550x367.jpg 550w, https:\/\/medicalbeautyconcepts.com\/wp-content\/uploads\/2024\/09\/Ordination-Dr.-Durnig-Lidmanskygasse-8-740x493.jpg 740w\" sizes=\"auto, (max-width: 1024px) 100vw, 1024px\" \/><\/figure><div class=\"wp-block-media-text__content\">\n<p>Welcome to our practice in the center of Klagenfurt. We are happy to discuss all your <strong>Fragen &amp; W\u00fcnsche zur neuen SCHONENDEN minimal-invasiven Brustvergr\u00f6sserung<\/strong> oder Ihrem Wunschthema.<\/p>\n<\/div><\/div>\n\n\n\n<ul class=\"wp-block-list\">\n<li><strong>Ordination Velden<\/strong> Falkensteiner Schlosshotel Velden: Schlosspark 1, 9220 Velden am W\u00f6rthersee<\/li>\n<\/ul>\n\n\n\n<div class=\"wp-block-media-text alignwide is-stacked-on-mobile\" style=\"grid-template-columns:37% auto\"><figure class=\"wp-block-media-text__media\"><img loading=\"lazy\" decoding=\"async\" width=\"1024\" height=\"576\" src=\"https:\/\/medicalbeautyconcepts.com\/wp-content\/uploads\/2022\/01\/Ordination-Schloss-Velden-Dr.-Durnig-Ka\u0308rnten-Plastische-Chirurgie-2-1024x576.jpg\" alt=\"\" class=\"wp-image-4026 size-full\" srcset=\"https:\/\/medicalbeautyconcepts.com\/wp-content\/uploads\/2022\/01\/Ordination-Schloss-Velden-Dr.-Durnig-Ka\u0308rnten-Plastische-Chirurgie-2-1024x576.jpg 1024w, https:\/\/medicalbeautyconcepts.com\/wp-content\/uploads\/2022\/01\/Ordination-Schloss-Velden-Dr.-Durnig-Ka\u0308rnten-Plastische-Chirurgie-2-300x169.jpg 300w, https:\/\/medicalbeautyconcepts.com\/wp-content\/uploads\/2022\/01\/Ordination-Schloss-Velden-Dr.-Durnig-Ka\u0308rnten-Plastische-Chirurgie-2-768x432.jpg 768w, https:\/\/medicalbeautyconcepts.com\/wp-content\/uploads\/2022\/01\/Ordination-Schloss-Velden-Dr.-Durnig-Ka\u0308rnten-Plastische-Chirurgie-2-1536x864.jpg 1536w, https:\/\/medicalbeautyconcepts.com\/wp-content\/uploads\/2022\/01\/Ordination-Schloss-Velden-Dr.-Durnig-Ka\u0308rnten-Plastische-Chirurgie-2-2048x1152.jpg 2048w, https:\/\/medicalbeautyconcepts.com\/wp-content\/uploads\/2022\/01\/Ordination-Schloss-Velden-Dr.-Durnig-Ka\u0308rnten-Plastische-Chirurgie-2-1920x1080.jpg 1920w, https:\/\/medicalbeautyconcepts.com\/wp-content\/uploads\/2022\/01\/Ordination-Schloss-Velden-Dr.-Durnig-Ka\u0308rnten-Plastische-Chirurgie-2-550x309.jpg 550w, https:\/\/medicalbeautyconcepts.com\/wp-content\/uploads\/2022\/01\/Ordination-Schloss-Velden-Dr.-Durnig-Ka\u0308rnten-Plastische-Chirurgie-2-740x416.jpg 740w\" sizes=\"auto, (max-width: 1024px) 100vw, 1024px\" \/><\/figure><div class=\"wp-block-media-text__content\">\n<p>In unserer Ordination im Falkensteiner Schlosshotel in Velden bieten wir auf spezielle Anfrage ebenfalls gerne eine Beratung vor Ihrer geplanten Brustvergr\u00f6sserung mit Implantaten oder Ihrem Wunschthema an.<\/p>\n<\/div><\/div>\n\n\n\n<p>If you are from <strong>Carinthia<\/strong> (Klagenfurt, Villach, Wolfsberg, Feldkirchen, St. Veit an der Glan, Spittal an der Drau, V\u00f6lkermarkt, Friesach, Velden, etc.), you will find the right way to us...<\/p>\n\n\n\n<ul class=\"wp-block-list\">\n<li>Arrival by <strong><a href=\"https:\/\/www.viamichelin.at\/web\/Routenplaner\">car<\/a><\/strong><\/li>\n\n\n\n<li>Arrival with the <strong><a href=\"https:\/\/routenplaner.kaerntner-linien.at\/\">K\u00e4rntner Linien<\/a><\/strong><\/li>\n\n\n\n<li>Arrival by <strong><a href=\"https:\/\/www.thetrainline.com\/de\/bahnunternehmen\/oebb?gclid=CjwKCAiA866PBhAYEiwANkIneObaU4BXugWRZ_eYJrlCQYl17QYxAPHksLgX_aDQNT4njLiz9mhnFxoCojwQAvD_BwE&amp;gclsrc=aw.ds\">Train<\/a><\/strong><\/li>\n<\/ul>\n\n\n\n<p>You are traveling <strong>Vienna\/Lower Austria\/Burgenland<\/strong> (Vienna, St. P\u00f6lten, Wiener Neustadt, Klosterneuburg, Baden, Krems, Amstetten, M\u00f6dling, Traiskirchen, Schwechat, Stockerau, Tulln, Korneuburg, Eisenstadt) <strong>Upper Austria <\/strong>(Linz, Leonding, Bad Ischl, Wels, Steyr, Traun, Enns, Ried, Braunau, Ansfelden, Marchtrenk, V\u00f6cklabruck) <strong>Salzburg<\/strong> (Salzburg, Hallein, Saalfelden, St. Johann, Bischofshofen, Seekirchen) <strong>Styria <\/strong>(Leoben, Kapfenberg, Judenburg, Liezen, Murau, Feldbach, Gratwein, Knittelfeld, Leibnitz, Deutschlandsberg, Weitz, Mariazell, Admont, Schladming, Bruck an der Mur) <strong>Tyrol\/Vorarlberg<\/strong> (Innsbruck, Kufstein, Telfs, Schwaz, Hall, W\u00f6rgl, Lienz, Feldkirch, Bregenz, Lustenau, Hohenems, Bludenz, Hard)? This is how you find the right way to us...<\/p>\n\n\n\n<p>How do you find us?<\/p>\n\n\n\n<p>Arrival by <strong><a href=\"https:\/\/www.viamichelin.at\/web\/Routenplaner\">car<\/a><\/strong><\/p>\n\n\n\n<p>Arrival by <strong><a href=\"https:\/\/www.thetrainline.com\/de\/bahnunternehmen\/oebb?gclid=CjwKCAiA866PBhAYEiwANkIneObaU4BXugWRZ_eYJrlCQYl17QYxAPHksLgX_aDQNT4njLiz9mhnFxoCojwQAvD_BwE&amp;gclsrc=aw.ds\">Train<\/a><\/strong><\/p>\n\n\n\n<p>Arrival by <strong><a href=\"https:\/\/airport-klagenfurt.at\/\">Airplane<\/a><\/strong><\/p>\n\n\n\n<hr class=\"wp-block-separator has-css-opacity\"\/>\n\n\n\n<h3 class=\"wp-block-heading\">Wo operiert Dr. Durnig?<\/h3>\n\n\n\n<h4 class=\"wp-block-heading\"><strong>AestheticOP Private Surgery Klagenfurt<\/strong>: Stauderplatz 5, 9020 Klagenfurt am W\u00f6rthersee<\/h4>\n\n\n\n<div class=\"wp-block-media-text alignwide is-stacked-on-mobile\" style=\"grid-template-columns:43% auto\"><figure class=\"wp-block-media-text__media\"><img loading=\"lazy\" decoding=\"async\" width=\"841\" height=\"1024\" src=\"https:\/\/medicalbeautyconcepts.com\/wp-content\/uploads\/2024\/03\/Empfang-Aesthetic-OP-841x1024.jpg\" alt=\"\" class=\"wp-image-6919 size-full\" srcset=\"https:\/\/medicalbeautyconcepts.com\/wp-content\/uploads\/2024\/03\/Empfang-Aesthetic-OP-841x1024.jpg 841w, https:\/\/medicalbeautyconcepts.com\/wp-content\/uploads\/2024\/03\/Empfang-Aesthetic-OP-246x300.jpg 246w, https:\/\/medicalbeautyconcepts.com\/wp-content\/uploads\/2024\/03\/Empfang-Aesthetic-OP-768x936.jpg 768w, https:\/\/medicalbeautyconcepts.com\/wp-content\/uploads\/2024\/03\/Empfang-Aesthetic-OP-1261x1536.jpg 1261w, https:\/\/medicalbeautyconcepts.com\/wp-content\/uploads\/2024\/03\/Empfang-Aesthetic-OP-1681x2048.jpg 1681w, https:\/\/medicalbeautyconcepts.com\/wp-content\/uploads\/2024\/03\/Empfang-Aesthetic-OP-534x650.jpg 534w, https:\/\/medicalbeautyconcepts.com\/wp-content\/uploads\/2024\/03\/Empfang-Aesthetic-OP-452x550.jpg 452w\" sizes=\"auto, (max-width: 841px) 100vw, 841px\" \/><\/figure><div class=\"wp-block-media-text__content\">\n<p>Welcome to the new AestheticOP!<\/p>\n\n\n\n<p>operations on <strong>highest quality level <\/strong>im Zentrum von Klagenfurt. F\u00fcr <strong>sichere<\/strong> operative Behandlungen in gem\u00fctlicher Atmosph\u00e4re. Wir freuen uns, Sie im neuen OP begr\u00fc\u00dfen zu d\u00fcrfen!<\/p>\n<\/div><\/div>\n\n\n\n<p>Aesthetic surgery Klagenfurt Carinthia = <strong>aesthetic surgeries<\/strong> in the <strong>private surgery<\/strong> in Klagenfurt Carinthia:<\/p>\n\n\n\n<p>Wir sind spezialisiert auf schonende \u00e4sthetische Operationen bevorzugt in <strong>Lokaker Bet\u00e4ubung, D\u00e4mmerschlaf oder schonender Allgemeinnarkose<\/strong> mit kurzer Rehabilitation<\/p>\n\n\n\n<p>in the <strong>state-of-the-art operating room<\/strong> for outpatient surgeries or surgeries with overnight stay<\/p>\n\n\n\n<p>Plastische Chirurgie und Sch\u00f6nheitschiururgie in <strong>privater Atmosph\u00e4re<\/strong><\/p>\n\n\n\n<p><\/p>\n\n\n\n<h3 class=\"wp-block-heading\">Where is the AestheticOP?<\/h3>\n\n\n\n<h5 class=\"wp-block-heading\">You can find us at <strong>Stauderplatz 5<\/strong> im Zentrum von Klagenfurt<\/h5>\n\n\n\n<p><\/p>\n\n\n\n<h3 class=\"wp-block-heading\">AestheticOP \u2013 Where can I park or get picked up?<\/h3>\n\n\n\n<p>There are several underground garages and parking spaces around the AestheticOP:<\/p>\n\n\n\n<p>The most modern underground car park is only a few hundred meters away from the AestheticOP: <strong><a href=\"https:\/\/www.9022.at\/parkgarage.xhtml\">Vitaneum underground car park<\/a><\/strong> \u2013 the parking garage at the Benediktinermarkt.<\/p>\n\n\n\n<p>Also just a few hundred meters away is the <strong><a href=\"https:\/\/www.apcoa.at\/parken\/klagenfurt\/lindwurm-klagenfurt-apcoa\/\">Lindwurm underground car park<\/a><\/strong>.<\/p>\n\n\n\n<p>Directly in the AestheticOP building is the <strong><a href=\"https:\/\/www.apcoa.at\/parken\/klagenfurt\/heiligengeist-klagenfurt-apcoa\/\">Heiligengeist underground car park<\/a><\/strong>Here you can park in the same building and have someone take you to the operation and pick you up again.<\/p>\n\n\n\n<p>Direct <strong><a href=\"https:\/\/www.apcoa.at\/parken\/klagenfurt\/heiligengeist-klagenfurt-apcoa\/\">at Stauderplatz<\/a><\/strong> there are some <strong>parking spaces with short-term parking zones<\/strong>.<\/p>\n\n\n\n<p><\/p>\n\n\n\n<p><\/p>\n\n\n\n<h3 class=\"wp-block-heading\">AestheticOP \u2013 modern surgery in the center of Klagenfurt:<\/h3>\n\n\n\n<figure class=\"wp-block-image size-large is-resized\"><a href=\"https:\/\/medicalbeautyconcepts.com\/wp-content\/uploads\/2022\/03\/AestheticOP-Klagenfurt-Stauderplatz-5-Dr.-Durnig-Peter-Plastische-Chirurgie.pdf\"><img loading=\"lazy\" decoding=\"async\" width=\"1024\" height=\"207\" src=\"https:\/\/medicalbeautyconcepts.com\/wp-content\/uploads\/2022\/03\/AestheticOP-Klagenfurt-Stauderplatz-5-Dr.-Durnig-Peter-Plastische-Chirurgie-pdf-1024x207.jpg\" rel=\"lightbox\"  alt=\"\" class=\"wp-image-6622\" style=\"width:598px;height:121px\"\/><\/a><\/figure>\n\n\n\n<div class=\"wp-block-media-text alignwide is-stacked-on-mobile\" style=\"grid-template-columns:35% auto\"><figure class=\"wp-block-media-text__media\"><img loading=\"lazy\" decoding=\"async\" width=\"768\" height=\"1024\" src=\"https:\/\/medicalbeautyconcepts.com\/wp-content\/uploads\/2025\/08\/AestheticOP-Klagenfurt-Kaernten-768x1024.jpg\" alt=\"\" class=\"wp-image-8211 size-full\" srcset=\"https:\/\/medicalbeautyconcepts.com\/wp-content\/uploads\/2025\/08\/AestheticOP-Klagenfurt-Kaernten-768x1024.jpg 768w, https:\/\/medicalbeautyconcepts.com\/wp-content\/uploads\/2025\/08\/AestheticOP-Klagenfurt-Kaernten-225x300.jpg 225w, https:\/\/medicalbeautyconcepts.com\/wp-content\/uploads\/2025\/08\/AestheticOP-Klagenfurt-Kaernten-1152x1536.jpg 1152w, https:\/\/medicalbeautyconcepts.com\/wp-content\/uploads\/2025\/08\/AestheticOP-Klagenfurt-Kaernten-1536x2048.jpg 1536w, https:\/\/medicalbeautyconcepts.com\/wp-content\/uploads\/2025\/08\/AestheticOP-Klagenfurt-Kaernten-9x12.jpg 9w, https:\/\/medicalbeautyconcepts.com\/wp-content\/uploads\/2025\/08\/AestheticOP-Klagenfurt-Kaernten-488x650.jpg 488w, https:\/\/medicalbeautyconcepts.com\/wp-content\/uploads\/2025\/08\/AestheticOP-Klagenfurt-Kaernten-413x550.jpg 413w, https:\/\/medicalbeautyconcepts.com\/wp-content\/uploads\/2025\/08\/AestheticOP-Klagenfurt-Kaernten-scaled.jpg 1920w\" sizes=\"auto, (max-width: 768px) 100vw, 768px\" \/><\/figure><div class=\"wp-block-media-text__content\">\n<p>Welcome to the new AestheticOP!<\/p>\n\n\n\n<p>Ambulante Operationen in angenehmer Umbebung!<\/p>\n<\/div><\/div>\n\n\n\r\n<div id=\"cta-block_b6f87c596ad5aeafe11500f0dbe38a51\" class=\"icontext-block\">\r\n\t<div class=\"row\">\r\n\t\t\r\n\t\t<div class=\"col-sm-1 col-12 reveal\">\r\n\t\t\t\t\t\t\t<div class=\"icontext-icon icon-dark-arrow-right\"><\/div>\r\n\t\t\t\t\t<\/div>\r\n\r\n\t\t<div class=\"col-sm-11 col-12 reveal\">\r\n\t\t\t<div class=\"icontext-text\">\r\n\t\t\t\t<h2 class=\"rich-text block-editor-rich-text__editable\" role=\"textbox\" contenteditable=\"true\" aria-multiline=\"true\" aria-label=\"Write headline\u2026\">Make an appointment for your breast surgery in Klagenfurt<\/h2>\n<p>We look forward to your call at <strong>0699 19988009<\/strong> (Mon-Fri 12-16). See you soon!<\/p>\n\t\t\t<\/div>\r\n\t\t<\/div>\r\n\r\n\t<\/div>\r\n<\/div>\r\n\n\n\n<p>Nothing can replace personal, individual advice from a specialist with the appropriate experience and the right aesthetic sensitivity. We will be happy to advise you in detail (with 3D analysis on request) \u2013 arrange your <strong>Consultation appointment at 0699 19988009<\/strong>. Or contact us via our <a href=\"http:\/\/www.durnig.at\/kontakt\/\"><strong>contact form<\/strong><\/a>. We look forward to seeing you!<\/p>\n\n\n\n<p><\/p>\n\n\n\n<p>Here you can see everything about <strong><a href=\"http:\/\/www.durnig.at\/leistungen\/brust\/\">breast surgery, breast augmentation and breast lift<\/a><\/strong>.<\/p>\n\n\n\n<p><\/p>\n\n\n\n<p>Finden Sie weitere wertvolle Informationen zu Ihrem Wunsch-Thema <a href=\"https:\/\/medicalbeautyconcepts.com\/en\/beauty-concepts\/\"><strong>among our Beauty Concepts<\/strong><\/a><\/p>\n\n\n\n<p><\/p>\n\n\n\n<hr class=\"wp-block-separator has-alpha-channel-opacity\"\/>\n\n\n\n<p><\/p>\n\n\n\n<h3 class=\"wp-block-heading\">FAQs<\/h3>\n\n\n\n<h5 class=\"wp-block-heading\">Dr. Peter Durnig ist ein international rennomierter \u00c4sthetisch Plastischer Chirurg mit Ordinationen in Klagenfurt und Velden am W\u00f6rthersee. Seit mehreren Jahren betreibt er auch einen OP in Klagenfurt mit Schwerpunkt \u00c4sthetisch Plastische Operationen. Wie haben Dr. Peter Durnig getroffen und Ihn zu aktuellen Themen der Sch\u00f6nheitschirurgie befragt:<\/h5>\n\n\n\n<p><\/p>\n\n\n\n<h5 class=\"wp-block-heading\">Frage 1<\/h5>\n\n\n\n<h5 class=\"wp-block-heading\">Dr. Durnig &#8211; warum sind Sie Plastischer Chirurg geworden..?<\/h5>\n\n\n\n<p>Antwort: <\/p>\n\n\n\n<p>Ich liebe Formen &#8211; Architektur, bildende Kunst, Design, ..<\/p>\n\n\n\n<p>Da viele meiner Vorfahren im medizinischen Bereich t\u00e4tig waren, hat mich auch dieser Bereich immer interessiert.<\/p>\n\n\n\n<p>Mit ca. 16 Jahren habe ich zuf\u00e4llig in einer Zeitschrift einen Artikel \u00fcber Ivo Pitanguy gelesen, einem der Ur-V\u00e4ter der Plastischen Chirurgie. Einer seiner Leitspr\u00fcche war: &#8222;Sch\u00f6nheit f\u00fcr alle!&#8220; \ud83d\ude42 Den Spruch finde ich nach wie vor passend &#8211; jeder Mensch sollte das Recht auf &#8222;Sich-Sch\u00f6n-F\u00fchlen&#8220; und sich in seinem eigenen K\u00f6rper Wohlf\u00fchlen haben&#8230;.und wenn man daf\u00fcr etwas nachhelfen muss, dann ist das auch ok. <\/p>\n\n\n\n<p>Da war dann die Idee geboren meine beiden Interessen Medizin &amp; Formen zu verbinden. Schon mein Studium in Wien und auch alle Ferialjobs haben sich immer m\u00f6glichst in der N\u00e4he und mit bezug zur Plastischen Chirurgie abgespielt.<\/p>\n\n\n\n<p>Nach vielen Jahren in der Plastischen Chirurgie kann ich sagen, dass es ein sehr verantwortungsvoller und manchmal auch fordernder Beruf ist. Da ich aber genau das mache, was sich immer schon machen wollte habe ich meistens nicht das Gef\u00fchl zu &#8222;arbeiten&#8220;. Es ist ein wundersch\u00f6nes Gef\u00fchl Menschen helfen zu k\u00f6nnen und Ihnen mehr Lebensqualit\u00e4t zu schenken!<\/p>\n\n\n\n<p><\/p>\n\n\n\n<h5 class=\"wp-block-heading\">Frage 2<\/h5>\n\n\n\n<h5 class=\"wp-block-heading\">Warum sollte ich meine OP bei Ihnen durchf\u00fchren lassen..?<\/h5>\n\n\n\n<p>Antwort:<\/p>\n\n\n\n<p>Wir stehen f\u00fcr nat\u00fcrliche Ergebnisse. Resultate sollen nicht nur f\u00fcr den Moment gedacht sein, sondern auch immer auch den l\u00e4ngerfristigen und gesundheitlichen Aspekt ber\u00fccksichtigen.<\/p>\n\n\n\n<p>Wir sind immer am Puls der Zeit, arbeiten mit den modernsten Techniken &#8211; wenn sie tats\u00e4chlich einen Mehrwert bringen:<\/p>\n\n\n\n<p>Die Preserve-Methode von Motiva halte ich zum Beisliel f\u00fcr richtungsweisend: Brustvergr\u00f6sserung mit kurzem Schnitt, schonendes Einbringen der superweichen Implantate, m\u00f6glichst kurze Ausfallzeit&#8230;alles Dinge die unserem modernen Lebensstil entsprechen.<\/p>\n\n\n\n<p>Sch\u00f6nheit spielt heute mehr denn je vor allem bei den Jugendlichen eine grosse Rolle. <\/p>\n\n\n\n<p>Aber Fakt ist: Sch\u00f6nheit ist nicht gerecht verteilt. Aber warum muss ich mich ein Leben lang damit abfinden. Logischweise k\u00f6nnen wir Plastische Chirurgen nicht zaubern. Das betonen wir speziell in Europa bei jedem Aufkl\u00e4rungsgespr\u00e4ch. Aber sanft nachhelfen, die sch\u00f6nen Aspekte eines Gesichtes oder K\u00f6rpers unterstreichen und betonen &#8211; das k\u00f6nnen wir sehr wohl. Dazu braucht es einen ehrlichen Partner im Sinne eines erfahrenen, einf\u00fchlsamen und leidenschaftlichen Plastischen Chirurgen. Als solchen sehe ich mich. Und wenn etwas einmal keinen Sinn macht oder unrealistisch ist, werde ich das meiner Patientin oder meinen Patienten auch sagen!<\/p>\n\n\n\n<p><\/p>\n\n\n\n<h5 class=\"wp-block-heading\">Frage 3<\/h5>\n\n\n\n<h5 class=\"wp-block-heading\">Wie lange sind Sie schon Plastischer Chirurg und was hat sich im Laufe dieser Zeit ver\u00e4ndert..?<\/h5>\n\n\n\n<p>Antwort: <\/p>\n\n\n\n<p>Ich habe genau am 1. J\u00e4nner 2000 meine chirurgische Basis-Ausbildung begonnen&#8230;und schon davor war alles in Richtung Plastische Chirurgie ausgerichtet&#8230;.ob beim Sezierkurs oder bei medizinischen Ferienjobs. Die Richtung war f\u00fcr mich immer klar. Ich mache meinen Job extrem gerne. Es ist nicht immer nur leicht &#8211; aber unterm Strich gibt es f\u00fcr mich nichts sch\u00f6neres als durch meine Arbeit Menschen ein neues Lebensgef\u00fchl schenken zu k\u00f6nnen!<\/p>\n\n\n\n<p><\/p>\n\n\n\n<h5 class=\"wp-block-heading\">Frage 4<\/h5>\n\n\n\n<h5 class=\"wp-block-heading\">Was sind die Trends in der \u00c4sthetischen Chirurgie und \u00c4sthetischen Medizin..?<\/h5>\n\n\n\n<p>Antwort: <\/p>\n\n\n\n<p>Eigentlich geht es wie auch vor 10 oder 30 Jahren um Harmonie und Gesp\u00fcr f\u00fcr Proportionen<\/p>\n\n\n\n<p>Ger\u00e4te mit Hitze wie Ultraschall oder Radiofrequenz werden immer energiest\u00e4rker&#8230;die Frage ist aber, ob das dem Gewebe noch gut tut&#8230;hier sind viele Kollegen und ich eher skeptisch. Ein Facelift ist f\u00fcr eine nat\u00fcrliche und effektive Frische im Gesicht nach wie vor der gold-standard &#8211; und wird es in 10, 20 Jahren auch noch sein!<\/p>\n\n\n\n<p><\/p>\n\n\n\n<h5 class=\"wp-block-heading\">Frage 5<\/h5>\n\n\n\n<h5 class=\"wp-block-heading\">Was sind Ihre neuesten Innovationen..?<\/h5>\n\n\n\n<p>Antwort: <\/p>\n\n\n\n<p><strong>Minimalinvasive und schonende Brustvergr\u00f6sserung<\/strong>: seit 2026 bieten wir offiziell die Preserve Methode von Motiva an. Eine richtungsweisende neue Brustvergr\u00f6sserungstechnik. Die OP kann sogar in lokaler Bet\u00e4ugung durchgef\u00fchrt werden. Die superweichen neuen Brustimplantate werden mit einer speziellen Einf\u00fchrhilfe \u00fcber einen m\u00f6glichst kleinen Schnitt eingebracht. Ab einer Stunde nach der OP kann man wieder in seine gewohnte Umgebung nahc Hause.<\/p>\n\n\n\n<p><strong>Starke Effekt wie beim Deep Plane Facelift<\/strong>, aber mit Schwerpunkt auf Gesamtharmonie, Risiko und Ausfallzeit. Meist bieten Kombinationen bessere und harmonischere Ergebnisse als ein Werkzeug wie das Straffen alleine voll auszureitzen.<\/p>\n\n\n\n<p><strong>Gewebeschonende Nasenchirurgie <\/strong>mit Einfl\u00fcssen aus der Preservation Rhinoplasty. Es muss aber immer individuell abgekl\u00e4rt werden, welches Ergebnis ich mir erwarte. Sch\u00f6nheitsideale sind heute mehr denn je individuell. Und wer einen &#8222;Schwung&#8220; im Bereich des Nasenr\u00fcckens w\u00fcnscht (und das wollen immer noch viele Patientinnen) wird mit der Preservation Rhinoplasty m\u00f6glicherweise nicht gl\u00fccklich sein&#8230;<\/p>","protected":false},"excerpt":{"rendered":"<p>Dr. Peter Durnig &#8211; erfahrener Plastischer Chirurg in Klagenfurt K\u00e4rnten<\/p>","protected":false},"author":4,"featured_media":8326,"comment_status":"closed","ping_status":"closed","sticky":false,"template":"","format":"standard","meta":{"_acf_changed":false,"footnotes":""},"categories":[5,53],"class_list":["post-8299","post","type-post","status-publish","format-standard","has-post-thumbnail","hentry","category-gesicht","category-brust-korper"],"acf":[],"yoast_head":"<!-- This site is optimized with the Yoast SEO plugin v26.8 - https:\/\/yoast.com\/product\/yoast-seo-wordpress\/ -->\n<title>Dr. Peter Durnig Klagenfurt K\u00e4rnten | Dr. Peter DURNIG<\/title>\n<meta name=\"description\" content=\"Dr. Peter Durnig in Klagenfurt K\u00e4rnten - internationale Ausbildung, breiter Erfahrungsschatz und Gef\u00fchl f\u00fcr Proportionen\" \/>\n<meta name=\"robots\" content=\"index, follow, max-snippet:-1, max-image-preview:large, max-video-preview:-1\" \/>\n<link rel=\"canonical\" href=\"https:\/\/medicalbeautyconcepts.com\/en\/dr-med-peter-durnig\/\" \/>\n<meta property=\"og:locale\" content=\"en_GB\" \/>\n<meta property=\"og:type\" content=\"article\" \/>\n<meta property=\"og:title\" content=\"Dr. Peter Durnig Klagenfurt K\u00e4rnten | Dr. Peter DURNIG\" \/>\n<meta property=\"og:description\" content=\"Dr. Peter Durnig in Klagenfurt K\u00e4rnten - internationale Ausbildung, breiter Erfahrungsschatz und Gef\u00fchl f\u00fcr Proportionen\" \/>\n<meta property=\"og:url\" content=\"https:\/\/medicalbeautyconcepts.com\/en\/dr-med-peter-durnig\/\" \/>\n<meta property=\"og:site_name\" content=\"Medical Beauty Concepts\" \/>\n<meta property=\"article:published_time\" content=\"2015-02-02T08:38:00+00:00\" \/>\n<meta property=\"article:modified_time\" content=\"2026-03-10T08:50:15+00:00\" \/>\n<meta property=\"og:image\" content=\"https:\/\/medicalbeautyconcepts.com\/wp-content\/uploads\/2026\/02\/Dr.-Peter-Durnig-Plastische-Chiurgie-Klatgenfurt-Kaernten-scaled.jpg\" \/>\n\t<meta property=\"og:image:width\" content=\"1707\" \/>\n\t<meta property=\"og:image:height\" content=\"2560\" \/>\n\t<meta property=\"og:image:type\" content=\"image\/jpeg\" \/>\n<meta name=\"author\" content=\"Peter Durnig\" \/>\n<meta name=\"twitter:card\" content=\"summary_large_image\" \/>\n<meta name=\"twitter:label1\" content=\"Written by\" \/>\n\t<meta name=\"twitter:data1\" content=\"Peter Durnig\" \/>\n\t<meta name=\"twitter:label2\" content=\"Estimated reading time\" \/>\n\t<meta name=\"twitter:data2\" content=\"15 minutes\" \/>\n<script type=\"application\/ld+json\" class=\"yoast-schema-graph\">{\"@context\":\"https:\/\/schema.org\",\"@graph\":[{\"@type\":\"Article\",\"@id\":\"https:\/\/medicalbeautyconcepts.com\/dr-med-peter-durnig\/#article\",\"isPartOf\":{\"@id\":\"https:\/\/medicalbeautyconcepts.com\/dr-med-peter-durnig\/\"},\"author\":{\"name\":\"Peter Durnig\",\"@id\":\"https:\/\/medicalbeautyconcepts.com\/#\/schema\/person\/b6dca7ffe5e5e727fe1435c337befccf\"},\"headline\":\"Dr. med. Peter DURNIG\",\"datePublished\":\"2015-02-02T08:38:00+00:00\",\"dateModified\":\"2026-03-10T08:50:15+00:00\",\"mainEntityOfPage\":{\"@id\":\"https:\/\/medicalbeautyconcepts.com\/dr-med-peter-durnig\/\"},\"wordCount\":2529,\"publisher\":{\"@id\":\"https:\/\/medicalbeautyconcepts.com\/#organization\"},\"image\":{\"@id\":\"https:\/\/medicalbeautyconcepts.com\/dr-med-peter-durnig\/#primaryimage\"},\"thumbnailUrl\":\"https:\/\/medicalbeautyconcepts.com\/wp-content\/uploads\/2026\/02\/Dr.-Peter-Durnig-Plastische-Chiurgie-Klatgenfurt-Kaernten-scaled.jpg\",\"articleSection\":[\"Gesicht\",\"Brust\"],\"inLanguage\":\"en-GB\"},{\"@type\":\"WebPage\",\"@id\":\"https:\/\/medicalbeautyconcepts.com\/dr-med-peter-durnig\/\",\"url\":\"https:\/\/medicalbeautyconcepts.com\/dr-med-peter-durnig\/\",\"name\":\"Dr. Peter Durnig Klagenfurt K\u00e4rnten | Dr. Peter DURNIG\",\"isPartOf\":{\"@id\":\"https:\/\/medicalbeautyconcepts.com\/#website\"},\"primaryImageOfPage\":{\"@id\":\"https:\/\/medicalbeautyconcepts.com\/dr-med-peter-durnig\/#primaryimage\"},\"image\":{\"@id\":\"https:\/\/medicalbeautyconcepts.com\/dr-med-peter-durnig\/#primaryimage\"},\"thumbnailUrl\":\"https:\/\/medicalbeautyconcepts.com\/wp-content\/uploads\/2026\/02\/Dr.-Peter-Durnig-Plastische-Chiurgie-Klatgenfurt-Kaernten-scaled.jpg\",\"datePublished\":\"2015-02-02T08:38:00+00:00\",\"dateModified\":\"2026-03-10T08:50:15+00:00\",\"description\":\"Dr. Peter Durnig in Klagenfurt K\u00e4rnten - internationale Ausbildung, breiter Erfahrungsschatz und Gef\u00fchl f\u00fcr Proportionen\",\"breadcrumb\":{\"@id\":\"https:\/\/medicalbeautyconcepts.com\/dr-med-peter-durnig\/#breadcrumb\"},\"inLanguage\":\"en-GB\",\"potentialAction\":[{\"@type\":\"ReadAction\",\"target\":[\"https:\/\/medicalbeautyconcepts.com\/dr-med-peter-durnig\/\"]}]},{\"@type\":\"ImageObject\",\"inLanguage\":\"en-GB\",\"@id\":\"https:\/\/medicalbeautyconcepts.com\/dr-med-peter-durnig\/#primaryimage\",\"url\":\"https:\/\/medicalbeautyconcepts.com\/wp-content\/uploads\/2026\/02\/Dr.-Peter-Durnig-Plastische-Chiurgie-Klatgenfurt-Kaernten-scaled.jpg\",\"contentUrl\":\"https:\/\/medicalbeautyconcepts.com\/wp-content\/uploads\/2026\/02\/Dr.-Peter-Durnig-Plastische-Chiurgie-Klatgenfurt-Kaernten-scaled.jpg\",\"width\":1707,\"height\":2560,\"caption\":\"Facharzt f\u00fcr Plastische Chirurgie\"},{\"@type\":\"BreadcrumbList\",\"@id\":\"https:\/\/medicalbeautyconcepts.com\/dr-med-peter-durnig\/#breadcrumb\",\"itemListElement\":[{\"@type\":\"ListItem\",\"position\":1,\"name\":\"Home\",\"item\":\"https:\/\/medicalbeautyconcepts.com\/\"},{\"@type\":\"ListItem\",\"position\":2,\"name\":\"Dr. med. Peter DURNIG\"}]},{\"@type\":\"WebSite\",\"@id\":\"https:\/\/medicalbeautyconcepts.com\/#website\",\"url\":\"https:\/\/medicalbeautyconcepts.com\/\",\"name\":\"Medical Beauty Concepts\",\"description\":\"Premium Aesthetic Medicine\",\"publisher\":{\"@id\":\"https:\/\/medicalbeautyconcepts.com\/#organization\"},\"potentialAction\":[{\"@type\":\"SearchAction\",\"target\":{\"@type\":\"EntryPoint\",\"urlTemplate\":\"https:\/\/medicalbeautyconcepts.com\/?s={search_term_string}\"},\"query-input\":{\"@type\":\"PropertyValueSpecification\",\"valueRequired\":true,\"valueName\":\"search_term_string\"}}],\"inLanguage\":\"en-GB\"},{\"@type\":\"Organization\",\"@id\":\"https:\/\/medicalbeautyconcepts.com\/#organization\",\"name\":\"Medical Beauty Concepts\",\"url\":\"https:\/\/medicalbeautyconcepts.com\/\",\"logo\":{\"@type\":\"ImageObject\",\"inLanguage\":\"en-GB\",\"@id\":\"https:\/\/medicalbeautyconcepts.com\/#\/schema\/logo\/image\/\",\"url\":\"https:\/\/medicalbeautyconcepts.com\/wp-content\/uploads\/2019\/08\/medical-beauty-concepts.png\",\"contentUrl\":\"https:\/\/medicalbeautyconcepts.com\/wp-content\/uploads\/2019\/08\/medical-beauty-concepts.png\",\"width\":442,\"height\":134,\"caption\":\"Medical Beauty Concepts\"},\"image\":{\"@id\":\"https:\/\/medicalbeautyconcepts.com\/#\/schema\/logo\/image\/\"},\"sameAs\":[\"https:\/\/www.instagram.com\/plastischechirurgiegram\/\"]},{\"@type\":\"Person\",\"@id\":\"https:\/\/medicalbeautyconcepts.com\/#\/schema\/person\/b6dca7ffe5e5e727fe1435c337befccf\",\"name\":\"Peter Durnig\"}]}<\/script>\n<!-- \/ Yoast SEO plugin. -->","yoast_head_json":{"title":"Dr. Peter Durnig Klagenfurt K\u00e4rnten | Dr. Peter DURNIG","description":"Dr. Peter Durnig in Klagenfurt K\u00e4rnten - internationale Ausbildung, breiter Erfahrungsschatz und Gef\u00fchl f\u00fcr Proportionen","robots":{"index":"index","follow":"follow","max-snippet":"max-snippet:-1","max-image-preview":"max-image-preview:large","max-video-preview":"max-video-preview:-1"},"canonical":"https:\/\/medicalbeautyconcepts.com\/en\/dr-med-peter-durnig\/","og_locale":"en_GB","og_type":"article","og_title":"Dr. Peter Durnig Klagenfurt K\u00e4rnten | Dr. Peter DURNIG","og_description":"Dr. Peter Durnig in Klagenfurt K\u00e4rnten - internationale Ausbildung, breiter Erfahrungsschatz und Gef\u00fchl f\u00fcr Proportionen","og_url":"https:\/\/medicalbeautyconcepts.com\/en\/dr-med-peter-durnig\/","og_site_name":"Medical Beauty Concepts","article_published_time":"2015-02-02T08:38:00+00:00","article_modified_time":"2026-03-10T08:50:15+00:00","og_image":[{"width":1707,"height":2560,"url":"https:\/\/medicalbeautyconcepts.com\/wp-content\/uploads\/2026\/02\/Dr.-Peter-Durnig-Plastische-Chiurgie-Klatgenfurt-Kaernten-scaled.jpg","type":"image\/jpeg"}],"author":"Peter Durnig","twitter_card":"summary_large_image","twitter_misc":{"Written by":"Peter Durnig","Estimated reading time":"15 minutes"},"schema":{"@context":"https:\/\/schema.org","@graph":[{"@type":"Article","@id":"https:\/\/medicalbeautyconcepts.com\/dr-med-peter-durnig\/#article","isPartOf":{"@id":"https:\/\/medicalbeautyconcepts.com\/dr-med-peter-durnig\/"},"author":{"name":"Peter Durnig","@id":"https:\/\/medicalbeautyconcepts.com\/#\/schema\/person\/b6dca7ffe5e5e727fe1435c337befccf"},"headline":"Dr. med. Peter DURNIG","datePublished":"2015-02-02T08:38:00+00:00","dateModified":"2026-03-10T08:50:15+00:00","mainEntityOfPage":{"@id":"https:\/\/medicalbeautyconcepts.com\/dr-med-peter-durnig\/"},"wordCount":2529,"publisher":{"@id":"https:\/\/medicalbeautyconcepts.com\/#organization"},"image":{"@id":"https:\/\/medicalbeautyconcepts.com\/dr-med-peter-durnig\/#primaryimage"},"thumbnailUrl":"https:\/\/medicalbeautyconcepts.com\/wp-content\/uploads\/2026\/02\/Dr.-Peter-Durnig-Plastische-Chiurgie-Klatgenfurt-Kaernten-scaled.jpg","articleSection":["Gesicht","Brust"],"inLanguage":"en-GB"},{"@type":"WebPage","@id":"https:\/\/medicalbeautyconcepts.com\/dr-med-peter-durnig\/","url":"https:\/\/medicalbeautyconcepts.com\/dr-med-peter-durnig\/","name":"Dr. Peter Durnig Klagenfurt K\u00e4rnten | Dr. Peter DURNIG","isPartOf":{"@id":"https:\/\/medicalbeautyconcepts.com\/#website"},"primaryImageOfPage":{"@id":"https:\/\/medicalbeautyconcepts.com\/dr-med-peter-durnig\/#primaryimage"},"image":{"@id":"https:\/\/medicalbeautyconcepts.com\/dr-med-peter-durnig\/#primaryimage"},"thumbnailUrl":"https:\/\/medicalbeautyconcepts.com\/wp-content\/uploads\/2026\/02\/Dr.-Peter-Durnig-Plastische-Chiurgie-Klatgenfurt-Kaernten-scaled.jpg","datePublished":"2015-02-02T08:38:00+00:00","dateModified":"2026-03-10T08:50:15+00:00","description":"Dr. Peter Durnig in Klagenfurt K\u00e4rnten - internationale Ausbildung, breiter Erfahrungsschatz und Gef\u00fchl f\u00fcr Proportionen","breadcrumb":{"@id":"https:\/\/medicalbeautyconcepts.com\/dr-med-peter-durnig\/#breadcrumb"},"inLanguage":"en-GB","potentialAction":[{"@type":"ReadAction","target":["https:\/\/medicalbeautyconcepts.com\/dr-med-peter-durnig\/"]}]},{"@type":"ImageObject","inLanguage":"en-GB","@id":"https:\/\/medicalbeautyconcepts.com\/dr-med-peter-durnig\/#primaryimage","url":"https:\/\/medicalbeautyconcepts.com\/wp-content\/uploads\/2026\/02\/Dr.-Peter-Durnig-Plastische-Chiurgie-Klatgenfurt-Kaernten-scaled.jpg","contentUrl":"https:\/\/medicalbeautyconcepts.com\/wp-content\/uploads\/2026\/02\/Dr.-Peter-Durnig-Plastische-Chiurgie-Klatgenfurt-Kaernten-scaled.jpg","width":1707,"height":2560,"caption":"Facharzt f\u00fcr Plastische Chirurgie"},{"@type":"BreadcrumbList","@id":"https:\/\/medicalbeautyconcepts.com\/dr-med-peter-durnig\/#breadcrumb","itemListElement":[{"@type":"ListItem","position":1,"name":"Home","item":"https:\/\/medicalbeautyconcepts.com\/"},{"@type":"ListItem","position":2,"name":"Dr. med. Peter DURNIG"}]},{"@type":"WebSite","@id":"https:\/\/medicalbeautyconcepts.com\/#website","url":"https:\/\/medicalbeautyconcepts.com\/","name":"Medical Beauty Concepts","description":"Premium Aesthetic Medicine","publisher":{"@id":"https:\/\/medicalbeautyconcepts.com\/#organization"},"potentialAction":[{"@type":"SearchAction","target":{"@type":"EntryPoint","urlTemplate":"https:\/\/medicalbeautyconcepts.com\/?s={search_term_string}"},"query-input":{"@type":"PropertyValueSpecification","valueRequired":true,"valueName":"search_term_string"}}],"inLanguage":"en-GB"},{"@type":"Organization","@id":"https:\/\/medicalbeautyconcepts.com\/#organization","name":"Medical Beauty Concepts","url":"https:\/\/medicalbeautyconcepts.com\/","logo":{"@type":"ImageObject","inLanguage":"en-GB","@id":"https:\/\/medicalbeautyconcepts.com\/#\/schema\/logo\/image\/","url":"https:\/\/medicalbeautyconcepts.com\/wp-content\/uploads\/2019\/08\/medical-beauty-concepts.png","contentUrl":"https:\/\/medicalbeautyconcepts.com\/wp-content\/uploads\/2019\/08\/medical-beauty-concepts.png","width":442,"height":134,"caption":"Medical Beauty Concepts"},"image":{"@id":"https:\/\/medicalbeautyconcepts.com\/#\/schema\/logo\/image\/"},"sameAs":["https:\/\/www.instagram.com\/plastischechirurgiegram\/"]},{"@type":"Person","@id":"https:\/\/medicalbeautyconcepts.com\/#\/schema\/person\/b6dca7ffe5e5e727fe1435c337befccf","name":"Peter Durnig"}]}},"_links":{"self":[{"href":"https:\/\/medicalbeautyconcepts.com\/en\/wp-json\/wp\/v2\/posts\/8299","targetHints":{"allow":["GET"]}}],"collection":[{"href":"https:\/\/medicalbeautyconcepts.com\/en\/wp-json\/wp\/v2\/posts"}],"about":[{"href":"https:\/\/medicalbeautyconcepts.com\/en\/wp-json\/wp\/v2\/types\/post"}],"author":[{"embeddable":true,"href":"https:\/\/medicalbeautyconcepts.com\/en\/wp-json\/wp\/v2\/users\/4"}],"replies":[{"embeddable":true,"href":"https:\/\/medicalbeautyconcepts.com\/en\/wp-json\/wp\/v2\/comments?post=8299"}],"version-history":[{"count":31,"href":"https:\/\/medicalbeautyconcepts.com\/en\/wp-json\/wp\/v2\/posts\/8299\/revisions"}],"predecessor-version":[{"id":8412,"href":"https:\/\/medicalbeautyconcepts.com\/en\/wp-json\/wp\/v2\/posts\/8299\/revisions\/8412"}],"wp:featuredmedia":[{"embeddable":true,"href":"https:\/\/medicalbeautyconcepts.com\/en\/wp-json\/wp\/v2\/media\/8326"}],"wp:attachment":[{"href":"https:\/\/medicalbeautyconcepts.com\/en\/wp-json\/wp\/v2\/media?parent=8299"}],"wp:term":[{"taxonomy":"category","embeddable":true,"href":"https:\/\/medicalbeautyconcepts.com\/en\/wp-json\/wp\/v2\/categories?post=8299"}],"curies":[{"name":"wp","href":"https:\/\/api.w.org\/{rel}","templated":true}]}}