{"id":667,"date":"2020-04-28T17:59:38","date_gmt":"2020-04-28T15:59:38","guid":{"rendered":"https:\/\/medicalbeautyconcepts.com\/?p=667"},"modified":"2026-03-03T17:43:27","modified_gmt":"2026-03-03T16:43:27","slug":"narkose-aesthetisch-plastische-chirurgie","status":"publish","type":"post","link":"https:\/\/medicalbeautyconcepts.com\/en\/narkose-aesthetisch-plastische-chirurgie\/","title":{"rendered":"Narkose &#038; \u00c4sthetisch Plastische Chirurgie"},"content":{"rendered":"<p>Was Sie schon immer einen Narkose\u00e4rzt*in fragen wollten, aber nicht konnten, weil Sie vorher eingeschlafen sind&#8230; \ud83d\ude42<\/p>\n\n\n\n<h2 class=\"wp-block-heading\">Welche Narkose ist f\u00fcr mich\/meine Behandlung die beste?<\/h2>\n\n\n\n<p>Narkose &amp; \u00c4sthetisch Plastische Chirurgie &#8211; Narkosen k\u00f6nnen sehr unterschiedlich aussehen. <\/p>\n\n\n\n<p>Welche Narkoseform f\u00fcr welchen \u00e4sthetischen Eingriff am besten geeignet ist, entscheiden Sie mit ihrem Chirurgen gemeinsam. Die wichtigste Rolle bei der Enscheidung sollter aber der Narkosespezialist spielen &#8211; sprich &#8211; Ihr vorgesehender Narkosearzt = An\u00e4sthesist. <\/p>\n\n\n\n<p>In einem Gespr\u00e4ch vor der geplanten Behandlung bzw. Operation werden alle relevanten Themen rund um eine Narkose genau abgekl\u00e4rt und gemeinsam die reichtigen Entscheidungen getroffen. Dieses Gespr\u00e4ch ist in \u00d6sterreich mindestens 14 Tage vor der geplantetn Operation vorgesehen&#8230;.<\/p>\n\n\n\n<h2 class=\"wp-block-heading\">Narkose &amp; \u00c4sthetisch Plastische Chirurgie &#8211; Narkose-Gespr\u00e4ch vor der OP<\/h2>\n\n\n\n<p>Diese Fragen kl\u00e4rt die Narkose\u00e4rzt*in mit Ihnen gemeinsam in einem Gespr\u00e4ch, das mit entsprechender Vorlaufzeit zur Operation durchgef\u00fchrt wird. Dabei werden relevante Fragen genau mit Ihnen besprochen wie:<\/p>\n\n\n\n<ul class=\"wp-block-list\">\n<li>Sind Sie fit f\u00fcr den geplanten Eingriff? Sind <strong>Vorerkrankungen<\/strong> bekannt (vor allem Herz, Lunge, Gerinnung, ..)<\/li>\n\n\n\n<li>Wie waren <strong>bisherige Narkosen<\/strong>? Gab es dabei Probleme..?<\/li>\n\n\n\n<li>Sind <strong>Allergien<\/strong> bekannt?<\/li>\n<\/ul>\n\n\n\n<p>Die Narkose sollte m\u00f6glichst genau an die Operation und an Ihren Gesundheitszustand angepasst werden. Am besten ist ein genaues Zusammenspiel zwischen dem Operateur und dem Narkosearzt. F\u00fcr Ihre Operation werden Sie vom Chirurgen und Narkosearzt genau \u00fcber die geplante Narkoseform aufgekl\u00e4rt und auch \u00fcber m\u00f6gliche Komplikationen informiert. <\/p>\n\n\n\n<p>Im folgenden wollen wir Ihnen einen kurzen \u00dcberblick \u00fcber die verschiedenen M\u00f6glichkeiten &#8211; und bei uns in der Ordination am h\u00e4ufigsten verwendete Methoden &#8211; geben:<\/p>\n\n\n\r\n<div id=\"cta-block_7f4cfc9a391a020b9840e105d7894be0\" class=\"icontext-block\">\r\n\t<div class=\"row\">\r\n\t\t\r\n\t\t<div class=\"col-sm-1 col-12 reveal\">\r\n\t\t\t\t\t\t\t<div class=\"icontext-icon lettter_number\">1<\/div>\r\n\t\t\t\t\t<\/div>\r\n\r\n\t\t<div class=\"col-sm-11 col-12 reveal\">\r\n\t\t\t<div class=\"icontext-text\">\r\n\t\t\t\t<h3>Lokal-An\u00e4sthesie = LA = lokale Bet\u00e4ubung<\/h3>\n<p>Hier erfolgt die Narkose alleine durch <strong>Einbringen von fl\u00fcssiger lokalem Bet\u00e4ubungsmittel<\/strong> in ein zu operierendes Areal mit einer Spritze<\/p>\n<p><strong>sehr gut geeignet bei:<\/strong><\/p>\n<p>kleineren Eingriffen wie Muttermalentfernung, Microlift bis Minilift, Fettabsaugen in einem kleineren Areal (z. B. Hals)<\/p>\n<p>Brustvergr\u00f6sserung mit der Preserve Methode von Motiva<\/p>\n\t\t\t<\/div>\r\n\t\t<\/div>\r\n\r\n\t<\/div>\r\n<\/div>\r\n\n\n\r\n<div id=\"cta-block_644418e1d636fe1d243e165a1178f1a4\" class=\"icontext-block\">\r\n\t<div class=\"row\">\r\n\t\t\r\n\t\t<div class=\"col-sm-1 col-12 reveal\">\r\n\t\t\t\t\t\t\t<div class=\"icontext-icon lettter_number\">2<\/div>\r\n\t\t\t\t\t<\/div>\r\n\r\n\t\t<div class=\"col-sm-11 col-12 reveal\">\r\n\t\t\t<div class=\"icontext-text\">\r\n\t\t\t\t<h3>Lokal-An\u00e4sthesie + D\u00e4mmerschlaf<\/h3>\n<p>Beim D\u00e4mmerschlaf wird vom Narkosearzt (zus\u00e4tzlich zur Lokalen Bet\u00e4ubung durch den Chirurgen) <strong>Schlafmittel und Schmerzmittel \u00fcber die Vene<\/strong> verabreicht. Im Idealfall wird die Menge genau an den Bedarf und den OP-Verlauf angepasst.<\/p>\n<p><strong>sehr gut geeignet bei:<\/strong><\/p>\n<p>fast allen mittelgrossen Plastisch Chirurgischen Eingriffen wie Facelift, Brust-OPs, Lipoabdominoplastik, etc.<\/p>\n\t\t\t<\/div>\r\n\t\t<\/div>\r\n\r\n\t<\/div>\r\n<\/div>\r\n\n\n\r\n<div id=\"cta-block_2330e85854c01efe95250daed31d24f9\" class=\"icontext-block\">\r\n\t<div class=\"row\">\r\n\t\t\r\n\t\t<div class=\"col-sm-1 col-12 reveal\">\r\n\t\t\t\t\t\t\t<div class=\"icontext-icon lettter_number\">3<\/div>\r\n\t\t\t\t\t<\/div>\r\n\r\n\t\t<div class=\"col-sm-11 col-12 reveal\">\r\n\t\t\t<div class=\"icontext-text\">\r\n\t\t\t\t<h3>Vollnarkose = Allgmeinnarkose<\/h3>\n<p>Intubation notwendig = Schlauch in die Luftr\u00f6hre<\/p>\n<p>dazu sind im Normalfall auch Mittel zur Muskelentspannung notwendig<\/p>\n<p><strong>empfehlenswert bei:<\/strong><\/p>\n<p>Operationen bei denen ein Absichern der Atemwege durch die Intubation von Vorteil ist wie zum Beispiel bei der Septorhinoplastik = Nasen-OP<\/p>\n\t\t\t<\/div>\r\n\t\t<\/div>\r\n\r\n\t<\/div>\r\n<\/div>\r\n\n\n\r\n<div id=\"cta-block_b53ff6fd2fe35b13293f42c74433411c\" class=\"icontext-block\">\r\n\t<div class=\"row\">\r\n\t\t\r\n\t\t<div class=\"col-sm-1 col-12 reveal\">\r\n\t\t\t\t\t\t\t<div class=\"icontext-icon lettter_number\">4<\/div>\r\n\t\t\t\t\t<\/div>\r\n\r\n\t\t<div class=\"col-sm-11 col-12 reveal\">\r\n\t\t\t<div class=\"icontext-text\">\r\n\t\t\t\t<h3>Kreuzstich<\/h3>\n<p>bei uns eher selten<\/p>\n<p>theoretisch bei Operationen an den Beinen (wie z. B. Varizen)<\/p>\n\t\t\t<\/div>\r\n\t\t<\/div>\r\n\r\n\t<\/div>\r\n<\/div>\r\n\n\n\n<p>Narkose &amp; \u00c4sthetisch Plastische Chirurgie &#8211; Erst Informationen zur Narkose finden Sie auf den Aufkl\u00e4rungsb\u00f6gen, die die Operation betreffen. Ein spezieller Narkoseaufkl\u00e4rungsbogen wird ebenfalls genau  mit Ihnen besprochen.<\/p>\n\n\n\n<p>Bei Fragen zu Ihrer Narkose, wenden Sie sich bitte jederzeit an uns bzw. Ihre betreuende Narkose\u00e4rztin!<\/p>\n\n\n\n<p>Wertvolle links zu Narkose &amp; Plastisch \u00c4sthetischen Operationen finden Sie hier:<\/p>\n\n\n\n<ul class=\"wp-block-list\">\n<li>\u00d6sterreichische Gesellschaft f\u00fcr An\u00e4sthesiologie, Reanimation und Intensivmedizin = \u00d6GARI: weiterf\u00fchrende wissenschaftlich fundierte <strong><a href=\"http:\/\/\u00d6sterreichische Gesellschaft f\u00fcr An\u00e4sthesiologie, Reanimation und Intensivmedizin\">Informationen zu Narkosen<\/a><\/strong><\/li>\n\n\n\n<li><strong><a href=\"https:\/\/medicalbeautyconcepts.com\/en\/brustop-lidop-liposuction-wrinkle-treatment\/\">\u00c4sthetisch Plastische Operationen und h\u00e4ufige Narkoseformen<\/a><\/strong><\/li>\n\n\n\n<li><\/li>\n<\/ul>\n\n\n\n<hr class=\"wp-block-separator has-alpha-channel-opacity\"\/>\n\n\n\n<p><\/p>\n\n\n\n<h3 class=\"wp-block-heading\">Brustvergr\u00f6sserung &amp; Narkose<\/h3>\n\n\n\n<p><\/p>\n\n\n\n<p>Zur Brustvergr\u00f6sserung k\u00f6nnen im Prinzip alle Narkoseformen verwendet werden.<\/p>\n\n\n\n<p>In letzter Zeit immer popul\u00e4rer wird die Brustvergr\u00f6sserung in <strong>lokaler Bet\u00e4ubung <\/strong>&#8211; fallweise auch erg\u00e4nzt durch leichte Schlafmittel.<\/p>\n\n\n\n<p>Die lokale Bet\u00e4ubung ist durch eine Kombination von mehreren auf maximale Schonung wert legende Komponenten bei der Brustvergr\u00f6sserungs-Technik sehr gut m\u00f6glich. Die modernste und schonendeste Variante der Brustvergr\u00f6sserung ist in unseren Augen mit der <strong><a href=\"https:\/\/medicalbeautyconcepts.com\/en\/preserve-by-motiva-klagenfurt-kaernten\/\">Preserve <\/a><\/strong>Methode von Motiva m\u00f6glich.<\/p>\n\n\n\n<p>Nat\u00fcrlich kann die Narkose auch erweitert werden und auf Wunsch immer auch in D\u00e4mmerschlaf oder schonender Allgmeinenarkose durchgef\u00fchrt werden. <\/p>\n\n\n\n<p>Die richtige Wahl der Narkose ist immer eine sehr individuelle und wird im Rahmen der Aufkl\u00e4rung\/Einwilligung bzw. beim Gespr\u00e4ch mit dem Narkosearzt genau abgestimmt und individuell auf Ihre Bed\u00fcrfnisse und W\u00fcnsche angepasst.<\/p>\n\n\n\n<p><\/p>\n\n\n\n<hr class=\"wp-block-separator has-css-opacity\"\/>\n\n\n\n<p><\/p>\n\n\n\n<h3 class=\"wp-block-heading\">Facelift &amp; Narkose<\/h3>\n\n\n\n<p>So vielf\u00e4ltig wie die verschiedenen Arten eines Facelifts sind, so vielf\u00e4ltig sind auch die M\u00f6glichkeiten bei der Narkose.<\/p>\n\n\n\n<p>Gerade beim Facelift ist ein Anpassen an das genaue Konzept bei der Gesichtsstraffung entscheidend. <\/p>\n\n\n\n<p>Erste Entscheidung ist also immer das Ausma\u00df und die Details beim Facelift. Die Narkoseform kann dann &#8222;ma\u00dfgeschneidert&#8220; angepasst werden.<\/p>\n\n\n\n<p><\/p>\n\n\n\n<hr class=\"wp-block-separator has-css-opacity\"\/>\n\n\n\n<p><\/p>\n\n\n\n<h3 class=\"wp-block-heading\">Fettabsaugung &amp; Narkose<\/h3>\n\n\n\n<p>Die Fettabsagung von kleinen Regionen (z. B. Knie oder Kinn\/Kinnlinie) ist sehr gut in Lokaler Bet\u00e4ubung m\u00f6glich<\/p>\n\n\n\n<p>Werden gr\u00f6ssere Areale oder auch mehrere Regionen abgesaugt ist die Erg\u00e4nzung eines D\u00e4mmerschlaftes zu empfehlen.<\/p>\n\n\n\n<p><\/p>\n\n\n\n<hr class=\"wp-block-separator has-css-opacity\"\/>\n\n\n\n<p><\/p>\n\n\n\n<h3 class=\"wp-block-heading\">Bauchdeckenstraffung &amp; Narkose<\/h3>\n\n\n\n<p>Eine Mini-Abdominoplastik ist gut in Lokaler Bet\u00e4ubung m\u00f6glich<\/p>\n\n\n\n<p>Eine etwas gr\u00f6ssere Bauchdeckenstraffung wie die Lipoabdomioplastik oder ein Hybrid Tummy Tuck sind besser in zus\u00e4tzlichem D\u00e4mmerschlaf durchzuf\u00fchren.<\/p>\n\n\n\n<p><\/p>\n\n\n\n<hr class=\"wp-block-separator has-css-opacity\"\/>\n\n\n\n<h3 class=\"wp-block-heading\">Welche Operationen sind m\u00f6glich?<\/h3>\n\n\n\n<div class=\"wp-block-media-text alignwide is-stacked-on-mobile\" style=\"grid-template-columns:15% auto\"><figure class=\"wp-block-media-text__media\"><img loading=\"lazy\" decoding=\"async\" width=\"602\" height=\"1024\" src=\"https:\/\/medicalbeautyconcepts.com\/wp-content\/uploads\/2022\/09\/Bauchdeckenstraffung-Klagenfurt-Ka\u0308rnten-602x1024.jpg\" alt=\"\" class=\"wp-image-5263 size-full\" srcset=\"https:\/\/medicalbeautyconcepts.com\/wp-content\/uploads\/2022\/09\/Bauchdeckenstraffung-Klagenfurt-Ka\u0308rnten-602x1024.jpg 602w, https:\/\/medicalbeautyconcepts.com\/wp-content\/uploads\/2022\/09\/Bauchdeckenstraffung-Klagenfurt-Ka\u0308rnten-176x300.jpg 176w, https:\/\/medicalbeautyconcepts.com\/wp-content\/uploads\/2022\/09\/Bauchdeckenstraffung-Klagenfurt-Ka\u0308rnten-768x1306.jpg 768w, https:\/\/medicalbeautyconcepts.com\/wp-content\/uploads\/2022\/09\/Bauchdeckenstraffung-Klagenfurt-Ka\u0308rnten-904x1536.jpg 904w, https:\/\/medicalbeautyconcepts.com\/wp-content\/uploads\/2022\/09\/Bauchdeckenstraffung-Klagenfurt-Ka\u0308rnten-1205x2048.jpg 1205w, https:\/\/medicalbeautyconcepts.com\/wp-content\/uploads\/2022\/09\/Bauchdeckenstraffung-Klagenfurt-Ka\u0308rnten-382x650.jpg 382w, https:\/\/medicalbeautyconcepts.com\/wp-content\/uploads\/2022\/09\/Bauchdeckenstraffung-Klagenfurt-Ka\u0308rnten-324x550.jpg 324w, https:\/\/medicalbeautyconcepts.com\/wp-content\/uploads\/2022\/09\/Bauchdeckenstraffung-Klagenfurt-Ka\u0308rnten-scaled.jpg 1506w\" sizes=\"auto, (max-width: 602px) 100vw, 602px\" \/><\/figure><div class=\"wp-block-media-text__content\">\n<p>Click under the heading <a href=\"https:\/\/medicalbeautyconcepts.com\/en\/plastic-surgery-breast-face-body\/\"><strong>BODY auf das entsprechende Areal<\/strong><\/a>. Finden Sie somit alle M\u00f6glichkeiten zu erg\u00e4nzenden Behandlungen oder Operationen in diesen Bereichen&#8230;<\/p>\n<\/div><\/div>\n\n\n\n<hr class=\"wp-block-separator has-css-opacity\"\/>\n\n\n\n<h3 class=\"wp-block-heading\">Wie finden Sie zu uns? &#8211; Beratung zur m\u00f6glichen OP bzw. idealen Narkoseform in Klagenfurt K\u00e4rnten&#8230;<\/h3>\n\n\n\n<p>You can find us here:<\/p>\n\n\n\n<div class=\"wp-block-media-text alignwide is-stacked-on-mobile\" style=\"grid-template-columns:37% auto\"><figure class=\"wp-block-media-text__media\"><img loading=\"lazy\" decoding=\"async\" width=\"1024\" height=\"576\" src=\"https:\/\/medicalbeautyconcepts.com\/wp-content\/uploads\/2022\/01\/Ordination-Schloss-Velden-Dr.-Durnig-Ka\u0308rnten-Plastische-Chirurgie-2-1024x576.jpg\" alt=\"\" class=\"wp-image-4026 size-full\" srcset=\"https:\/\/medicalbeautyconcepts.com\/wp-content\/uploads\/2022\/01\/Ordination-Schloss-Velden-Dr.-Durnig-Ka\u0308rnten-Plastische-Chirurgie-2-1024x576.jpg 1024w, https:\/\/medicalbeautyconcepts.com\/wp-content\/uploads\/2022\/01\/Ordination-Schloss-Velden-Dr.-Durnig-Ka\u0308rnten-Plastische-Chirurgie-2-300x169.jpg 300w, https:\/\/medicalbeautyconcepts.com\/wp-content\/uploads\/2022\/01\/Ordination-Schloss-Velden-Dr.-Durnig-Ka\u0308rnten-Plastische-Chirurgie-2-768x432.jpg 768w, https:\/\/medicalbeautyconcepts.com\/wp-content\/uploads\/2022\/01\/Ordination-Schloss-Velden-Dr.-Durnig-Ka\u0308rnten-Plastische-Chirurgie-2-1536x864.jpg 1536w, https:\/\/medicalbeautyconcepts.com\/wp-content\/uploads\/2022\/01\/Ordination-Schloss-Velden-Dr.-Durnig-Ka\u0308rnten-Plastische-Chirurgie-2-2048x1152.jpg 2048w, https:\/\/medicalbeautyconcepts.com\/wp-content\/uploads\/2022\/01\/Ordination-Schloss-Velden-Dr.-Durnig-Ka\u0308rnten-Plastische-Chirurgie-2-1920x1080.jpg 1920w, https:\/\/medicalbeautyconcepts.com\/wp-content\/uploads\/2022\/01\/Ordination-Schloss-Velden-Dr.-Durnig-Ka\u0308rnten-Plastische-Chirurgie-2-550x309.jpg 550w, https:\/\/medicalbeautyconcepts.com\/wp-content\/uploads\/2022\/01\/Ordination-Schloss-Velden-Dr.-Durnig-Ka\u0308rnten-Plastische-Chirurgie-2-740x416.jpg 740w\" sizes=\"auto, (max-width: 1024px) 100vw, 1024px\" \/><\/figure><div class=\"wp-block-media-text__content\">\n<p>In unserer Ordination (hier im Bild Falkensteiner Schlosshotel in Velden am W\u00f6rthersee) bieten wir Ihnen eine <strong>ausf\u00fchrliche Beratung <\/strong>zu Ihrer geplanten Operation.<\/p>\n<\/div><\/div>\n\n\n\n<ul class=\"wp-block-list\">\n<li><strong>Ordination Klagenfurt<\/strong> Domplatz: Lidmanskygasse 8, 9020 Klagenfurt am W\u00f6rthersee<\/li>\n\n\n\n<li><strong>Ordination Velden<\/strong> Falkensteiner Schlosshotel Velden: Schlosspark 1, 9220 Velden am W\u00f6rthersee<\/li>\n\n\n\n<li><strong>AestheticOP Private Surgery Klagenfurt<\/strong>: Stauderplatz 5, 9020 Klagenfurt am W\u00f6rthersee<\/li>\n\n\n\n<li><strong>Hospital Barmherzige Br\u00fcder Sankt Veit\/Glan<\/strong>: Spitalgasse 26, 9300 Sankt Veit\/Glan<\/li>\n\n\n\n<li><strong>Private Clinic Maria Hilf Humanomed<\/strong>: Radetzkystrasse 35, 9200 Klagenfurt am W\u00f6rthersee<\/li>\n<\/ul>\n\n\n\n<p>If you are from <strong>Carinthia<\/strong> (Klagenfurt, Villach, Wolfsberg, Feldkirchen, St. Veit an der Glan, Spittal an der Drau, V\u00f6lkermarkt, Friesach, Velden, etc.) will find the right way to us\u2026<\/p>\n\n\n\n<ul class=\"wp-block-list\">\n<li>Arrival by <strong><a href=\"https:\/\/www.viamichelin.at\/web\/Routenplaner\">car<\/a><\/strong><\/li>\n\n\n\n<li>Arrival with the <strong><a href=\"https:\/\/routenplaner.kaerntner-linien.at\/\">K\u00e4rntner Linien<\/a><\/strong><\/li>\n\n\n\n<li>Arrival by <strong><a href=\"https:\/\/www.thetrainline.com\/de\/bahnunternehmen\/oebb?gclid=CjwKCAiA866PBhAYEiwANkIneObaU4BXugWRZ_eYJrlCQYl17QYxAPHksLgX_aDQNT4njLiz9mhnFxoCojwQAvD_BwE&amp;gclsrc=aw.ds\">Train<\/a><\/strong><\/li>\n<\/ul>\n\n\n\n<p>You are traveling <strong>Vienna\/Lower Austria\/Burgenland<\/strong> (Vienna, St. P\u00f6lten, Wiener Neustadt, Klosterneuburg, Baden, Krems, Amstetten, M\u00f6dling, Traiskirchen, Schwechat, Stockerau, Tulln, Korneuburg, Eisenstadt) <strong>Upper Austria <\/strong>(Linz, Leonding, Bad Ischl, Wels, Steyr, Traun, Enns, Ried, Braunau, Ansfelden, Marchtrenk, V\u00f6cklabruck) <strong>Salzburg<\/strong> (Salzburg, Hallein, Saalfelden, St. Johann, Bischofshofen, Seekirchen) <strong>Styria <\/strong>(Leoben, Kapfenberg, Judenburg, Liezen, Murau, Feldbach, Gratwein, Knittelfeld, Leibnitz, Deutschlandsberg, Weitz, Mariazell, Admont, Schladming, Bruck an der Mur) <strong>Tyrol\/Vorarlberg<\/strong> (Innsbruck, Kufstein, Telfs, Schwaz, Hall, W\u00f6rgl, Lienz, Feldkirch, Bregenz, Lustenau, Hohenems, Bludenz, Hard)? This is how you find the right way to us...<\/p>\n\n\n\n<ul class=\"wp-block-list\">\n<li>Arrival by <strong><a href=\"https:\/\/www.viamichelin.at\/web\/Routenplaner\">car<\/a><\/strong><\/li>\n\n\n\n<li>Arrival by <strong><a href=\"https:\/\/www.thetrainline.com\/de\/bahnunternehmen\/oebb?gclid=CjwKCAiA866PBhAYEiwANkIneObaU4BXugWRZ_eYJrlCQYl17QYxAPHksLgX_aDQNT4njLiz9mhnFxoCojwQAvD_BwE&amp;gclsrc=aw.ds\">Train<\/a><\/strong><\/li>\n\n\n\n<li>Arrival by <strong><a href=\"https:\/\/airport-klagenfurt.at\/\">Airplane<\/a><\/strong><\/li>\n<\/ul>\n\n\n\n<p><\/p>\n\n\n\n<hr class=\"wp-block-separator has-css-opacity\"\/>\n\n\n\n<p><\/p>\n\n\n\n<h3 class=\"wp-block-heading\">Where does the consultation\/information take place?<\/h3>\n\n\n\n<p>You can find us here:<\/p>\n\n\n\n<ul class=\"wp-block-list\">\n<li><strong>Ordination Klagenfurt<\/strong> Domplatz: Lidmanskygasse 8, 9020 Klagenfurt am W\u00f6rthersee<\/li>\n<\/ul>\n\n\n\n<div class=\"wp-block-media-text is-stacked-on-mobile\" style=\"grid-template-columns:37% auto\"><figure class=\"wp-block-media-text__media\"><img loading=\"lazy\" decoding=\"async\" width=\"1024\" height=\"683\" src=\"https:\/\/medicalbeautyconcepts.com\/wp-content\/uploads\/2024\/09\/Ordination-Dr.-Durnig-Lidmanskygasse-8-1024x683.jpg\" alt=\"\" class=\"wp-image-7397 size-full\" srcset=\"https:\/\/medicalbeautyconcepts.com\/wp-content\/uploads\/2024\/09\/Ordination-Dr.-Durnig-Lidmanskygasse-8-1024x683.jpg 1024w, https:\/\/medicalbeautyconcepts.com\/wp-content\/uploads\/2024\/09\/Ordination-Dr.-Durnig-Lidmanskygasse-8-300x200.jpg 300w, https:\/\/medicalbeautyconcepts.com\/wp-content\/uploads\/2024\/09\/Ordination-Dr.-Durnig-Lidmanskygasse-8-768x512.jpg 768w, https:\/\/medicalbeautyconcepts.com\/wp-content\/uploads\/2024\/09\/Ordination-Dr.-Durnig-Lidmanskygasse-8-1536x1024.jpg 1536w, https:\/\/medicalbeautyconcepts.com\/wp-content\/uploads\/2024\/09\/Ordination-Dr.-Durnig-Lidmanskygasse-8-2048x1366.jpg 2048w, https:\/\/medicalbeautyconcepts.com\/wp-content\/uploads\/2024\/09\/Ordination-Dr.-Durnig-Lidmanskygasse-8-550x367.jpg 550w, https:\/\/medicalbeautyconcepts.com\/wp-content\/uploads\/2024\/09\/Ordination-Dr.-Durnig-Lidmanskygasse-8-740x493.jpg 740w\" sizes=\"auto, (max-width: 1024px) 100vw, 1024px\" \/><\/figure><div class=\"wp-block-media-text__content\">\n<p>Welcome to our practice in the center of Klagenfurt. We are happy to discuss all your <strong>Fragen &amp; W\u00fcnsche zur <\/strong>Ihrer OP und idealen Narkose.<\/p>\n<\/div><\/div>\n\n\n\n<ul class=\"wp-block-list\">\n<li><strong>Ordination Velden<\/strong> Falkensteiner Schlosshotel Velden: Schlosspark 1, 9220 Velden am W\u00f6rthersee<\/li>\n<\/ul>\n\n\n\n<div class=\"wp-block-media-text alignwide is-stacked-on-mobile\" style=\"grid-template-columns:37% auto\"><figure class=\"wp-block-media-text__media\"><img loading=\"lazy\" decoding=\"async\" width=\"1024\" height=\"576\" src=\"https:\/\/medicalbeautyconcepts.com\/wp-content\/uploads\/2022\/01\/Ordination-Schloss-Velden-Dr.-Durnig-Ka\u0308rnten-Plastische-Chirurgie-2-1024x576.jpg\" alt=\"\" class=\"wp-image-4026 size-full\" srcset=\"https:\/\/medicalbeautyconcepts.com\/wp-content\/uploads\/2022\/01\/Ordination-Schloss-Velden-Dr.-Durnig-Ka\u0308rnten-Plastische-Chirurgie-2-1024x576.jpg 1024w, https:\/\/medicalbeautyconcepts.com\/wp-content\/uploads\/2022\/01\/Ordination-Schloss-Velden-Dr.-Durnig-Ka\u0308rnten-Plastische-Chirurgie-2-300x169.jpg 300w, https:\/\/medicalbeautyconcepts.com\/wp-content\/uploads\/2022\/01\/Ordination-Schloss-Velden-Dr.-Durnig-Ka\u0308rnten-Plastische-Chirurgie-2-768x432.jpg 768w, https:\/\/medicalbeautyconcepts.com\/wp-content\/uploads\/2022\/01\/Ordination-Schloss-Velden-Dr.-Durnig-Ka\u0308rnten-Plastische-Chirurgie-2-1536x864.jpg 1536w, https:\/\/medicalbeautyconcepts.com\/wp-content\/uploads\/2022\/01\/Ordination-Schloss-Velden-Dr.-Durnig-Ka\u0308rnten-Plastische-Chirurgie-2-2048x1152.jpg 2048w, https:\/\/medicalbeautyconcepts.com\/wp-content\/uploads\/2022\/01\/Ordination-Schloss-Velden-Dr.-Durnig-Ka\u0308rnten-Plastische-Chirurgie-2-1920x1080.jpg 1920w, https:\/\/medicalbeautyconcepts.com\/wp-content\/uploads\/2022\/01\/Ordination-Schloss-Velden-Dr.-Durnig-Ka\u0308rnten-Plastische-Chirurgie-2-550x309.jpg 550w, https:\/\/medicalbeautyconcepts.com\/wp-content\/uploads\/2022\/01\/Ordination-Schloss-Velden-Dr.-Durnig-Ka\u0308rnten-Plastische-Chirurgie-2-740x416.jpg 740w\" sizes=\"auto, (max-width: 1024px) 100vw, 1024px\" \/><\/figure><div class=\"wp-block-media-text__content\">\n<p>In unserer Ordination im Falkensteiner Schlosshotel in Velden bieten wir auf spezielle Anfrage ebenfalls gerne eine Beratung vor Ihrer geplanten OP mit der individuell passenden Narkose an.<\/p>\n<\/div><\/div>\n\n\n\n<p>If you are from <strong>Carinthia<\/strong> (Klagenfurt, Villach, Wolfsberg, Feldkirchen, St. Veit an der Glan, Spittal an der Drau, V\u00f6lkermarkt, Friesach, Velden, etc.), you will find the right way to us...<\/p>\n\n\n\n<ul class=\"wp-block-list\">\n<li>Arrival by <strong><a href=\"https:\/\/www.viamichelin.at\/web\/Routenplaner\">car<\/a><\/strong><\/li>\n\n\n\n<li>Arrival with the <strong><a href=\"https:\/\/routenplaner.kaerntner-linien.at\/\">K\u00e4rntner Linien<\/a><\/strong><\/li>\n\n\n\n<li>Arrival by <strong><a href=\"https:\/\/www.thetrainline.com\/de\/bahnunternehmen\/oebb?gclid=CjwKCAiA866PBhAYEiwANkIneObaU4BXugWRZ_eYJrlCQYl17QYxAPHksLgX_aDQNT4njLiz9mhnFxoCojwQAvD_BwE&amp;gclsrc=aw.ds\">Train<\/a><\/strong><\/li>\n<\/ul>\n\n\n\n<p>You are traveling <strong>Vienna\/Lower Austria\/Burgenland<\/strong> (Vienna, St. P\u00f6lten, Wiener Neustadt, Klosterneuburg, Baden, Krems, Amstetten, M\u00f6dling, Traiskirchen, Schwechat, Stockerau, Tulln, Korneuburg, Eisenstadt) <strong>Upper Austria <\/strong>(Linz, Leonding, Bad Ischl, Wels, Steyr, Traun, Enns, Ried, Braunau, Ansfelden, Marchtrenk, V\u00f6cklabruck) <strong>Salzburg<\/strong> (Salzburg, Hallein, Saalfelden, St. Johann, Bischofshofen, Seekirchen) <strong>Styria <\/strong>(Leoben, Kapfenberg, Judenburg, Liezen, Murau, Feldbach, Gratwein, Knittelfeld, Leibnitz, Deutschlandsberg, Weitz, Mariazell, Admont, Schladming, Bruck an der Mur) <strong>Tyrol\/Vorarlberg<\/strong> (Innsbruck, Kufstein, Telfs, Schwaz, Hall, W\u00f6rgl, Lienz, Feldkirch, Bregenz, Lustenau, Hohenems, Bludenz, Hard)? This is how you find the right way to us...<\/p>\n\n\n\n<ul class=\"wp-block-list\">\n<li>Arrival by <strong><a href=\"https:\/\/www.viamichelin.at\/web\/Routenplaner\">car<\/a><\/strong><\/li>\n\n\n\n<li>Arrival by <strong><a href=\"https:\/\/www.thetrainline.com\/de\/bahnunternehmen\/oebb?gclid=CjwKCAiA866PBhAYEiwANkIneObaU4BXugWRZ_eYJrlCQYl17QYxAPHksLgX_aDQNT4njLiz9mhnFxoCojwQAvD_BwE&amp;gclsrc=aw.ds\">Train<\/a><\/strong><\/li>\n\n\n\n<li>Arrival by <strong><a href=\"https:\/\/airport-klagenfurt.at\/\">Airplane<\/a><\/strong><\/li>\n\n\n\n<li><\/li>\n<\/ul>\n\n\n\n<hr class=\"wp-block-separator has-alpha-channel-opacity\"\/>\n\n\n\n<h3 class=\"wp-block-heading\">Where is my surgery?<\/h3>\n\n\n\n<h4 class=\"wp-block-heading\"><strong>AestheticOP Private Surgery Klagenfurt<\/strong>: Stauderplatz 5, 9020 Klagenfurt am W\u00f6rthersee<\/h4>\n\n\n\n<div class=\"wp-block-media-text alignwide is-stacked-on-mobile\" style=\"grid-template-columns:43% auto\"><figure class=\"wp-block-media-text__media\"><img loading=\"lazy\" decoding=\"async\" width=\"841\" height=\"1024\" src=\"https:\/\/medicalbeautyconcepts.com\/wp-content\/uploads\/2024\/03\/Empfang-Aesthetic-OP-841x1024.jpg\" alt=\"\" class=\"wp-image-6919 size-full\" srcset=\"https:\/\/medicalbeautyconcepts.com\/wp-content\/uploads\/2024\/03\/Empfang-Aesthetic-OP-841x1024.jpg 841w, https:\/\/medicalbeautyconcepts.com\/wp-content\/uploads\/2024\/03\/Empfang-Aesthetic-OP-246x300.jpg 246w, https:\/\/medicalbeautyconcepts.com\/wp-content\/uploads\/2024\/03\/Empfang-Aesthetic-OP-768x936.jpg 768w, https:\/\/medicalbeautyconcepts.com\/wp-content\/uploads\/2024\/03\/Empfang-Aesthetic-OP-1261x1536.jpg 1261w, https:\/\/medicalbeautyconcepts.com\/wp-content\/uploads\/2024\/03\/Empfang-Aesthetic-OP-1681x2048.jpg 1681w, https:\/\/medicalbeautyconcepts.com\/wp-content\/uploads\/2024\/03\/Empfang-Aesthetic-OP-534x650.jpg 534w, https:\/\/medicalbeautyconcepts.com\/wp-content\/uploads\/2024\/03\/Empfang-Aesthetic-OP-452x550.jpg 452w\" sizes=\"auto, (max-width: 841px) 100vw, 841px\" \/><\/figure><div class=\"wp-block-media-text__content\">\n<p>Welcome to the new AestheticOP!<\/p>\n\n\n\n<p>operations on <strong>highest quality level <\/strong>im Zentrum von Klagenfurt. F\u00fcr <strong>sichere<\/strong> operative Behandlungen in gem\u00fctlicher Atmosph\u00e4re. Wir freuen uns, Sie im neuen OP begr\u00fc\u00dfen zu d\u00fcrfen!<\/p>\n<\/div><\/div>\n\n\n\n<p>Aesthetic surgery Klagenfurt Carinthia = <strong>aesthetic surgeries<\/strong> in the <strong>private surgery<\/strong> in Klagenfurt Carinthia:<\/p>\n\n\n\n<p>Wir sind spezialisiert auf schonende \u00e4sthetische Operationen bevorzugt in <strong>Lokaker Bet\u00e4ubung <\/strong>(auf Wunsch gerne auch mit D\u00e4mmerschlaf) mit kurzer Rehabilitation<\/p>\n\n\n\n<p>in the <strong>state-of-the-art operating room<\/strong> for outpatient surgeries or surgeries with overnight stay<\/p>\n\n\n\n<p>Plastische Chirurgie und Sch\u00f6nheitschiururgie in <strong>privater Atmosph\u00e4re<\/strong><\/p>\n\n\n\n<p><\/p>\n\n\n\n<p>What you should know about it...<\/p>\n\n\n\n<h3 class=\"wp-block-heading\">Where is the AestheticOP?<\/h3>\n\n\n\n<h5 class=\"wp-block-heading\">You can find us at <strong>Stauderplatz 5<\/strong> im Zentrum von Klagenfurt<\/h5>\n\n\n\n<p><\/p>\n\n\n\n<h3 class=\"wp-block-heading\">AestheticOP \u2013 Where can I park or get picked up?<\/h3>\n\n\n\n<p>There are several underground garages and parking spaces around the AestheticOP:<\/p>\n\n\n\n<p>The most modern underground car park is only a few hundred meters away from the AestheticOP: <strong><a href=\"https:\/\/www.9022.at\/parkgarage.xhtml\">Vitaneum underground car park<\/a><\/strong> \u2013 the parking garage at the Benediktinermarkt.<\/p>\n\n\n\n<p>Also just a few hundred meters away is the <strong><a href=\"https:\/\/www.apcoa.at\/parken\/klagenfurt\/lindwurm-klagenfurt-apcoa\/\">Lindwurm underground car park<\/a><\/strong>.<\/p>\n\n\n\n<p>Directly in the AestheticOP building is the <strong><a href=\"https:\/\/www.apcoa.at\/parken\/klagenfurt\/heiligengeist-klagenfurt-apcoa\/\">Heiligengeist underground car park<\/a><\/strong>Here you can park in the same building and have someone take you to the operation and pick you up again.<\/p>\n\n\n\n<p>Direct <strong><a href=\"https:\/\/www.apcoa.at\/parken\/klagenfurt\/heiligengeist-klagenfurt-apcoa\/\">at Stauderplatz<\/a><\/strong> there are some <strong>parking spaces with short-term parking zones<\/strong>.<\/p>\n\n\n\n<p><\/p>\n\n\n\n<p>Nothing can replace a personal, individual consultation with a specialist with the appropriate experience and the right aesthetic sensitivity. We are therefore happy to advise you in detail \u2013 arrange your <strong>Consultation appointment at 0699 19988009<\/strong>. Or contact us via our <a href=\"http:\/\/www.durnig.at\/kontakt\/\"><strong>contact form<\/strong><\/a>. We look forward to seeing you!<\/p>\n\n\n\n<p><\/p>\n\n\n\n<h3 class=\"wp-block-heading\">AestheticOP \u2013 modern surgery in the center of Klagenfurt:<\/h3>\n\n\n\n<figure class=\"wp-block-image size-large is-resized\"><a href=\"https:\/\/medicalbeautyconcepts.com\/wp-content\/uploads\/2022\/03\/AestheticOP-Klagenfurt-Stauderplatz-5-Dr.-Durnig-Peter-Plastische-Chirurgie.pdf\"><img loading=\"lazy\" decoding=\"async\" width=\"1024\" height=\"207\" src=\"https:\/\/medicalbeautyconcepts.com\/wp-content\/uploads\/2022\/03\/AestheticOP-Klagenfurt-Stauderplatz-5-Dr.-Durnig-Peter-Plastische-Chirurgie-pdf-1024x207.jpg\" rel=\"lightbox\"  alt=\"\" class=\"wp-image-6622\" style=\"width:598px;height:121px\"\/><\/a><\/figure>\n\n\n\n<div class=\"wp-block-media-text alignwide is-stacked-on-mobile\" style=\"grid-template-columns:35% auto\"><figure class=\"wp-block-media-text__media\"><img loading=\"lazy\" decoding=\"async\" width=\"768\" height=\"1024\" src=\"https:\/\/medicalbeautyconcepts.com\/wp-content\/uploads\/2025\/08\/AestheticOP-Klagenfurt-Kaernten-768x1024.jpg\" alt=\"\" class=\"wp-image-8211 size-full\" srcset=\"https:\/\/medicalbeautyconcepts.com\/wp-content\/uploads\/2025\/08\/AestheticOP-Klagenfurt-Kaernten-768x1024.jpg 768w, https:\/\/medicalbeautyconcepts.com\/wp-content\/uploads\/2025\/08\/AestheticOP-Klagenfurt-Kaernten-225x300.jpg 225w, https:\/\/medicalbeautyconcepts.com\/wp-content\/uploads\/2025\/08\/AestheticOP-Klagenfurt-Kaernten-1152x1536.jpg 1152w, https:\/\/medicalbeautyconcepts.com\/wp-content\/uploads\/2025\/08\/AestheticOP-Klagenfurt-Kaernten-1536x2048.jpg 1536w, https:\/\/medicalbeautyconcepts.com\/wp-content\/uploads\/2025\/08\/AestheticOP-Klagenfurt-Kaernten-9x12.jpg 9w, https:\/\/medicalbeautyconcepts.com\/wp-content\/uploads\/2025\/08\/AestheticOP-Klagenfurt-Kaernten-488x650.jpg 488w, https:\/\/medicalbeautyconcepts.com\/wp-content\/uploads\/2025\/08\/AestheticOP-Klagenfurt-Kaernten-413x550.jpg 413w, https:\/\/medicalbeautyconcepts.com\/wp-content\/uploads\/2025\/08\/AestheticOP-Klagenfurt-Kaernten-scaled.jpg 1920w\" sizes=\"auto, (max-width: 768px) 100vw, 768px\" \/><\/figure><div class=\"wp-block-media-text__content\">\n<p>Welcome to the new AestheticOP!<\/p>\n\n\n\n<p>Ambulante Operationen in angenehmer Umbebung!<\/p>\n<\/div><\/div>\n\n\n\n<hr class=\"wp-block-separator has-alpha-channel-opacity\"\/>\n\n\n\n<p><\/p>\n\n\n\n<p>Finden Sie weiter wertvolle Informationen zum Thema <a href=\"https:\/\/medicalbeautyconcepts.com\/en\/beauty-concepts\/\"><strong>among our Beauty Concepts<\/strong><\/a><\/p>","protected":false},"excerpt":{"rendered":"<p>Narkose &#038; \u00c4stheitsch Plastische Chirurgie<\/p>","protected":false},"author":4,"featured_media":8385,"comment_status":"closed","ping_status":"closed","sticky":false,"template":"","format":"standard","meta":{"_acf_changed":false,"footnotes":""},"categories":[1],"class_list":["post-667","post","type-post","status-publish","format-standard","has-post-thumbnail","hentry","category-unkategorisiert"],"acf":[],"yoast_head":"<!-- This site is optimized with the Yoast SEO plugin v26.8 - https:\/\/yoast.com\/product\/yoast-seo-wordpress\/ -->\n<title>Narkose &amp; \u00c4sthetisch Plastische Chirurgie | Medical Beauty Concepts<\/title>\n<meta name=\"description\" content=\"Narkose &amp; \u00c4sthetisch Plastische Chirurgie |\u00a0Dr. Peter DURNIG informiert \u00fcber empfehlenswerte Narkoseformen bei \u00c4sthetischen OPs\" \/>\n<meta name=\"robots\" content=\"index, follow, max-snippet:-1, max-image-preview:large, max-video-preview:-1\" \/>\n<link rel=\"canonical\" href=\"https:\/\/medicalbeautyconcepts.com\/en\/narkose-aesthetisch-plastische-chirurgie\/\" \/>\n<meta property=\"og:locale\" content=\"en_GB\" \/>\n<meta property=\"og:type\" content=\"article\" \/>\n<meta property=\"og:title\" content=\"Narkose &amp; \u00c4sthetisch Plastische Chirurgie | Medical Beauty Concepts\" \/>\n<meta property=\"og:description\" content=\"Narkose &amp; \u00c4sthetisch Plastische Chirurgie |\u00a0Dr. Peter DURNIG informiert \u00fcber empfehlenswerte Narkoseformen bei \u00c4sthetischen OPs\" \/>\n<meta property=\"og:url\" content=\"https:\/\/medicalbeautyconcepts.com\/en\/narkose-aesthetisch-plastische-chirurgie\/\" \/>\n<meta property=\"og:site_name\" content=\"Medical Beauty Concepts\" \/>\n<meta property=\"article:published_time\" content=\"2020-04-28T15:59:38+00:00\" \/>\n<meta property=\"article:modified_time\" content=\"2026-03-03T16:43:27+00:00\" \/>\n<meta property=\"og:image\" content=\"https:\/\/medicalbeautyconcepts.com\/wp-content\/uploads\/2020\/04\/Narkose-Aesthetisch-Plastische-Chrurgie.png\" \/>\n\t<meta property=\"og:image:width\" content=\"404\" \/>\n\t<meta property=\"og:image:height\" content=\"418\" \/>\n\t<meta property=\"og:image:type\" content=\"image\/png\" \/>\n<meta name=\"author\" content=\"Peter Durnig\" \/>\n<meta name=\"twitter:card\" content=\"summary_large_image\" \/>\n<meta name=\"twitter:label1\" content=\"Written by\" \/>\n\t<meta name=\"twitter:data1\" content=\"Peter Durnig\" \/>\n\t<meta name=\"twitter:label2\" content=\"Estimated reading time\" \/>\n\t<meta name=\"twitter:data2\" content=\"9 minutes\" \/>\n<script type=\"application\/ld+json\" class=\"yoast-schema-graph\">{\"@context\":\"https:\/\/schema.org\",\"@graph\":[{\"@type\":\"Article\",\"@id\":\"https:\/\/medicalbeautyconcepts.com\/narkose-aesthetisch-plastische-chirurgie\/#article\",\"isPartOf\":{\"@id\":\"https:\/\/medicalbeautyconcepts.com\/narkose-aesthetisch-plastische-chirurgie\/\"},\"author\":{\"name\":\"Peter Durnig\",\"@id\":\"https:\/\/medicalbeautyconcepts.com\/#\/schema\/person\/b6dca7ffe5e5e727fe1435c337befccf\"},\"headline\":\"Narkose &#038; \u00c4sthetisch Plastische Chirurgie\",\"datePublished\":\"2020-04-28T15:59:38+00:00\",\"dateModified\":\"2026-03-03T16:43:27+00:00\",\"mainEntityOfPage\":{\"@id\":\"https:\/\/medicalbeautyconcepts.com\/narkose-aesthetisch-plastische-chirurgie\/\"},\"wordCount\":1418,\"publisher\":{\"@id\":\"https:\/\/medicalbeautyconcepts.com\/#organization\"},\"image\":{\"@id\":\"https:\/\/medicalbeautyconcepts.com\/narkose-aesthetisch-plastische-chirurgie\/#primaryimage\"},\"thumbnailUrl\":\"https:\/\/medicalbeautyconcepts.com\/wp-content\/uploads\/2020\/04\/Narkose-Aesthetisch-Plastische-Chrurgie.png\",\"articleSection\":[\"Unkategorisiert\"],\"inLanguage\":\"en-GB\"},{\"@type\":\"WebPage\",\"@id\":\"https:\/\/medicalbeautyconcepts.com\/narkose-aesthetisch-plastische-chirurgie\/\",\"url\":\"https:\/\/medicalbeautyconcepts.com\/narkose-aesthetisch-plastische-chirurgie\/\",\"name\":\"Narkose & \u00c4sthetisch Plastische Chirurgie | Medical Beauty Concepts\",\"isPartOf\":{\"@id\":\"https:\/\/medicalbeautyconcepts.com\/#website\"},\"primaryImageOfPage\":{\"@id\":\"https:\/\/medicalbeautyconcepts.com\/narkose-aesthetisch-plastische-chirurgie\/#primaryimage\"},\"image\":{\"@id\":\"https:\/\/medicalbeautyconcepts.com\/narkose-aesthetisch-plastische-chirurgie\/#primaryimage\"},\"thumbnailUrl\":\"https:\/\/medicalbeautyconcepts.com\/wp-content\/uploads\/2020\/04\/Narkose-Aesthetisch-Plastische-Chrurgie.png\",\"datePublished\":\"2020-04-28T15:59:38+00:00\",\"dateModified\":\"2026-03-03T16:43:27+00:00\",\"description\":\"Narkose & \u00c4sthetisch Plastische Chirurgie |\u00a0Dr. Peter DURNIG informiert \u00fcber empfehlenswerte Narkoseformen bei \u00c4sthetischen OPs\",\"breadcrumb\":{\"@id\":\"https:\/\/medicalbeautyconcepts.com\/narkose-aesthetisch-plastische-chirurgie\/#breadcrumb\"},\"inLanguage\":\"en-GB\",\"potentialAction\":[{\"@type\":\"ReadAction\",\"target\":[\"https:\/\/medicalbeautyconcepts.com\/narkose-aesthetisch-plastische-chirurgie\/\"]}]},{\"@type\":\"ImageObject\",\"inLanguage\":\"en-GB\",\"@id\":\"https:\/\/medicalbeautyconcepts.com\/narkose-aesthetisch-plastische-chirurgie\/#primaryimage\",\"url\":\"https:\/\/medicalbeautyconcepts.com\/wp-content\/uploads\/2020\/04\/Narkose-Aesthetisch-Plastische-Chrurgie.png\",\"contentUrl\":\"https:\/\/medicalbeautyconcepts.com\/wp-content\/uploads\/2020\/04\/Narkose-Aesthetisch-Plastische-Chrurgie.png\",\"width\":404,\"height\":418,\"caption\":\"Narkose & A\u0308sthetisch Plastische Chrurgie\"},{\"@type\":\"BreadcrumbList\",\"@id\":\"https:\/\/medicalbeautyconcepts.com\/narkose-aesthetisch-plastische-chirurgie\/#breadcrumb\",\"itemListElement\":[{\"@type\":\"ListItem\",\"position\":1,\"name\":\"Home\",\"item\":\"https:\/\/medicalbeautyconcepts.com\/\"},{\"@type\":\"ListItem\",\"position\":2,\"name\":\"Narkose &#038; \u00c4sthetisch Plastische Chirurgie\"}]},{\"@type\":\"WebSite\",\"@id\":\"https:\/\/medicalbeautyconcepts.com\/#website\",\"url\":\"https:\/\/medicalbeautyconcepts.com\/\",\"name\":\"Medical Beauty Concepts\",\"description\":\"Premium Aesthetic Medicine\",\"publisher\":{\"@id\":\"https:\/\/medicalbeautyconcepts.com\/#organization\"},\"potentialAction\":[{\"@type\":\"SearchAction\",\"target\":{\"@type\":\"EntryPoint\",\"urlTemplate\":\"https:\/\/medicalbeautyconcepts.com\/?s={search_term_string}\"},\"query-input\":{\"@type\":\"PropertyValueSpecification\",\"valueRequired\":true,\"valueName\":\"search_term_string\"}}],\"inLanguage\":\"en-GB\"},{\"@type\":\"Organization\",\"@id\":\"https:\/\/medicalbeautyconcepts.com\/#organization\",\"name\":\"Medical Beauty Concepts\",\"url\":\"https:\/\/medicalbeautyconcepts.com\/\",\"logo\":{\"@type\":\"ImageObject\",\"inLanguage\":\"en-GB\",\"@id\":\"https:\/\/medicalbeautyconcepts.com\/#\/schema\/logo\/image\/\",\"url\":\"https:\/\/medicalbeautyconcepts.com\/wp-content\/uploads\/2019\/08\/medical-beauty-concepts.png\",\"contentUrl\":\"https:\/\/medicalbeautyconcepts.com\/wp-content\/uploads\/2019\/08\/medical-beauty-concepts.png\",\"width\":442,\"height\":134,\"caption\":\"Medical Beauty Concepts\"},\"image\":{\"@id\":\"https:\/\/medicalbeautyconcepts.com\/#\/schema\/logo\/image\/\"},\"sameAs\":[\"https:\/\/www.instagram.com\/plastischechirurgiegram\/\"]},{\"@type\":\"Person\",\"@id\":\"https:\/\/medicalbeautyconcepts.com\/#\/schema\/person\/b6dca7ffe5e5e727fe1435c337befccf\",\"name\":\"Peter Durnig\"}]}<\/script>\n<!-- \/ Yoast SEO plugin. -->","yoast_head_json":{"title":"Narkose & \u00c4sthetisch Plastische Chirurgie | Medical Beauty Concepts","description":"Narkose & \u00c4sthetisch Plastische Chirurgie |\u00a0Dr. Peter DURNIG informiert \u00fcber empfehlenswerte Narkoseformen bei \u00c4sthetischen OPs","robots":{"index":"index","follow":"follow","max-snippet":"max-snippet:-1","max-image-preview":"max-image-preview:large","max-video-preview":"max-video-preview:-1"},"canonical":"https:\/\/medicalbeautyconcepts.com\/en\/narkose-aesthetisch-plastische-chirurgie\/","og_locale":"en_GB","og_type":"article","og_title":"Narkose & \u00c4sthetisch Plastische Chirurgie | Medical Beauty Concepts","og_description":"Narkose & \u00c4sthetisch Plastische Chirurgie |\u00a0Dr. Peter DURNIG informiert \u00fcber empfehlenswerte Narkoseformen bei \u00c4sthetischen OPs","og_url":"https:\/\/medicalbeautyconcepts.com\/en\/narkose-aesthetisch-plastische-chirurgie\/","og_site_name":"Medical Beauty Concepts","article_published_time":"2020-04-28T15:59:38+00:00","article_modified_time":"2026-03-03T16:43:27+00:00","og_image":[{"width":404,"height":418,"url":"https:\/\/medicalbeautyconcepts.com\/wp-content\/uploads\/2020\/04\/Narkose-Aesthetisch-Plastische-Chrurgie.png","type":"image\/png"}],"author":"Peter Durnig","twitter_card":"summary_large_image","twitter_misc":{"Written by":"Peter Durnig","Estimated reading time":"9 minutes"},"schema":{"@context":"https:\/\/schema.org","@graph":[{"@type":"Article","@id":"https:\/\/medicalbeautyconcepts.com\/narkose-aesthetisch-plastische-chirurgie\/#article","isPartOf":{"@id":"https:\/\/medicalbeautyconcepts.com\/narkose-aesthetisch-plastische-chirurgie\/"},"author":{"name":"Peter Durnig","@id":"https:\/\/medicalbeautyconcepts.com\/#\/schema\/person\/b6dca7ffe5e5e727fe1435c337befccf"},"headline":"Narkose &#038; \u00c4sthetisch Plastische Chirurgie","datePublished":"2020-04-28T15:59:38+00:00","dateModified":"2026-03-03T16:43:27+00:00","mainEntityOfPage":{"@id":"https:\/\/medicalbeautyconcepts.com\/narkose-aesthetisch-plastische-chirurgie\/"},"wordCount":1418,"publisher":{"@id":"https:\/\/medicalbeautyconcepts.com\/#organization"},"image":{"@id":"https:\/\/medicalbeautyconcepts.com\/narkose-aesthetisch-plastische-chirurgie\/#primaryimage"},"thumbnailUrl":"https:\/\/medicalbeautyconcepts.com\/wp-content\/uploads\/2020\/04\/Narkose-Aesthetisch-Plastische-Chrurgie.png","articleSection":["Unkategorisiert"],"inLanguage":"en-GB"},{"@type":"WebPage","@id":"https:\/\/medicalbeautyconcepts.com\/narkose-aesthetisch-plastische-chirurgie\/","url":"https:\/\/medicalbeautyconcepts.com\/narkose-aesthetisch-plastische-chirurgie\/","name":"Narkose & \u00c4sthetisch Plastische Chirurgie | Medical Beauty Concepts","isPartOf":{"@id":"https:\/\/medicalbeautyconcepts.com\/#website"},"primaryImageOfPage":{"@id":"https:\/\/medicalbeautyconcepts.com\/narkose-aesthetisch-plastische-chirurgie\/#primaryimage"},"image":{"@id":"https:\/\/medicalbeautyconcepts.com\/narkose-aesthetisch-plastische-chirurgie\/#primaryimage"},"thumbnailUrl":"https:\/\/medicalbeautyconcepts.com\/wp-content\/uploads\/2020\/04\/Narkose-Aesthetisch-Plastische-Chrurgie.png","datePublished":"2020-04-28T15:59:38+00:00","dateModified":"2026-03-03T16:43:27+00:00","description":"Narkose & \u00c4sthetisch Plastische Chirurgie |\u00a0Dr. Peter DURNIG informiert \u00fcber empfehlenswerte Narkoseformen bei \u00c4sthetischen OPs","breadcrumb":{"@id":"https:\/\/medicalbeautyconcepts.com\/narkose-aesthetisch-plastische-chirurgie\/#breadcrumb"},"inLanguage":"en-GB","potentialAction":[{"@type":"ReadAction","target":["https:\/\/medicalbeautyconcepts.com\/narkose-aesthetisch-plastische-chirurgie\/"]}]},{"@type":"ImageObject","inLanguage":"en-GB","@id":"https:\/\/medicalbeautyconcepts.com\/narkose-aesthetisch-plastische-chirurgie\/#primaryimage","url":"https:\/\/medicalbeautyconcepts.com\/wp-content\/uploads\/2020\/04\/Narkose-Aesthetisch-Plastische-Chrurgie.png","contentUrl":"https:\/\/medicalbeautyconcepts.com\/wp-content\/uploads\/2020\/04\/Narkose-Aesthetisch-Plastische-Chrurgie.png","width":404,"height":418,"caption":"Narkose & A\u0308sthetisch Plastische Chrurgie"},{"@type":"BreadcrumbList","@id":"https:\/\/medicalbeautyconcepts.com\/narkose-aesthetisch-plastische-chirurgie\/#breadcrumb","itemListElement":[{"@type":"ListItem","position":1,"name":"Home","item":"https:\/\/medicalbeautyconcepts.com\/"},{"@type":"ListItem","position":2,"name":"Narkose &#038; \u00c4sthetisch Plastische Chirurgie"}]},{"@type":"WebSite","@id":"https:\/\/medicalbeautyconcepts.com\/#website","url":"https:\/\/medicalbeautyconcepts.com\/","name":"Medical Beauty Concepts","description":"Premium Aesthetic Medicine","publisher":{"@id":"https:\/\/medicalbeautyconcepts.com\/#organization"},"potentialAction":[{"@type":"SearchAction","target":{"@type":"EntryPoint","urlTemplate":"https:\/\/medicalbeautyconcepts.com\/?s={search_term_string}"},"query-input":{"@type":"PropertyValueSpecification","valueRequired":true,"valueName":"search_term_string"}}],"inLanguage":"en-GB"},{"@type":"Organization","@id":"https:\/\/medicalbeautyconcepts.com\/#organization","name":"Medical Beauty Concepts","url":"https:\/\/medicalbeautyconcepts.com\/","logo":{"@type":"ImageObject","inLanguage":"en-GB","@id":"https:\/\/medicalbeautyconcepts.com\/#\/schema\/logo\/image\/","url":"https:\/\/medicalbeautyconcepts.com\/wp-content\/uploads\/2019\/08\/medical-beauty-concepts.png","contentUrl":"https:\/\/medicalbeautyconcepts.com\/wp-content\/uploads\/2019\/08\/medical-beauty-concepts.png","width":442,"height":134,"caption":"Medical Beauty Concepts"},"image":{"@id":"https:\/\/medicalbeautyconcepts.com\/#\/schema\/logo\/image\/"},"sameAs":["https:\/\/www.instagram.com\/plastischechirurgiegram\/"]},{"@type":"Person","@id":"https:\/\/medicalbeautyconcepts.com\/#\/schema\/person\/b6dca7ffe5e5e727fe1435c337befccf","name":"Peter Durnig"}]}},"_links":{"self":[{"href":"https:\/\/medicalbeautyconcepts.com\/en\/wp-json\/wp\/v2\/posts\/667","targetHints":{"allow":["GET"]}}],"collection":[{"href":"https:\/\/medicalbeautyconcepts.com\/en\/wp-json\/wp\/v2\/posts"}],"about":[{"href":"https:\/\/medicalbeautyconcepts.com\/en\/wp-json\/wp\/v2\/types\/post"}],"author":[{"embeddable":true,"href":"https:\/\/medicalbeautyconcepts.com\/en\/wp-json\/wp\/v2\/users\/4"}],"replies":[{"embeddable":true,"href":"https:\/\/medicalbeautyconcepts.com\/en\/wp-json\/wp\/v2\/comments?post=667"}],"version-history":[{"count":38,"href":"https:\/\/medicalbeautyconcepts.com\/en\/wp-json\/wp\/v2\/posts\/667\/revisions"}],"predecessor-version":[{"id":8399,"href":"https:\/\/medicalbeautyconcepts.com\/en\/wp-json\/wp\/v2\/posts\/667\/revisions\/8399"}],"wp:featuredmedia":[{"embeddable":true,"href":"https:\/\/medicalbeautyconcepts.com\/en\/wp-json\/wp\/v2\/media\/8385"}],"wp:attachment":[{"href":"https:\/\/medicalbeautyconcepts.com\/en\/wp-json\/wp\/v2\/media?parent=667"}],"wp:term":[{"taxonomy":"category","embeddable":true,"href":"https:\/\/medicalbeautyconcepts.com\/en\/wp-json\/wp\/v2\/categories?post=667"}],"curies":[{"name":"wp","href":"https:\/\/api.w.org\/{rel}","templated":true}]}}