{"id":5280,"date":"2018-09-18T13:12:00","date_gmt":"2018-09-18T11:12:00","guid":{"rendered":"https:\/\/medicalbeautyconcepts.com\/?p=5280"},"modified":"2022-09-22T15:37:59","modified_gmt":"2022-09-22T13:37:59","slug":"upper-eyelid-lift-klagenfurt-carinthia","status":"publish","type":"post","link":"https:\/\/medicalbeautyconcepts.com\/en\/upper-eyelid-lift-klagenfurt-carinthia\/","title":{"rendered":"Upper eyelid lift Klagenfurt Carinthia"},"content":{"rendered":"<p><strong>upper eyelid lift <\/strong>Klagenfurt Carinthia \u2013 the most frequently asked questions:<\/p>\n\n\n\n<h3 class=\"wp-block-heading\">What anesthesia is used for upper eyelid surgery?<\/h3>\n\n\n\n<p>The ideal anesthesia is always an individual decision. We usually perform the upper eyelid lift in Klagenfurt Carinthia in <strong>local anesthesia<\/strong> through. The area is anaesthetized, just like at the dentist. You feel that something is happening. But it shouldn&#039;t hurt - and it doesn&#039;t... as long as enough local anaesthetic is used, it is applied well and you wait long enough for it to take effect. From the feedback we&#039;ve received, it works very well for us. <\/p>\n\n\n\n<p>An additional anesthetic is therefore usually not necessary. If necessary, this will be discussed in detail with the anesthetist. In most cases, this will involve additional twilight sleep. <\/p>\n\n\n\n<hr class=\"wp-block-separator\"\/>\n\n\n\n<h3 class=\"wp-block-heading\">Upper eyelid lift Klagenfurt Carinthia \u2013 outpatient or inpatient?<\/h3>\n\n\n\n<p>The upper eyelid lift in Klagenfurt Carinthia is carried out in a private operating room. Depending on your wishes, you can be admitted as an outpatient or with an overnight stay. In almost all cases, this operation <strong>outpatient<\/strong> carried out.<\/p>\n\n\n\n<p>As an outpatient, you will be there for about half an hour and then go home. However, you should not live too far from the operating room. If you wish, an outpatient night nurse is available to help.<\/p>\n\n\n\n<p>If you choose the overnight option, a night nurse is on site. The next morning, there is a check-up and wound inspection. And then you go home again.<\/p>\n\n\n\n<hr class=\"wp-block-separator\"\/>\n\n\n\n<h3 class=\"wp-block-heading\">Do stitches need to be removed after an upper eyelid lift? If so, when?<\/h3>\n\n\n\n<p>The stitches should ideally be removed after about a week, although there is a certain amount of time to wait. As long as the stitches are not removed, you will have a strip bandage with so-called &quot;steristrips&quot;. These reduce local swelling, &quot;pack&quot; the wound in a sterile manner, protect it from shearing forces and dirt, and fix the stitches. Because the stitches are glued in place, no knot is necessary on the surface of the skin. This guarantees a stitch without the classic transverse stitch strips. <\/p>\n\n\n\n<p>It is important that the <strong>Adhesive strips should not be removed before suture removal<\/strong> because that is where the suture is located. The threads should also not be shortened if they become visible under the Steristrip dressing. Otherwise, it may be difficult to locate and remove the thread at the time of the planned suture removal.<\/p>\n\n\n\n<hr class=\"wp-block-separator\"\/>\n\n\n\n<h3 class=\"wp-block-heading\">How long should I rest after an upper eyelid lift?<\/h3>\n\n\n\n<p><strong>You should rest for 2-3 weeks<\/strong>. And do it with feeling and common sense. The basic rule is: do not lift more than 5kg, do not make sudden movements, do not work upside down (bend your knees when tying your shoes), etc.<\/p>\n\n\n\n<p>But you are not sick. That means you should move around, but just take care of the operated area. When lying down, turning to the left and right is allowed and advisable. Otherwise you risk back pain if you just lie on your back with cramps. Obviously you should not lie on the operated area or the surgical wound itself.<\/p>\n\n\n\n<hr class=\"wp-block-separator\"\/>\n\n\n\n<h3 class=\"wp-block-heading\">How much does my upper eyelid lift cost?<\/h3>\n\n\n\n<p><strong><a href=\"https:\/\/medicalbeautyconcepts.com\/en\/breast-enlargement-prices-and-costs\/\">Prices and Costs<\/a><\/strong> can be found as a separate section in our stories. In a detailed consultation, the costs can usually be determined very precisely. All decisions should have been made by the second consultation at the latest. From then on, an exact calculation of the costs and the price is possible.<\/p>\n\n\n\n<hr class=\"wp-block-separator\"\/>\n\n\n\n<h3 class=\"wp-block-heading\">What additional treatments or operations are possible in addition to an upper eyelid lift?<\/h3>\n\n\n\n<div class=\"wp-block-media-text alignwide is-stacked-on-mobile\" style=\"grid-template-columns:30% auto\"><figure class=\"wp-block-media-text__media\"><img decoding=\"async\" src=\"https:\/\/medicalbeautyconcepts.com\/wp-content\/uploads\/2022\/09\/Oberlistraffung-Klagenfurt-Ka\u0308rnten-1024x908.jpg\" alt=\"\" class=\"wp-image-5301 size-full\"\/><\/figure><div class=\"wp-block-media-text__content\">\n<p>Click under the heading <strong><a href=\"https:\/\/medicalbeautyconcepts.com\/en\/plastic-surgery-breast-face-body\/\">BODY on the head area<\/a><\/strong> and find all options for additional treatments or operations in the facial area<\/p>\n<\/div><\/div>\n\n\n\n<hr class=\"wp-block-separator\"\/>\n\n\n\n<h3 class=\"wp-block-heading\">How do you find us?<\/h3>\n\n\n\n<p>You can find us here:<\/p>\n\n\n\n<div class=\"wp-block-media-text alignwide is-stacked-on-mobile\" style=\"grid-template-columns:37% auto\"><figure class=\"wp-block-media-text__media\"><img loading=\"lazy\" decoding=\"async\" width=\"1024\" height=\"576\" src=\"https:\/\/medicalbeautyconcepts.com\/wp-content\/uploads\/2022\/01\/Ordination-Schloss-Velden-Dr.-Durnig-Ka\u0308rnten-Plastische-Chirurgie-2-1024x576.jpg\" alt=\"\" class=\"wp-image-4026 size-full\" srcset=\"https:\/\/medicalbeautyconcepts.com\/wp-content\/uploads\/2022\/01\/Ordination-Schloss-Velden-Dr.-Durnig-Ka\u0308rnten-Plastische-Chirurgie-2-1024x576.jpg 1024w, https:\/\/medicalbeautyconcepts.com\/wp-content\/uploads\/2022\/01\/Ordination-Schloss-Velden-Dr.-Durnig-Ka\u0308rnten-Plastische-Chirurgie-2-300x169.jpg 300w, https:\/\/medicalbeautyconcepts.com\/wp-content\/uploads\/2022\/01\/Ordination-Schloss-Velden-Dr.-Durnig-Ka\u0308rnten-Plastische-Chirurgie-2-768x432.jpg 768w, https:\/\/medicalbeautyconcepts.com\/wp-content\/uploads\/2022\/01\/Ordination-Schloss-Velden-Dr.-Durnig-Ka\u0308rnten-Plastische-Chirurgie-2-1536x864.jpg 1536w, https:\/\/medicalbeautyconcepts.com\/wp-content\/uploads\/2022\/01\/Ordination-Schloss-Velden-Dr.-Durnig-Ka\u0308rnten-Plastische-Chirurgie-2-2048x1152.jpg 2048w, https:\/\/medicalbeautyconcepts.com\/wp-content\/uploads\/2022\/01\/Ordination-Schloss-Velden-Dr.-Durnig-Ka\u0308rnten-Plastische-Chirurgie-2-1920x1080.jpg 1920w, https:\/\/medicalbeautyconcepts.com\/wp-content\/uploads\/2022\/01\/Ordination-Schloss-Velden-Dr.-Durnig-Ka\u0308rnten-Plastische-Chirurgie-2-550x309.jpg 550w, https:\/\/medicalbeautyconcepts.com\/wp-content\/uploads\/2022\/01\/Ordination-Schloss-Velden-Dr.-Durnig-Ka\u0308rnten-Plastische-Chirurgie-2-740x416.jpg 740w\" sizes=\"auto, (max-width: 1024px) 100vw, 1024px\" \/><\/figure><div class=\"wp-block-media-text__content\">\n<p>Welcome to our practice in the Falkensteiner Schlosshotel in Velden am W\u00f6rthersee<\/p>\n<\/div><\/div>\n\n\n\n<ul class=\"wp-block-list\"><li><strong>Ordination Klagenfurt<\/strong> Domplatz: Lidmanskygasse 8, 9020 Klagenfurt am W\u00f6rthersee<\/li><li><strong>ordination<\/strong> <strong>Velden<\/strong> Falkensteiner Schlosshotel Velden: Schlosspark 1, 9220 Velden am W\u00f6rthersee<\/li><li><strong>AestheticOP Private Surgery Klagenfurt<\/strong>: Feldkirchnerstrasse 217, 9020 Klagenfurt am W\u00f6rthersee<\/li><li><strong>Hospital Barmherzige Br\u00fcder Sankt Veit\/Glan<\/strong>: Spitalgasse 26, 9300 Sankt Veit\/Glan<\/li><li><strong>Private Clinic Maria Hilf Humanomed<\/strong>: Radetzkystrasse 35, 9200 Klagenfurt am W\u00f6rthersee<\/li><\/ul>\n\n\n\n<p>If you are from <strong>Carinthia<\/strong> (Klagenfurt, Villach, Wolfsberg, Feldkirchen, St. Veit an der Glan, Spittal an der Drau, V\u00f6lkermarkt, Friesach, Velden, etc.), you will find the right way to us...<\/p>\n\n\n\n<ul class=\"wp-block-list\"><li>Arrival by <strong><a href=\"https:\/\/www.viamichelin.at\/web\/Routenplaner\">car<\/a><\/strong><\/li><li>Arrival with the <strong><a href=\"https:\/\/routenplaner.kaerntner-linien.at\/\">K\u00e4rntner Linien<\/a><\/strong><\/li><li>Arrival by <strong><a href=\"https:\/\/www.thetrainline.com\/de\/bahnunternehmen\/oebb?gclid=CjwKCAiA866PBhAYEiwANkIneObaU4BXugWRZ_eYJrlCQYl17QYxAPHksLgX_aDQNT4njLiz9mhnFxoCojwQAvD_BwE&amp;gclsrc=aw.ds\">Train<\/a><\/strong><\/li><\/ul>\n\n\n\n<p>You are traveling <strong>Vienna\/Lower Austria\/Burgenland<\/strong> (Vienna, St. P\u00f6lten, Wiener Neustadt, Klosterneuburg, Baden, Krems, Amstetten, M\u00f6dling, Traiskirchen, Schwechat, Stockerau, Tulln, Korneuburg, Eisenstadt) <strong>Upper Austria <\/strong>(Linz, Leonding, Bad Ischl, Wels, Steyr, Traun, Enns, Ried, Braunau, Ansfelden, Marchtrenk, V\u00f6cklabruck) <strong>Salzburg<\/strong> (Salzburg, Hallein, Saalfelden, St. Johann, Bischofshofen, Seekirchen) <strong>Styria <\/strong>(Leoben, Kapfenberg, Judenburg, Liezen, Murau, Feldbach, Gratwein, Knittelfeld, Leibnitz, Deutschlandsberg, Weitz, Mariazell, Admont, Schladming, Bruck an der Mur) <strong>Tyrol\/Vorarlberg<\/strong> (Innsbruck, Kufstein, Telfs, Schwaz, Hall, W\u00f6rgl, Lienz, Feldkirch, Bregenz, Lustenau, Hohenems, Bludenz, Hard)? This is how you find the right way to us...<\/p>\n\n\n\n<ul class=\"wp-block-list\"><li>Arrival by <strong><a href=\"https:\/\/www.viamichelin.at\/web\/Routenplaner\">car<\/a><\/strong><\/li><li>Arrival by <strong><a href=\"https:\/\/www.thetrainline.com\/de\/bahnunternehmen\/oebb?gclid=CjwKCAiA866PBhAYEiwANkIneObaU4BXugWRZ_eYJrlCQYl17QYxAPHksLgX_aDQNT4njLiz9mhnFxoCojwQAvD_BwE&amp;gclsrc=aw.ds\">Train<\/a><\/strong><\/li><li>Arrival by <strong><a href=\"https:\/\/airport-klagenfurt.at\/\">Airplane<\/a><\/strong><\/li><\/ul>\n\n\n\n<hr class=\"wp-block-separator\"\/>\n\n\n\r\n<div id=\"cta-block_5eb02ce881bd0\" class=\"icontext-block\">\r\n\t<div class=\"row\">\r\n\t\t\r\n\t\t<div class=\"col-sm-1 col-12 reveal\">\r\n\t\t\t\t\t\t\t<div class=\"icontext-icon icon-dark-arrow-right\"><\/div>\r\n\t\t\t\t\t<\/div>\r\n\r\n\t\t<div class=\"col-sm-11 col-12 reveal\">\r\n\t\t\t<div class=\"icontext-text\">\r\n\t\t\t\t<h2 class=\"rich-text block-editor-rich-text__editable\" role=\"textbox\" contenteditable=\"true\" aria-multiline=\"true\" aria-label=\"Write headline\u2026\">Make an appointment for your upper eyelid lift in Klagenfurt Carinthia<\/h2>\n<p>We look forward to your call at <strong>0699 19988009<\/strong> (Mon-Fri 12-16). See you soon!<\/p>\n\t\t\t<\/div>\r\n\t\t<\/div>\r\n\r\n\t<\/div>\r\n<\/div>\r\n\n\n\n<p>Nothing can replace personal, individual advice from a specialist with the appropriate experience and the right aesthetic sensitivity. We will be happy to advise you in detail (with 3D analysis on request) \u2013 arrange your <strong>Consultation appointment at 0699 19988009<\/strong>. Or contact us via our <a href=\"http:\/\/www.durnig.at\/kontakt\/\"><strong>contact form<\/strong><\/a>. We look forward to seeing you!<\/p>\n\n\n\n<p><\/p>\n\n\n\n<p>Find more valuable information on the topic <a href=\"https:\/\/medicalbeautyconcepts.com\/en\/beauty-concepts\/\"><strong>among our Beauty Concepts<\/strong><\/a><\/p>","protected":false},"excerpt":{"rendered":"<p>Lower eyelid lift surgery Carinthia<\/p>","protected":false},"author":4,"featured_media":5291,"comment_status":"closed","ping_status":"closed","sticky":false,"template":"","format":"standard","meta":{"_acf_changed":false,"footnotes":""},"categories":[25,26],"class_list":["post-5280","post","type-post","status-publish","format-standard","has-post-thumbnail","hentry","category-braue","category-auge"],"acf":[],"yoast_head":"<!-- This site is optimized with the Yoast SEO plugin v26.8 - https:\/\/yoast.com\/product\/yoast-seo-wordpress\/ -->\n<title>sanfte Oberlid-Straffung in Klagenfurt K\u00e4rnten | Dr. Peter DURNIG<\/title>\n<meta name=\"description\" content=\"Oberlid-Straffung in Klagenfurt K\u00e4rnten - Wir beantworten Ihre Fragen zu Ihrer OP: Narkose, \u00dcbernachtung, Kosten, Nahtentfernung\" \/>\n<meta name=\"robots\" content=\"index, follow, max-snippet:-1, max-image-preview:large, max-video-preview:-1\" \/>\n<link rel=\"canonical\" href=\"https:\/\/medicalbeautyconcepts.com\/en\/upper-eyelid-lift-klagenfurt-carinthia\/\" \/>\n<meta property=\"og:locale\" content=\"en_GB\" \/>\n<meta property=\"og:type\" content=\"article\" \/>\n<meta property=\"og:title\" content=\"sanfte Oberlid-Straffung in Klagenfurt K\u00e4rnten | Dr. Peter DURNIG\" \/>\n<meta property=\"og:description\" content=\"Oberlid-Straffung in Klagenfurt K\u00e4rnten - Wir beantworten Ihre Fragen zu Ihrer OP: Narkose, \u00dcbernachtung, Kosten, Nahtentfernung\" \/>\n<meta property=\"og:url\" content=\"https:\/\/medicalbeautyconcepts.com\/en\/upper-eyelid-lift-klagenfurt-carinthia\/\" \/>\n<meta property=\"og:site_name\" content=\"Medical Beauty Concepts\" \/>\n<meta property=\"article:published_time\" content=\"2018-09-18T11:12:00+00:00\" \/>\n<meta property=\"article:modified_time\" content=\"2022-09-22T13:37:59+00:00\" \/>\n<meta property=\"og:image\" content=\"https:\/\/medicalbeautyconcepts.com\/wp-content\/uploads\/2022\/09\/Oberlidstraffung-Klagenfurt-Ka\u0308rnten.png\" \/>\n\t<meta property=\"og:image:width\" content=\"1080\" \/>\n\t<meta property=\"og:image:height\" content=\"1080\" \/>\n\t<meta property=\"og:image:type\" content=\"image\/png\" \/>\n<meta name=\"author\" content=\"Peter Durnig\" \/>\n<meta name=\"twitter:card\" content=\"summary_large_image\" \/>\n<meta name=\"twitter:label1\" content=\"Written by\" \/>\n\t<meta name=\"twitter:data1\" content=\"Peter Durnig\" \/>\n\t<meta name=\"twitter:label2\" content=\"Estimated reading time\" \/>\n\t<meta name=\"twitter:data2\" content=\"4 minutes\" \/>\n<script type=\"application\/ld+json\" class=\"yoast-schema-graph\">{\"@context\":\"https:\/\/schema.org\",\"@graph\":[{\"@type\":\"Article\",\"@id\":\"https:\/\/medicalbeautyconcepts.com\/oberlid-straffung-klagenfurt-kaernten\/#article\",\"isPartOf\":{\"@id\":\"https:\/\/medicalbeautyconcepts.com\/oberlid-straffung-klagenfurt-kaernten\/\"},\"author\":{\"name\":\"Peter Durnig\",\"@id\":\"https:\/\/medicalbeautyconcepts.com\/#\/schema\/person\/b6dca7ffe5e5e727fe1435c337befccf\"},\"headline\":\"Oberlid-Straffung Klagenfurt K\u00e4rnten\",\"datePublished\":\"2018-09-18T11:12:00+00:00\",\"dateModified\":\"2022-09-22T13:37:59+00:00\",\"mainEntityOfPage\":{\"@id\":\"https:\/\/medicalbeautyconcepts.com\/oberlid-straffung-klagenfurt-kaernten\/\"},\"wordCount\":855,\"publisher\":{\"@id\":\"https:\/\/medicalbeautyconcepts.com\/#organization\"},\"image\":{\"@id\":\"https:\/\/medicalbeautyconcepts.com\/oberlid-straffung-klagenfurt-kaernten\/#primaryimage\"},\"thumbnailUrl\":\"https:\/\/medicalbeautyconcepts.com\/wp-content\/uploads\/2022\/09\/Oberlidstraffung-Klagenfurt-Ka\u0308rnten.png\",\"articleSection\":[\"Braue\",\"Auge\"],\"inLanguage\":\"en-GB\"},{\"@type\":\"WebPage\",\"@id\":\"https:\/\/medicalbeautyconcepts.com\/oberlid-straffung-klagenfurt-kaernten\/\",\"url\":\"https:\/\/medicalbeautyconcepts.com\/oberlid-straffung-klagenfurt-kaernten\/\",\"name\":\"sanfte Oberlid-Straffung in Klagenfurt K\u00e4rnten | Dr. Peter DURNIG\",\"isPartOf\":{\"@id\":\"https:\/\/medicalbeautyconcepts.com\/#website\"},\"primaryImageOfPage\":{\"@id\":\"https:\/\/medicalbeautyconcepts.com\/oberlid-straffung-klagenfurt-kaernten\/#primaryimage\"},\"image\":{\"@id\":\"https:\/\/medicalbeautyconcepts.com\/oberlid-straffung-klagenfurt-kaernten\/#primaryimage\"},\"thumbnailUrl\":\"https:\/\/medicalbeautyconcepts.com\/wp-content\/uploads\/2022\/09\/Oberlidstraffung-Klagenfurt-Ka\u0308rnten.png\",\"datePublished\":\"2018-09-18T11:12:00+00:00\",\"dateModified\":\"2022-09-22T13:37:59+00:00\",\"description\":\"Oberlid-Straffung in Klagenfurt K\u00e4rnten - Wir beantworten Ihre Fragen zu Ihrer OP: Narkose, \u00dcbernachtung, Kosten, Nahtentfernung\",\"breadcrumb\":{\"@id\":\"https:\/\/medicalbeautyconcepts.com\/oberlid-straffung-klagenfurt-kaernten\/#breadcrumb\"},\"inLanguage\":\"en-GB\",\"potentialAction\":[{\"@type\":\"ReadAction\",\"target\":[\"https:\/\/medicalbeautyconcepts.com\/oberlid-straffung-klagenfurt-kaernten\/\"]}]},{\"@type\":\"ImageObject\",\"inLanguage\":\"en-GB\",\"@id\":\"https:\/\/medicalbeautyconcepts.com\/oberlid-straffung-klagenfurt-kaernten\/#primaryimage\",\"url\":\"https:\/\/medicalbeautyconcepts.com\/wp-content\/uploads\/2022\/09\/Oberlidstraffung-Klagenfurt-Ka\u0308rnten.png\",\"contentUrl\":\"https:\/\/medicalbeautyconcepts.com\/wp-content\/uploads\/2022\/09\/Oberlidstraffung-Klagenfurt-Ka\u0308rnten.png\",\"width\":1080,\"height\":1080,\"caption\":\"Oberlidstraffung Klagenfurt K\u00e4rnten\"},{\"@type\":\"BreadcrumbList\",\"@id\":\"https:\/\/medicalbeautyconcepts.com\/oberlid-straffung-klagenfurt-kaernten\/#breadcrumb\",\"itemListElement\":[{\"@type\":\"ListItem\",\"position\":1,\"name\":\"Home\",\"item\":\"https:\/\/medicalbeautyconcepts.com\/\"},{\"@type\":\"ListItem\",\"position\":2,\"name\":\"Oberlid-Straffung Klagenfurt K\u00e4rnten\"}]},{\"@type\":\"WebSite\",\"@id\":\"https:\/\/medicalbeautyconcepts.com\/#website\",\"url\":\"https:\/\/medicalbeautyconcepts.com\/\",\"name\":\"Medical Beauty Concepts\",\"description\":\"Premium Aesthetic Medicine\",\"publisher\":{\"@id\":\"https:\/\/medicalbeautyconcepts.com\/#organization\"},\"potentialAction\":[{\"@type\":\"SearchAction\",\"target\":{\"@type\":\"EntryPoint\",\"urlTemplate\":\"https:\/\/medicalbeautyconcepts.com\/?s={search_term_string}\"},\"query-input\":{\"@type\":\"PropertyValueSpecification\",\"valueRequired\":true,\"valueName\":\"search_term_string\"}}],\"inLanguage\":\"en-GB\"},{\"@type\":\"Organization\",\"@id\":\"https:\/\/medicalbeautyconcepts.com\/#organization\",\"name\":\"Medical Beauty Concepts\",\"url\":\"https:\/\/medicalbeautyconcepts.com\/\",\"logo\":{\"@type\":\"ImageObject\",\"inLanguage\":\"en-GB\",\"@id\":\"https:\/\/medicalbeautyconcepts.com\/#\/schema\/logo\/image\/\",\"url\":\"https:\/\/medicalbeautyconcepts.com\/wp-content\/uploads\/2019\/08\/medical-beauty-concepts.png\",\"contentUrl\":\"https:\/\/medicalbeautyconcepts.com\/wp-content\/uploads\/2019\/08\/medical-beauty-concepts.png\",\"width\":442,\"height\":134,\"caption\":\"Medical Beauty Concepts\"},\"image\":{\"@id\":\"https:\/\/medicalbeautyconcepts.com\/#\/schema\/logo\/image\/\"},\"sameAs\":[\"https:\/\/www.instagram.com\/plastischechirurgiegram\/\"]},{\"@type\":\"Person\",\"@id\":\"https:\/\/medicalbeautyconcepts.com\/#\/schema\/person\/b6dca7ffe5e5e727fe1435c337befccf\",\"name\":\"Peter Durnig\"}]}<\/script>\n<!-- \/ Yoast SEO plugin. -->","yoast_head_json":{"title":"gentle upper eyelid lift in Klagenfurt Carinthia | Dr. Peter DURNIG","description":"Upper eyelid lift in Klagenfurt Carinthia - We answer your questions about your operation: anesthesia, overnight stay, costs, suture removal","robots":{"index":"index","follow":"follow","max-snippet":"max-snippet:-1","max-image-preview":"max-image-preview:large","max-video-preview":"max-video-preview:-1"},"canonical":"https:\/\/medicalbeautyconcepts.com\/en\/upper-eyelid-lift-klagenfurt-carinthia\/","og_locale":"en_GB","og_type":"article","og_title":"sanfte Oberlid-Straffung in Klagenfurt K\u00e4rnten | Dr. Peter DURNIG","og_description":"Oberlid-Straffung in Klagenfurt K\u00e4rnten - Wir beantworten Ihre Fragen zu Ihrer OP: Narkose, \u00dcbernachtung, Kosten, Nahtentfernung","og_url":"https:\/\/medicalbeautyconcepts.com\/en\/upper-eyelid-lift-klagenfurt-carinthia\/","og_site_name":"Medical Beauty Concepts","article_published_time":"2018-09-18T11:12:00+00:00","article_modified_time":"2022-09-22T13:37:59+00:00","og_image":[{"width":1080,"height":1080,"url":"https:\/\/medicalbeautyconcepts.com\/wp-content\/uploads\/2022\/09\/Oberlidstraffung-Klagenfurt-Ka\u0308rnten.png","type":"image\/png"}],"author":"Peter Durnig","twitter_card":"summary_large_image","twitter_misc":{"Written by":"Peter Durnig","Estimated reading time":"4 minutes"},"schema":{"@context":"https:\/\/schema.org","@graph":[{"@type":"Article","@id":"https:\/\/medicalbeautyconcepts.com\/oberlid-straffung-klagenfurt-kaernten\/#article","isPartOf":{"@id":"https:\/\/medicalbeautyconcepts.com\/oberlid-straffung-klagenfurt-kaernten\/"},"author":{"name":"Peter Durnig","@id":"https:\/\/medicalbeautyconcepts.com\/#\/schema\/person\/b6dca7ffe5e5e727fe1435c337befccf"},"headline":"Oberlid-Straffung Klagenfurt K\u00e4rnten","datePublished":"2018-09-18T11:12:00+00:00","dateModified":"2022-09-22T13:37:59+00:00","mainEntityOfPage":{"@id":"https:\/\/medicalbeautyconcepts.com\/oberlid-straffung-klagenfurt-kaernten\/"},"wordCount":855,"publisher":{"@id":"https:\/\/medicalbeautyconcepts.com\/#organization"},"image":{"@id":"https:\/\/medicalbeautyconcepts.com\/oberlid-straffung-klagenfurt-kaernten\/#primaryimage"},"thumbnailUrl":"https:\/\/medicalbeautyconcepts.com\/wp-content\/uploads\/2022\/09\/Oberlidstraffung-Klagenfurt-Ka\u0308rnten.png","articleSection":["Braue","Auge"],"inLanguage":"en-GB"},{"@type":"WebPage","@id":"https:\/\/medicalbeautyconcepts.com\/oberlid-straffung-klagenfurt-kaernten\/","url":"https:\/\/medicalbeautyconcepts.com\/oberlid-straffung-klagenfurt-kaernten\/","name":"gentle upper eyelid lift in Klagenfurt Carinthia | Dr. Peter DURNIG","isPartOf":{"@id":"https:\/\/medicalbeautyconcepts.com\/#website"},"primaryImageOfPage":{"@id":"https:\/\/medicalbeautyconcepts.com\/oberlid-straffung-klagenfurt-kaernten\/#primaryimage"},"image":{"@id":"https:\/\/medicalbeautyconcepts.com\/oberlid-straffung-klagenfurt-kaernten\/#primaryimage"},"thumbnailUrl":"https:\/\/medicalbeautyconcepts.com\/wp-content\/uploads\/2022\/09\/Oberlidstraffung-Klagenfurt-Ka\u0308rnten.png","datePublished":"2018-09-18T11:12:00+00:00","dateModified":"2022-09-22T13:37:59+00:00","description":"Upper eyelid lift in Klagenfurt Carinthia - We answer your questions about your operation: anesthesia, overnight stay, costs, suture removal","breadcrumb":{"@id":"https:\/\/medicalbeautyconcepts.com\/oberlid-straffung-klagenfurt-kaernten\/#breadcrumb"},"inLanguage":"en-GB","potentialAction":[{"@type":"ReadAction","target":["https:\/\/medicalbeautyconcepts.com\/oberlid-straffung-klagenfurt-kaernten\/"]}]},{"@type":"ImageObject","inLanguage":"en-GB","@id":"https:\/\/medicalbeautyconcepts.com\/oberlid-straffung-klagenfurt-kaernten\/#primaryimage","url":"https:\/\/medicalbeautyconcepts.com\/wp-content\/uploads\/2022\/09\/Oberlidstraffung-Klagenfurt-Ka\u0308rnten.png","contentUrl":"https:\/\/medicalbeautyconcepts.com\/wp-content\/uploads\/2022\/09\/Oberlidstraffung-Klagenfurt-Ka\u0308rnten.png","width":1080,"height":1080,"caption":"Oberlidstraffung Klagenfurt K\u00e4rnten"},{"@type":"BreadcrumbList","@id":"https:\/\/medicalbeautyconcepts.com\/oberlid-straffung-klagenfurt-kaernten\/#breadcrumb","itemListElement":[{"@type":"ListItem","position":1,"name":"Home","item":"https:\/\/medicalbeautyconcepts.com\/"},{"@type":"ListItem","position":2,"name":"Oberlid-Straffung Klagenfurt K\u00e4rnten"}]},{"@type":"WebSite","@id":"https:\/\/medicalbeautyconcepts.com\/#website","url":"https:\/\/medicalbeautyconcepts.com\/","name":"Medical Beauty Concepts","description":"Premium Aesthetic Medicine","publisher":{"@id":"https:\/\/medicalbeautyconcepts.com\/#organization"},"potentialAction":[{"@type":"SearchAction","target":{"@type":"EntryPoint","urlTemplate":"https:\/\/medicalbeautyconcepts.com\/?s={search_term_string}"},"query-input":{"@type":"PropertyValueSpecification","valueRequired":true,"valueName":"search_term_string"}}],"inLanguage":"en-GB"},{"@type":"Organization","@id":"https:\/\/medicalbeautyconcepts.com\/#organization","name":"Medical Beauty Concepts","url":"https:\/\/medicalbeautyconcepts.com\/","logo":{"@type":"ImageObject","inLanguage":"en-GB","@id":"https:\/\/medicalbeautyconcepts.com\/#\/schema\/logo\/image\/","url":"https:\/\/medicalbeautyconcepts.com\/wp-content\/uploads\/2019\/08\/medical-beauty-concepts.png","contentUrl":"https:\/\/medicalbeautyconcepts.com\/wp-content\/uploads\/2019\/08\/medical-beauty-concepts.png","width":442,"height":134,"caption":"Medical Beauty Concepts"},"image":{"@id":"https:\/\/medicalbeautyconcepts.com\/#\/schema\/logo\/image\/"},"sameAs":["https:\/\/www.instagram.com\/plastischechirurgiegram\/"]},{"@type":"Person","@id":"https:\/\/medicalbeautyconcepts.com\/#\/schema\/person\/b6dca7ffe5e5e727fe1435c337befccf","name":"Peter Durnig"}]}},"_links":{"self":[{"href":"https:\/\/medicalbeautyconcepts.com\/en\/wp-json\/wp\/v2\/posts\/5280","targetHints":{"allow":["GET"]}}],"collection":[{"href":"https:\/\/medicalbeautyconcepts.com\/en\/wp-json\/wp\/v2\/posts"}],"about":[{"href":"https:\/\/medicalbeautyconcepts.com\/en\/wp-json\/wp\/v2\/types\/post"}],"author":[{"embeddable":true,"href":"https:\/\/medicalbeautyconcepts.com\/en\/wp-json\/wp\/v2\/users\/4"}],"replies":[{"embeddable":true,"href":"https:\/\/medicalbeautyconcepts.com\/en\/wp-json\/wp\/v2\/comments?post=5280"}],"version-history":[{"count":23,"href":"https:\/\/medicalbeautyconcepts.com\/en\/wp-json\/wp\/v2\/posts\/5280\/revisions"}],"predecessor-version":[{"id":5385,"href":"https:\/\/medicalbeautyconcepts.com\/en\/wp-json\/wp\/v2\/posts\/5280\/revisions\/5385"}],"wp:featuredmedia":[{"embeddable":true,"href":"https:\/\/medicalbeautyconcepts.com\/en\/wp-json\/wp\/v2\/media\/5291"}],"wp:attachment":[{"href":"https:\/\/medicalbeautyconcepts.com\/en\/wp-json\/wp\/v2\/media?parent=5280"}],"wp:term":[{"taxonomy":"category","embeddable":true,"href":"https:\/\/medicalbeautyconcepts.com\/en\/wp-json\/wp\/v2\/categories?post=5280"}],"curies":[{"name":"wp","href":"https:\/\/api.w.org\/{rel}","templated":true}]}}