{"id":5143,"date":"2022-01-13T18:13:00","date_gmt":"2022-01-13T17:13:00","guid":{"rendered":"https:\/\/medicalbeautyconcepts.com\/?p=5143"},"modified":"2025-12-19T17:09:30","modified_gmt":"2025-12-19T16:09:30","slug":"short-scar-breast-augmentation","status":"publish","type":"post","link":"https:\/\/medicalbeautyconcepts.com\/en\/short-scar-breast-augmentation\/","title":{"rendered":"short scar breast augmentation"},"content":{"rendered":"<h2 class=\"wp-block-heading\">Short scar breast augmentation \u2013 How can the scar length be reduced and improved?<\/h2>\n\n\n\n<p>\u201cWhat will my scar look like?\u201d <\/p>\n\n\n\n<p>This is obviously a common question during educational and informational meetings. <\/p>\n\n\n\n<p><strong>&quot;A scar is never invisible&quot;<\/strong> is my most common answer. <\/p>\n\n\n\n<p>Firstly, a scar is always more or less visible. Therefore, a beautiful scar can never be guaranteed. Last but not least, it always depends somewhat on your predisposition.<\/p>\n\n\n\n<p>However, there are a few tricks to positively influence scarring, especially in breast enlargement. These include choosing the position for the incision. It is obviously important to handle the tissue gently. If the implant is soft, this is usually good for a natural result and the incision can be shorter. If a funnel is then used, the incision length can be shortened even further. <\/p>\n\n\n\n<p>After breast augmentation, the scar should be protected and well cared for. <\/p>\n\n\n\n<p><strong>short scar breast augmentation<\/strong> \u2013 Below you will find valuable information about scars and scar formation during breast enlargement. Here are some of the most frequently asked questions:<\/p>\n\n\n\n<hr class=\"wp-block-separator has-css-opacity\"\/>\n\n\n\n<h3 class=\"wp-block-heading\">Where is the best position for the incision\/scar?<\/h3>\n\n\n\n<p>There is no single answer. However, these variants are possible:<\/p>\n\n\n\n<ul class=\"wp-block-list\">\n<li>cut in the <strong>inframammary fold<\/strong><\/li>\n\n\n\n<li>or cut around (or in the area of) the <strong>nipple<\/strong><\/li>\n\n\n\n<li>or cut in the area of <strong>armpit<\/strong><\/li>\n\n\n\n<li>as well as editing for simultaneous <strong>tightening<\/strong> the chest = for example lollipop or T-cut<\/li>\n<\/ul>\n\n\n\n<p>Ultimately, the best possible incision and the position of the later scar will depend on the initial situation and your individual wishes.<\/p>\n\n\n\n<hr class=\"wp-block-separator has-css-opacity\"\/>\n\n\n\n<h3 class=\"wp-block-heading\">Short scar breast augmentation \u2013 How long is the scar really?<\/h3>\n\n\n\n<p>Several factors play a role: <\/p>\n\n\n\n<ul class=\"wp-block-list\">\n<li><strong>How big is the breast implant<\/strong> that is used? \u2013 Through special suture techniques and the use of the softest possible implants such as the <strong>Motiva Ergonomix 2 or the Perle implants (ideally with funnel<\/strong>) the scar length can be significantly reduced. Scar lengths <strong>around 3 cm <\/strong>are achievable with medium-sized implants! \ud83d\ude42<\/li>\n\n\n\n<li>NEW: With the new <a href=\"https:\/\/medicalbeautyconcepts.com\/en\/motiva-joy-dot-bundle\/\"><strong>JOY (dot)<\/strong><\/a> Package, the scar is even shorter than before. The new Motiva Ergonomix 2 is even more flexible, a narrower light hook and a funnel ensure an even shorter cut. - Super Minimal Scar Soft Breast Augmentation...Super short cut and naturally soft breast augmentation...<\/li>\n\n\n\n<li>Is an additional<strong> tightening necessary<\/strong>? \u2013 Before the operation, a compromise should be found between the length of the scar and the desired shape of the breast.<\/li>\n<\/ul>\n\n\n\n<hr class=\"wp-block-separator has-css-opacity\"\/>\n\n\n\n<h3 class=\"wp-block-heading\">What does ideal scar care look like?<\/h3>\n\n\n\n<p>Regular <strong>Disinfect<\/strong> of the wound until the stitches are removed makes sense. After the stitches have been removed, we recommend cleaning the scar 1-2 times a day with a <strong>cream to nourish and soften<\/strong>. <\/p>\n\n\n\n<p>From our medical cosmetics range we recommend these products after breast surgery: <\/p>\n\n\n\n<figure class=\"wp-block-embed is-type-wp-embed is-provider-medical-beauty-concepts wp-block-embed-medical-beauty-concepts\"><div class=\"wp-block-embed__wrapper\">\n<blockquote class=\"wp-embedded-content\" data-secret=\"Ns64gJtVCH\"><a href=\"https:\/\/medicalbeautyconcepts.com\/en\/products\/medi-spray-clear\/\">The Beauty Secret N\u00b015 \u2013 Medi Spray Clear<\/a><\/blockquote><iframe loading=\"lazy\" class=\"wp-embedded-content\" sandbox=\"allow-scripts\" security=\"restricted\" style=\"position: absolute; visibility: hidden;\" title=\"\u201cThe Beauty Secret N\u00b015 \u2013 Medi Spray Clear\u201d \u2014 Medical Beauty Concepts\" src=\"https:\/\/medicalbeautyconcepts.com\/produkte\/medi-spray-clear\/embed\/#?secret=DUwze14eqp#?secret=Ns64gJtVCH\" data-secret=\"Ns64gJtVCH\" width=\"500\" height=\"282\" frameborder=\"0\" marginwidth=\"0\" marginheight=\"0\" scrolling=\"no\"><\/iframe>\n<\/div><figcaption class=\"wp-element-caption\">Medi Spray Clear for wound disinfection<\/figcaption><\/figure>\n\n\n\n<figure class=\"wp-block-embed is-type-wp-embed is-provider-medical-beauty-concepts wp-block-embed-medical-beauty-concepts\"><div class=\"wp-block-embed__wrapper\">\n<blockquote class=\"wp-embedded-content\" data-secret=\"xc1uzqFY73\"><a href=\"https:\/\/medicalbeautyconcepts.com\/en\/products\/sensitive-skin\/\">The Beauty Secret N\u00b011 \u2013 Sensitive Skin<\/a><\/blockquote><iframe loading=\"lazy\" class=\"wp-embedded-content\" sandbox=\"allow-scripts\" security=\"restricted\" style=\"position: absolute; visibility: hidden;\" title=\"\u201cThe Beauty Secret N\u00b011 \u2013 Sensitive Skin\u201d \u2014 Medical Beauty Concepts\" src=\"https:\/\/medicalbeautyconcepts.com\/produkte\/sensitive-skin\/embed\/#?secret=1aQG5uVR1g#?secret=xc1uzqFY73\" data-secret=\"xc1uzqFY73\" width=\"500\" height=\"282\" frameborder=\"0\" marginwidth=\"0\" marginheight=\"0\" scrolling=\"no\"><\/iframe>\n<\/div><figcaption class=\"wp-element-caption\">Sensitive Skin for scar care<\/figcaption><\/figure>\n\n\n\n<hr class=\"wp-block-separator has-css-opacity\"\/>\n\n\n\n<h3 class=\"wp-block-heading\">What about the sun and scarring?<\/h3>\n\n\n\n<p>In addition, we recommend consistently <strong>sun protection factor 30<\/strong> or more. This is intended to prevent pigment changes.<\/p>\n\n\n\n<p>The best sun protection is shade. Therefore, you should spend a lot of time in the shade according to your individual sun exposure time. This will ultimately pay off in terms of UV damage to the skin.<\/p>\n\n\n\n<hr class=\"wp-block-separator has-css-opacity\"\/>\n\n\n\n<h3 class=\"wp-block-heading\">How should the scar massage be performed?<\/h3>\n\n\n\n<p>It is best to massage the scars <strong>along the wound<\/strong>Start with light pressure. You can increase the pressure over time. In harder scar areas, also use a pressure massage with your finger in a light circular motion against the surface. <\/p>\n\n\n\n<p>If you have any questions, please contact us!<\/p>\n\n\n\n<p>In the first few months, you should avoid excessive use of special scar ointments from the pharmacy.<\/p>\n\n\n\n<p> This can otherwise make the scar too soft. This can be counterproductive in the first few weeks and months: the scar can become wide and sink in.<\/p>\n\n\n\n<hr class=\"wp-block-separator has-css-opacity\"\/>\n\n\n\n<h3 class=\"wp-block-heading\">You can also find valuable information about scars under the individual surgeries and treatments:<\/h3>\n\n\n\n<div class=\"wp-block-media-text alignwide is-stacked-on-mobile\" style=\"grid-template-columns:15% auto\"><figure class=\"wp-block-media-text__media\"><img loading=\"lazy\" decoding=\"async\" width=\"603\" height=\"1024\" src=\"https:\/\/medicalbeautyconcepts.com\/wp-content\/uploads\/2022\/01\/Brust-OP-Dr.-Durnig-Klagenfurt-Ka\u0308rnten-603x1024.png\" alt=\"\" class=\"wp-image-3998 size-full\" srcset=\"https:\/\/medicalbeautyconcepts.com\/wp-content\/uploads\/2022\/01\/Brust-OP-Dr.-Durnig-Klagenfurt-Ka\u0308rnten-603x1024.png 603w, https:\/\/medicalbeautyconcepts.com\/wp-content\/uploads\/2022\/01\/Brust-OP-Dr.-Durnig-Klagenfurt-Ka\u0308rnten-177x300.png 177w, https:\/\/medicalbeautyconcepts.com\/wp-content\/uploads\/2022\/01\/Brust-OP-Dr.-Durnig-Klagenfurt-Ka\u0308rnten-768x1305.png 768w, https:\/\/medicalbeautyconcepts.com\/wp-content\/uploads\/2022\/01\/Brust-OP-Dr.-Durnig-Klagenfurt-Ka\u0308rnten-904x1536.png 904w, https:\/\/medicalbeautyconcepts.com\/wp-content\/uploads\/2022\/01\/Brust-OP-Dr.-Durnig-Klagenfurt-Ka\u0308rnten-1205x2048.png 1205w, https:\/\/medicalbeautyconcepts.com\/wp-content\/uploads\/2022\/01\/Brust-OP-Dr.-Durnig-Klagenfurt-Ka\u0308rnten-382x650.png 382w, https:\/\/medicalbeautyconcepts.com\/wp-content\/uploads\/2022\/01\/Brust-OP-Dr.-Durnig-Klagenfurt-Ka\u0308rnten-324x550.png 324w, https:\/\/medicalbeautyconcepts.com\/wp-content\/uploads\/2022\/01\/Brust-OP-Dr.-Durnig-Klagenfurt-Ka\u0308rnten.png 1258w\" sizes=\"auto, (max-width: 603px) 100vw, 603px\" \/><\/figure><div class=\"wp-block-media-text__content\">\n<p>Click under the heading <strong><a href=\"https:\/\/medicalbeautyconcepts.com\/en\/plastic-surgery-breast-face-body\/\">BODY to the corresponding area<\/a><\/strong> and find a lot of information about the individual operations and treatments.<\/p>\n<\/div><\/div>\n\n\n\n<hr class=\"wp-block-separator has-css-opacity\"\/>\n\n\n\n<h3 class=\"wp-block-heading\">How do you find us?<\/h3>\n\n\n\n<p>You can find us here:<\/p>\n\n\n\n<div class=\"wp-block-media-text alignwide is-stacked-on-mobile\" style=\"grid-template-columns:37% auto\"><figure class=\"wp-block-media-text__media\"><img loading=\"lazy\" decoding=\"async\" width=\"1024\" height=\"576\" src=\"https:\/\/medicalbeautyconcepts.com\/wp-content\/uploads\/2022\/01\/Ordination-Schloss-Velden-Dr.-Durnig-Ka\u0308rnten-Plastische-Chirurgie-2-1024x576.jpg\" alt=\"\" class=\"wp-image-4026 size-full\" srcset=\"https:\/\/medicalbeautyconcepts.com\/wp-content\/uploads\/2022\/01\/Ordination-Schloss-Velden-Dr.-Durnig-Ka\u0308rnten-Plastische-Chirurgie-2-1024x576.jpg 1024w, https:\/\/medicalbeautyconcepts.com\/wp-content\/uploads\/2022\/01\/Ordination-Schloss-Velden-Dr.-Durnig-Ka\u0308rnten-Plastische-Chirurgie-2-300x169.jpg 300w, https:\/\/medicalbeautyconcepts.com\/wp-content\/uploads\/2022\/01\/Ordination-Schloss-Velden-Dr.-Durnig-Ka\u0308rnten-Plastische-Chirurgie-2-768x432.jpg 768w, https:\/\/medicalbeautyconcepts.com\/wp-content\/uploads\/2022\/01\/Ordination-Schloss-Velden-Dr.-Durnig-Ka\u0308rnten-Plastische-Chirurgie-2-1536x864.jpg 1536w, https:\/\/medicalbeautyconcepts.com\/wp-content\/uploads\/2022\/01\/Ordination-Schloss-Velden-Dr.-Durnig-Ka\u0308rnten-Plastische-Chirurgie-2-2048x1152.jpg 2048w, https:\/\/medicalbeautyconcepts.com\/wp-content\/uploads\/2022\/01\/Ordination-Schloss-Velden-Dr.-Durnig-Ka\u0308rnten-Plastische-Chirurgie-2-1920x1080.jpg 1920w, https:\/\/medicalbeautyconcepts.com\/wp-content\/uploads\/2022\/01\/Ordination-Schloss-Velden-Dr.-Durnig-Ka\u0308rnten-Plastische-Chirurgie-2-550x309.jpg 550w, https:\/\/medicalbeautyconcepts.com\/wp-content\/uploads\/2022\/01\/Ordination-Schloss-Velden-Dr.-Durnig-Ka\u0308rnten-Plastische-Chirurgie-2-740x416.jpg 740w\" sizes=\"auto, (max-width: 1024px) 100vw, 1024px\" \/><\/figure><div class=\"wp-block-media-text__content\">\n<p>Ordination at the Falkensteiner Schlosshotel in Velden am W\u00f6rthersee<\/p>\n<\/div><\/div>\n\n\n\n<ul class=\"wp-block-list\">\n<li><strong>Ordination Klagenfurt<\/strong> Domplatz: Lidmanskygasse 8, 9020 Klagenfurt am W\u00f6rthersee<\/li>\n\n\n\n<li><strong>Ordination\/Medical Spa Velden<\/strong> Falkensteiner Schlosshotel Velden: Schlosspark 1, 9220 Velden am W\u00f6rthersee<\/li>\n\n\n\n<li><strong>AestheticOP Private Surgery Klagenfurt<\/strong>: Feldkirchnerstrasse 217, 9020 Klagenfurt am W\u00f6rthersee<\/li>\n\n\n\n<li><strong>Hospital Barmherzige Br\u00fcder Sankt Veit\/Glan<\/strong>: Spitalgasse 26, 9300 Sankt Veit\/Glan<\/li>\n\n\n\n<li><strong>Private Clinic Maria Hilf Humanomed<\/strong>: Radetzkystrasse 35, 9200 Klagenfurt am W\u00f6rthersee<\/li>\n<\/ul>\n\n\n\n<p>When arriving from <strong>Carinthia<\/strong> (Klagenfurt, Villach, Wolfsberg, Feldkirchen, St. Veit an der Glan, Spittal an der Drau, V\u00f6lkermarkt, Friesach, Velden, etc.), you will find the right way to us\u2026<\/p>\n\n\n\n<ul class=\"wp-block-list\">\n<li>Arrival by <strong><a href=\"https:\/\/www.viamichelin.at\/web\/Routenplaner\">car<\/a><\/strong><\/li>\n\n\n\n<li>Arrival with the <strong><a href=\"https:\/\/routenplaner.kaerntner-linien.at\/\">K\u00e4rntner Linien<\/a><\/strong><\/li>\n\n\n\n<li>Arrival by <strong><a href=\"https:\/\/www.thetrainline.com\/de\/bahnunternehmen\/oebb?gclid=CjwKCAiA866PBhAYEiwANkIneObaU4BXugWRZ_eYJrlCQYl17QYxAPHksLgX_aDQNT4njLiz9mhnFxoCojwQAvD_BwE&amp;gclsrc=aw.ds\">Train<\/a><\/strong><\/li>\n<\/ul>\n\n\n\n<p>If they are <strong>Vienna\/Lower Austria\/Burgenland<\/strong> (Vienna, St. P\u00f6lten, Wiener Neustadt, Klosterneuburg, Baden, Krems, Amstetten, M\u00f6dling, Traiskirchen, Schwechat, Stockerau, Tulln, Korneuburg, Eisenstadt) <strong>Upper Austria <\/strong>(Linz, Leonding, Bad Ischl, Wels, Steyr, Traun, Enns, Ried, Braunau, Ansfelden, Marchtrenk, V\u00f6cklabruck) <strong>Salzburg<\/strong> (Salzburg, Hallein, Saalfelden, St. Johann, Bischofshofen, Seekirchen) <strong>Styria <\/strong>(Leoben, Kapfenberg, Judenburg, Liezen, Murau, Feldbach, Gratwein, Knittelfeld, Leibnitz, Deutschlandsberg, Weitz, Mariazell, Admont, Schladming, Bruck an der Mur) <strong>Tyrol\/Vorarlberg<\/strong> (Innsbruck, Kufstein, Telfs, Schwaz, Hall, W\u00f6rgl, Lienz, Feldkirch, Bregenz, Lustenau, Hohenems, Bludenz, Hard) \u2013 This is how you find the right way to us\u2026<\/p>\n\n\n\n<ul class=\"wp-block-list\">\n<li>Arrival by <strong><a href=\"https:\/\/www.viamichelin.at\/web\/Routenplaner\">car<\/a><\/strong><\/li>\n\n\n\n<li>Arrival by <strong><a href=\"https:\/\/www.thetrainline.com\/de\/bahnunternehmen\/oebb?gclid=CjwKCAiA866PBhAYEiwANkIneObaU4BXugWRZ_eYJrlCQYl17QYxAPHksLgX_aDQNT4njLiz9mhnFxoCojwQAvD_BwE&amp;gclsrc=aw.ds\">Train<\/a><\/strong><\/li>\n\n\n\n<li>Arrival by <strong><a href=\"https:\/\/airport-klagenfurt.at\/\">Airplane<\/a><\/strong><\/li>\n<\/ul>\n\n\n\n<hr class=\"wp-block-separator has-css-opacity\"\/>\n\n\n\r\n<div id=\"cta-block_f251814c70b2d816c9f1a9ca9d08b9c7\" class=\"icontext-block\">\r\n\t<div class=\"row\">\r\n\t\t\r\n\t\t<div class=\"col-sm-1 col-12 reveal\">\r\n\t\t\t\t\t\t\t<div class=\"icontext-icon icon-dark-arrow-right\"><\/div>\r\n\t\t\t\t\t<\/div>\r\n\r\n\t\t<div class=\"col-sm-11 col-12 reveal\">\r\n\t\t\t<div class=\"icontext-text\">\r\n\t\t\t\t<h2 class=\"rich-text block-editor-rich-text__editable\" role=\"textbox\" contenteditable=\"true\" aria-multiline=\"true\" aria-label=\"Write headline\u2026\">Make an appointment for your breast surgery in Klagenfurt<\/h2>\n<p>We look forward to your call at <strong>0699 19988009<\/strong> (Mon-Fri 12-16). See you soon!<\/p>\n\t\t\t<\/div>\r\n\t\t<\/div>\r\n\r\n\t<\/div>\r\n<\/div>\r\n\n\n\n<p>However, nothing can replace personal, individual advice from a specialist. Appropriate experience and the right aesthetic sensitivity are important for a possible surgical success. <\/p>\n\n\n\n<p>We would be happy to advise you in detail!<\/p>\n\n\n\n<p>On request we offer a <strong>3D analysis<\/strong> your breast. This can show a possible result.<\/p>\n\n\n\n<p>Arrange your <strong>Consultation appointment at 0699 19988009<\/strong>. <\/p>\n\n\n\n<p>Or contact us via our <a href=\"http:\/\/www.durnig.at\/kontakt\/\"><strong>contact form<\/strong><\/a>. We look forward to seeing you!<\/p>\n\n\n\n<p><\/p>\n\n\n\n<p>Here you can see everything about <strong><a href=\"http:\/\/www.durnig.at\/leistungen\/brust\/\">breast surgery, breast augmentation and breast lift<\/a><\/strong>.<\/p>\n\n\n\n<p><\/p>\n\n\n\n<p>Below you will find further valuable information on the topic <a href=\"https:\/\/medicalbeautyconcepts.com\/en\/beauty-concepts\/\"><strong>among our Beauty Concepts<\/strong><\/a><\/p>\n\n\n\n<hr class=\"wp-block-separator has-alpha-channel-opacity\"\/>\n\n\n\n<h3 class=\"wp-block-heading\">Where does the consultation\/information take place?<\/h3>\n\n\n\n<p>You can find us here:<\/p>\n\n\n\n<ul class=\"wp-block-list\">\n<li><strong>Ordination Klagenfurt<\/strong> Domplatz: Lidmanskygasse 8, 9020 Klagenfurt am W\u00f6rthersee<\/li>\n<\/ul>\n\n\n\n<div class=\"wp-block-media-text is-stacked-on-mobile\" style=\"grid-template-columns:37% auto\"><figure class=\"wp-block-media-text__media\"><img loading=\"lazy\" decoding=\"async\" width=\"1024\" height=\"683\" src=\"https:\/\/medicalbeautyconcepts.com\/wp-content\/uploads\/2024\/09\/Ordination-Dr.-Durnig-Lidmanskygasse-8-1024x683.jpg\" alt=\"\" class=\"wp-image-7397 size-full\" srcset=\"https:\/\/medicalbeautyconcepts.com\/wp-content\/uploads\/2024\/09\/Ordination-Dr.-Durnig-Lidmanskygasse-8-1024x683.jpg 1024w, https:\/\/medicalbeautyconcepts.com\/wp-content\/uploads\/2024\/09\/Ordination-Dr.-Durnig-Lidmanskygasse-8-300x200.jpg 300w, https:\/\/medicalbeautyconcepts.com\/wp-content\/uploads\/2024\/09\/Ordination-Dr.-Durnig-Lidmanskygasse-8-768x512.jpg 768w, https:\/\/medicalbeautyconcepts.com\/wp-content\/uploads\/2024\/09\/Ordination-Dr.-Durnig-Lidmanskygasse-8-1536x1024.jpg 1536w, https:\/\/medicalbeautyconcepts.com\/wp-content\/uploads\/2024\/09\/Ordination-Dr.-Durnig-Lidmanskygasse-8-2048x1366.jpg 2048w, https:\/\/medicalbeautyconcepts.com\/wp-content\/uploads\/2024\/09\/Ordination-Dr.-Durnig-Lidmanskygasse-8-550x367.jpg 550w, https:\/\/medicalbeautyconcepts.com\/wp-content\/uploads\/2024\/09\/Ordination-Dr.-Durnig-Lidmanskygasse-8-740x493.jpg 740w\" sizes=\"auto, (max-width: 1024px) 100vw, 1024px\" \/><\/figure><div class=\"wp-block-media-text__content\">\n<p>Welcome to our practice in the center of Klagenfurt. We are happy to discuss all your <strong>Questions &amp; wishes about the new GENTLE breast enlargement<\/strong>.<\/p>\n<\/div><\/div>\n\n\n\n<ul class=\"wp-block-list\">\n<li><strong>Ordination Velden<\/strong> Falkensteiner Schlosshotel Velden: Schlosspark 1, 9220 Velden am W\u00f6rthersee<\/li>\n<\/ul>\n\n\n\n<div class=\"wp-block-media-text alignwide is-stacked-on-mobile\" style=\"grid-template-columns:37% auto\"><figure class=\"wp-block-media-text__media\"><img loading=\"lazy\" decoding=\"async\" width=\"1024\" height=\"576\" src=\"https:\/\/medicalbeautyconcepts.com\/wp-content\/uploads\/2022\/01\/Ordination-Schloss-Velden-Dr.-Durnig-Ka\u0308rnten-Plastische-Chirurgie-2-1024x576.jpg\" alt=\"\" class=\"wp-image-4026 size-full\" srcset=\"https:\/\/medicalbeautyconcepts.com\/wp-content\/uploads\/2022\/01\/Ordination-Schloss-Velden-Dr.-Durnig-Ka\u0308rnten-Plastische-Chirurgie-2-1024x576.jpg 1024w, https:\/\/medicalbeautyconcepts.com\/wp-content\/uploads\/2022\/01\/Ordination-Schloss-Velden-Dr.-Durnig-Ka\u0308rnten-Plastische-Chirurgie-2-300x169.jpg 300w, https:\/\/medicalbeautyconcepts.com\/wp-content\/uploads\/2022\/01\/Ordination-Schloss-Velden-Dr.-Durnig-Ka\u0308rnten-Plastische-Chirurgie-2-768x432.jpg 768w, https:\/\/medicalbeautyconcepts.com\/wp-content\/uploads\/2022\/01\/Ordination-Schloss-Velden-Dr.-Durnig-Ka\u0308rnten-Plastische-Chirurgie-2-1536x864.jpg 1536w, https:\/\/medicalbeautyconcepts.com\/wp-content\/uploads\/2022\/01\/Ordination-Schloss-Velden-Dr.-Durnig-Ka\u0308rnten-Plastische-Chirurgie-2-2048x1152.jpg 2048w, https:\/\/medicalbeautyconcepts.com\/wp-content\/uploads\/2022\/01\/Ordination-Schloss-Velden-Dr.-Durnig-Ka\u0308rnten-Plastische-Chirurgie-2-1920x1080.jpg 1920w, https:\/\/medicalbeautyconcepts.com\/wp-content\/uploads\/2022\/01\/Ordination-Schloss-Velden-Dr.-Durnig-Ka\u0308rnten-Plastische-Chirurgie-2-550x309.jpg 550w, https:\/\/medicalbeautyconcepts.com\/wp-content\/uploads\/2022\/01\/Ordination-Schloss-Velden-Dr.-Durnig-Ka\u0308rnten-Plastische-Chirurgie-2-740x416.jpg 740w\" sizes=\"auto, (max-width: 1024px) 100vw, 1024px\" \/><\/figure><div class=\"wp-block-media-text__content\">\n<p>In our practice in the Falkensteiner Schlosshotel in Velden we also offer a <strong>3D scan<\/strong> before your planned breast enlargement with implants.<\/p>\n<\/div><\/div>\n\n\n\n<p>If you are from <strong>Carinthia<\/strong> (Klagenfurt, Villach, Wolfsberg, Feldkirchen, St. Veit an der Glan, Spittal an der Drau, V\u00f6lkermarkt, Friesach, Velden, etc.), you will find the right way to us...<\/p>\n\n\n\n<ul class=\"wp-block-list\">\n<li>Arrival by <strong><a href=\"https:\/\/www.viamichelin.at\/web\/Routenplaner\">car<\/a><\/strong><\/li>\n\n\n\n<li>Arrival with the <strong><a href=\"https:\/\/routenplaner.kaerntner-linien.at\/\">K\u00e4rntner Linien<\/a><\/strong><\/li>\n\n\n\n<li>Arrival by <strong><a href=\"https:\/\/www.thetrainline.com\/de\/bahnunternehmen\/oebb?gclid=CjwKCAiA866PBhAYEiwANkIneObaU4BXugWRZ_eYJrlCQYl17QYxAPHksLgX_aDQNT4njLiz9mhnFxoCojwQAvD_BwE&amp;gclsrc=aw.ds\">Train<\/a><\/strong><\/li>\n<\/ul>\n\n\n\n<p>You are traveling <strong>Vienna\/Lower Austria\/Burgenland<\/strong> (Vienna, St. P\u00f6lten, Wiener Neustadt, Klosterneuburg, Baden, Krems, Amstetten, M\u00f6dling, Traiskirchen, Schwechat, Stockerau, Tulln, Korneuburg, Eisenstadt) <strong>Upper Austria <\/strong>(Linz, Leonding, Bad Ischl, Wels, Steyr, Traun, Enns, Ried, Braunau, Ansfelden, Marchtrenk, V\u00f6cklabruck) <strong>Salzburg<\/strong> (Salzburg, Hallein, Saalfelden, St. Johann, Bischofshofen, Seekirchen) <strong>Styria <\/strong>(Leoben, Kapfenberg, Judenburg, Liezen, Murau, Feldbach, Gratwein, Knittelfeld, Leibnitz, Deutschlandsberg, Weitz, Mariazell, Admont, Schladming, Bruck an der Mur) <strong>Tyrol\/Vorarlberg<\/strong> (Innsbruck, Kufstein, Telfs, Schwaz, Hall, W\u00f6rgl, Lienz, Feldkirch, Bregenz, Lustenau, Hohenems, Bludenz, Hard)? This is how you find the right way to us...<\/p>\n\n\n\n<ul class=\"wp-block-list\">\n<li>Arrival by <strong><a href=\"https:\/\/www.viamichelin.at\/web\/Routenplaner\">car<\/a><\/strong><\/li>\n\n\n\n<li>Arrival by <strong><a href=\"https:\/\/www.thetrainline.com\/de\/bahnunternehmen\/oebb?gclid=CjwKCAiA866PBhAYEiwANkIneObaU4BXugWRZ_eYJrlCQYl17QYxAPHksLgX_aDQNT4njLiz9mhnFxoCojwQAvD_BwE&amp;gclsrc=aw.ds\">Train<\/a><\/strong><\/li>\n\n\n\n<li>Arrival by <strong><a href=\"https:\/\/airport-klagenfurt.at\/\">Airplane<\/a><\/strong><\/li>\n\n\n\n<li><\/li>\n<\/ul>\n\n\n\n<hr class=\"wp-block-separator has-alpha-channel-opacity\"\/>\n\n\n\n<h3 class=\"wp-block-heading\">Where is my surgery?<\/h3>\n\n\n\n<p><strong>AestheticOP Private Surgery Klagenfurt<\/strong>: Stauderplatz 5, 9020 Klagenfurt am W\u00f6rthersee<\/p>\n\n\n\n<div class=\"wp-block-media-text alignwide is-stacked-on-mobile\" style=\"grid-template-columns:43% auto\"><figure class=\"wp-block-media-text__media\"><img loading=\"lazy\" decoding=\"async\" width=\"841\" height=\"1024\" src=\"https:\/\/medicalbeautyconcepts.com\/wp-content\/uploads\/2024\/03\/Empfang-Aesthetic-OP-841x1024.jpg\" alt=\"\" class=\"wp-image-6919 size-full\" srcset=\"https:\/\/medicalbeautyconcepts.com\/wp-content\/uploads\/2024\/03\/Empfang-Aesthetic-OP-841x1024.jpg 841w, https:\/\/medicalbeautyconcepts.com\/wp-content\/uploads\/2024\/03\/Empfang-Aesthetic-OP-246x300.jpg 246w, https:\/\/medicalbeautyconcepts.com\/wp-content\/uploads\/2024\/03\/Empfang-Aesthetic-OP-768x936.jpg 768w, https:\/\/medicalbeautyconcepts.com\/wp-content\/uploads\/2024\/03\/Empfang-Aesthetic-OP-1261x1536.jpg 1261w, https:\/\/medicalbeautyconcepts.com\/wp-content\/uploads\/2024\/03\/Empfang-Aesthetic-OP-1681x2048.jpg 1681w, https:\/\/medicalbeautyconcepts.com\/wp-content\/uploads\/2024\/03\/Empfang-Aesthetic-OP-534x650.jpg 534w, https:\/\/medicalbeautyconcepts.com\/wp-content\/uploads\/2024\/03\/Empfang-Aesthetic-OP-452x550.jpg 452w\" sizes=\"auto, (max-width: 841px) 100vw, 841px\" \/><\/figure><div class=\"wp-block-media-text__content\">\n<p>Welcome to the new AestheticOP!<\/p>\n\n\n\n<p>Operations of the highest quality in the center of Klagenfurt. For safe surgical treatments in a comfortable atmosphere. We look forward to welcoming you to the new operating room!<\/p>\n<\/div><\/div>\n\n\n\n<p>Aesthetic surgery Klagenfurt Carinthia = <strong>aesthetic surgeries<\/strong> in the <strong>private surgery<\/strong> in Klagenfurt Carinthia:<\/p>\n\n\n\n<p>We specialize in gentle aesthetic operations preferably under twilight anesthesia with short rehabilitation<\/p>\n\n\n\n<p>in the <strong>state-of-the-art operating room<\/strong> for outpatient surgeries or surgeries with overnight stay<\/p>\n\n\n\n<p>Plastic surgery and cosmetic surgery in a private atmosphere <\/p>\n\n\n\n<p><\/p>\n\n\n\n<p>What you should know about it...<\/p>\n\n\n\n<h3 class=\"wp-block-heading\">Where is the AestheticOP?<\/h3>\n\n\n\n<p>You can find us at <strong>Stauderplatz 5<\/strong> in the center of Klagenfurt.<\/p>\n\n\n\n<h3 class=\"wp-block-heading\">AestheticOP \u2013 Where can I park or get picked up?<\/h3>\n\n\n\n<p>There are several underground garages and parking spaces around the AestheticOP:<\/p>\n\n\n\n<p>The most modern underground car park is only a few hundred meters away from the AestheticOP: <strong><a href=\"https:\/\/www.9022.at\/parkgarage.xhtml\">Vitaneum underground car park<\/a><\/strong> \u2013 the parking garage at the Benediktinermarkt.<\/p>\n\n\n\n<p>Also just a few hundred meters away is the <strong><a href=\"https:\/\/www.apcoa.at\/parken\/klagenfurt\/lindwurm-klagenfurt-apcoa\/\">Lindwurm underground car park<\/a><\/strong>.<\/p>\n\n\n\n<p>Directly in the AestheticOP building is the <strong><a href=\"https:\/\/www.apcoa.at\/parken\/klagenfurt\/heiligengeist-klagenfurt-apcoa\/\">Heiligengeist underground car park<\/a><\/strong>Here you can park in the same building and have someone take you to the operation and pick you up again.<\/p>\n\n\n\n<p>Direct <strong><a href=\"https:\/\/www.apcoa.at\/parken\/klagenfurt\/heiligengeist-klagenfurt-apcoa\/\">at Stauderplatz<\/a><\/strong> there are some <strong>parking spaces with short-term parking zones<\/strong>.<\/p>","protected":false},"excerpt":{"rendered":"<p>short scar breast augmentation<\/p>","protected":false},"author":4,"featured_media":5575,"comment_status":"closed","ping_status":"closed","sticky":false,"template":"","format":"standard","meta":{"_acf_changed":false,"footnotes":""},"categories":[53,1],"class_list":["post-5143","post","type-post","status-publish","format-standard","has-post-thumbnail","hentry","category-brust-korper","category-unkategorisiert"],"acf":[],"yoast_head":"<!-- This site is optimized with the Yoast SEO plugin v26.8 - https:\/\/yoast.com\/product\/yoast-seo-wordpress\/ -->\n<title>kurze Narbe Brustvergr\u00f6sserung | kurze Narbe Brustvergr\u00f6sserung<\/title>\n<meta name=\"description\" content=\"kurze Narbe Brustvergr\u00f6sserung - wo ist der beste Platz f\u00fcr den Schnitt und die sp\u00e4tere Narbe? Wie lang ist die Narbe wirklich?\" \/>\n<meta name=\"robots\" content=\"index, follow, max-snippet:-1, max-image-preview:large, max-video-preview:-1\" \/>\n<link rel=\"canonical\" href=\"https:\/\/medicalbeautyconcepts.com\/en\/short-scar-breast-augmentation\/\" \/>\n<meta property=\"og:locale\" content=\"en_GB\" \/>\n<meta property=\"og:type\" content=\"article\" \/>\n<meta property=\"og:title\" content=\"kurze Narbe Brustvergr\u00f6sserung | kurze Narbe Brustvergr\u00f6sserung\" \/>\n<meta property=\"og:description\" content=\"kurze Narbe Brustvergr\u00f6sserung - wo ist der beste Platz f\u00fcr den Schnitt und die sp\u00e4tere Narbe? Wie lang ist die Narbe wirklich?\" \/>\n<meta property=\"og:url\" content=\"https:\/\/medicalbeautyconcepts.com\/en\/short-scar-breast-augmentation\/\" \/>\n<meta property=\"og:site_name\" content=\"Medical Beauty Concepts\" \/>\n<meta property=\"article:published_time\" content=\"2022-01-13T17:13:00+00:00\" \/>\n<meta property=\"article:modified_time\" content=\"2025-12-19T16:09:30+00:00\" \/>\n<meta property=\"og:image\" content=\"https:\/\/medicalbeautyconcepts.com\/wp-content\/uploads\/2022\/01\/kurze-Narbe-Brustvergro\u0308sserung.jpeg\" \/>\n\t<meta property=\"og:image:width\" content=\"837\" \/>\n\t<meta property=\"og:image:height\" content=\"668\" \/>\n\t<meta property=\"og:image:type\" content=\"image\/jpeg\" \/>\n<meta name=\"author\" content=\"Peter Durnig\" \/>\n<meta name=\"twitter:card\" content=\"summary_large_image\" \/>\n<meta name=\"twitter:label1\" content=\"Written by\" \/>\n\t<meta name=\"twitter:data1\" content=\"Peter Durnig\" \/>\n\t<meta name=\"twitter:label2\" content=\"Estimated reading time\" \/>\n\t<meta name=\"twitter:data2\" content=\"9 minutes\" \/>\n<script type=\"application\/ld+json\" class=\"yoast-schema-graph\">{\"@context\":\"https:\/\/schema.org\",\"@graph\":[{\"@type\":\"Article\",\"@id\":\"https:\/\/medicalbeautyconcepts.com\/kurze-narbe-brustvergroesserung\/#article\",\"isPartOf\":{\"@id\":\"https:\/\/medicalbeautyconcepts.com\/kurze-narbe-brustvergroesserung\/\"},\"author\":{\"name\":\"Peter Durnig\",\"@id\":\"https:\/\/medicalbeautyconcepts.com\/#\/schema\/person\/b6dca7ffe5e5e727fe1435c337befccf\"},\"headline\":\"kurze Narbe Brustvergr\u00f6sserung\",\"datePublished\":\"2022-01-13T17:13:00+00:00\",\"dateModified\":\"2025-12-19T16:09:30+00:00\",\"mainEntityOfPage\":{\"@id\":\"https:\/\/medicalbeautyconcepts.com\/kurze-narbe-brustvergroesserung\/\"},\"wordCount\":1407,\"publisher\":{\"@id\":\"https:\/\/medicalbeautyconcepts.com\/#organization\"},\"image\":{\"@id\":\"https:\/\/medicalbeautyconcepts.com\/kurze-narbe-brustvergroesserung\/#primaryimage\"},\"thumbnailUrl\":\"https:\/\/medicalbeautyconcepts.com\/wp-content\/uploads\/2022\/01\/kurze-Narbe-Brustvergro\u0308sserung.jpeg\",\"articleSection\":[\"Brust\",\"Unkategorisiert\"],\"inLanguage\":\"en-GB\"},{\"@type\":\"WebPage\",\"@id\":\"https:\/\/medicalbeautyconcepts.com\/kurze-narbe-brustvergroesserung\/\",\"url\":\"https:\/\/medicalbeautyconcepts.com\/kurze-narbe-brustvergroesserung\/\",\"name\":\"kurze Narbe Brustvergr\u00f6sserung | kurze Narbe Brustvergr\u00f6sserung\",\"isPartOf\":{\"@id\":\"https:\/\/medicalbeautyconcepts.com\/#website\"},\"primaryImageOfPage\":{\"@id\":\"https:\/\/medicalbeautyconcepts.com\/kurze-narbe-brustvergroesserung\/#primaryimage\"},\"image\":{\"@id\":\"https:\/\/medicalbeautyconcepts.com\/kurze-narbe-brustvergroesserung\/#primaryimage\"},\"thumbnailUrl\":\"https:\/\/medicalbeautyconcepts.com\/wp-content\/uploads\/2022\/01\/kurze-Narbe-Brustvergro\u0308sserung.jpeg\",\"datePublished\":\"2022-01-13T17:13:00+00:00\",\"dateModified\":\"2025-12-19T16:09:30+00:00\",\"description\":\"kurze Narbe Brustvergr\u00f6sserung - wo ist der beste Platz f\u00fcr den Schnitt und die sp\u00e4tere Narbe? Wie lang ist die Narbe wirklich?\",\"breadcrumb\":{\"@id\":\"https:\/\/medicalbeautyconcepts.com\/kurze-narbe-brustvergroesserung\/#breadcrumb\"},\"inLanguage\":\"en-GB\",\"potentialAction\":[{\"@type\":\"ReadAction\",\"target\":[\"https:\/\/medicalbeautyconcepts.com\/kurze-narbe-brustvergroesserung\/\"]}]},{\"@type\":\"ImageObject\",\"inLanguage\":\"en-GB\",\"@id\":\"https:\/\/medicalbeautyconcepts.com\/kurze-narbe-brustvergroesserung\/#primaryimage\",\"url\":\"https:\/\/medicalbeautyconcepts.com\/wp-content\/uploads\/2022\/01\/kurze-Narbe-Brustvergro\u0308sserung.jpeg\",\"contentUrl\":\"https:\/\/medicalbeautyconcepts.com\/wp-content\/uploads\/2022\/01\/kurze-Narbe-Brustvergro\u0308sserung.jpeg\",\"width\":837,\"height\":668,\"caption\":\"kurze Narbe Brustvergro\u0308sserung\"},{\"@type\":\"BreadcrumbList\",\"@id\":\"https:\/\/medicalbeautyconcepts.com\/kurze-narbe-brustvergroesserung\/#breadcrumb\",\"itemListElement\":[{\"@type\":\"ListItem\",\"position\":1,\"name\":\"Home\",\"item\":\"https:\/\/medicalbeautyconcepts.com\/\"},{\"@type\":\"ListItem\",\"position\":2,\"name\":\"kurze Narbe Brustvergr\u00f6sserung\"}]},{\"@type\":\"WebSite\",\"@id\":\"https:\/\/medicalbeautyconcepts.com\/#website\",\"url\":\"https:\/\/medicalbeautyconcepts.com\/\",\"name\":\"Medical Beauty Concepts\",\"description\":\"Premium Aesthetic Medicine\",\"publisher\":{\"@id\":\"https:\/\/medicalbeautyconcepts.com\/#organization\"},\"potentialAction\":[{\"@type\":\"SearchAction\",\"target\":{\"@type\":\"EntryPoint\",\"urlTemplate\":\"https:\/\/medicalbeautyconcepts.com\/?s={search_term_string}\"},\"query-input\":{\"@type\":\"PropertyValueSpecification\",\"valueRequired\":true,\"valueName\":\"search_term_string\"}}],\"inLanguage\":\"en-GB\"},{\"@type\":\"Organization\",\"@id\":\"https:\/\/medicalbeautyconcepts.com\/#organization\",\"name\":\"Medical Beauty Concepts\",\"url\":\"https:\/\/medicalbeautyconcepts.com\/\",\"logo\":{\"@type\":\"ImageObject\",\"inLanguage\":\"en-GB\",\"@id\":\"https:\/\/medicalbeautyconcepts.com\/#\/schema\/logo\/image\/\",\"url\":\"https:\/\/medicalbeautyconcepts.com\/wp-content\/uploads\/2019\/08\/medical-beauty-concepts.png\",\"contentUrl\":\"https:\/\/medicalbeautyconcepts.com\/wp-content\/uploads\/2019\/08\/medical-beauty-concepts.png\",\"width\":442,\"height\":134,\"caption\":\"Medical Beauty Concepts\"},\"image\":{\"@id\":\"https:\/\/medicalbeautyconcepts.com\/#\/schema\/logo\/image\/\"},\"sameAs\":[\"https:\/\/www.instagram.com\/plastischechirurgiegram\/\"]},{\"@type\":\"Person\",\"@id\":\"https:\/\/medicalbeautyconcepts.com\/#\/schema\/person\/b6dca7ffe5e5e727fe1435c337befccf\",\"name\":\"Peter Durnig\"}]}<\/script>\n<!-- \/ Yoast SEO plugin. -->","yoast_head_json":{"title":"short scar breast augmentation | short scar breast augmentation","description":"Short scar breast augmentation - where is the best place for the incision and the subsequent scar? How long is the scar really?","robots":{"index":"index","follow":"follow","max-snippet":"max-snippet:-1","max-image-preview":"max-image-preview:large","max-video-preview":"max-video-preview:-1"},"canonical":"https:\/\/medicalbeautyconcepts.com\/en\/short-scar-breast-augmentation\/","og_locale":"en_GB","og_type":"article","og_title":"kurze Narbe Brustvergr\u00f6sserung | kurze Narbe Brustvergr\u00f6sserung","og_description":"kurze Narbe Brustvergr\u00f6sserung - wo ist der beste Platz f\u00fcr den Schnitt und die sp\u00e4tere Narbe? Wie lang ist die Narbe wirklich?","og_url":"https:\/\/medicalbeautyconcepts.com\/en\/short-scar-breast-augmentation\/","og_site_name":"Medical Beauty Concepts","article_published_time":"2022-01-13T17:13:00+00:00","article_modified_time":"2025-12-19T16:09:30+00:00","og_image":[{"width":837,"height":668,"url":"https:\/\/medicalbeautyconcepts.com\/wp-content\/uploads\/2022\/01\/kurze-Narbe-Brustvergro\u0308sserung.jpeg","type":"image\/jpeg"}],"author":"Peter Durnig","twitter_card":"summary_large_image","twitter_misc":{"Written by":"Peter Durnig","Estimated reading time":"9 minutes"},"schema":{"@context":"https:\/\/schema.org","@graph":[{"@type":"Article","@id":"https:\/\/medicalbeautyconcepts.com\/kurze-narbe-brustvergroesserung\/#article","isPartOf":{"@id":"https:\/\/medicalbeautyconcepts.com\/kurze-narbe-brustvergroesserung\/"},"author":{"name":"Peter Durnig","@id":"https:\/\/medicalbeautyconcepts.com\/#\/schema\/person\/b6dca7ffe5e5e727fe1435c337befccf"},"headline":"kurze Narbe Brustvergr\u00f6sserung","datePublished":"2022-01-13T17:13:00+00:00","dateModified":"2025-12-19T16:09:30+00:00","mainEntityOfPage":{"@id":"https:\/\/medicalbeautyconcepts.com\/kurze-narbe-brustvergroesserung\/"},"wordCount":1407,"publisher":{"@id":"https:\/\/medicalbeautyconcepts.com\/#organization"},"image":{"@id":"https:\/\/medicalbeautyconcepts.com\/kurze-narbe-brustvergroesserung\/#primaryimage"},"thumbnailUrl":"https:\/\/medicalbeautyconcepts.com\/wp-content\/uploads\/2022\/01\/kurze-Narbe-Brustvergro\u0308sserung.jpeg","articleSection":["Brust","Unkategorisiert"],"inLanguage":"en-GB"},{"@type":"WebPage","@id":"https:\/\/medicalbeautyconcepts.com\/kurze-narbe-brustvergroesserung\/","url":"https:\/\/medicalbeautyconcepts.com\/kurze-narbe-brustvergroesserung\/","name":"short scar breast augmentation | short scar breast augmentation","isPartOf":{"@id":"https:\/\/medicalbeautyconcepts.com\/#website"},"primaryImageOfPage":{"@id":"https:\/\/medicalbeautyconcepts.com\/kurze-narbe-brustvergroesserung\/#primaryimage"},"image":{"@id":"https:\/\/medicalbeautyconcepts.com\/kurze-narbe-brustvergroesserung\/#primaryimage"},"thumbnailUrl":"https:\/\/medicalbeautyconcepts.com\/wp-content\/uploads\/2022\/01\/kurze-Narbe-Brustvergro\u0308sserung.jpeg","datePublished":"2022-01-13T17:13:00+00:00","dateModified":"2025-12-19T16:09:30+00:00","description":"Short scar breast augmentation - where is the best place for the incision and the subsequent scar? How long is the scar really?","breadcrumb":{"@id":"https:\/\/medicalbeautyconcepts.com\/kurze-narbe-brustvergroesserung\/#breadcrumb"},"inLanguage":"en-GB","potentialAction":[{"@type":"ReadAction","target":["https:\/\/medicalbeautyconcepts.com\/kurze-narbe-brustvergroesserung\/"]}]},{"@type":"ImageObject","inLanguage":"en-GB","@id":"https:\/\/medicalbeautyconcepts.com\/kurze-narbe-brustvergroesserung\/#primaryimage","url":"https:\/\/medicalbeautyconcepts.com\/wp-content\/uploads\/2022\/01\/kurze-Narbe-Brustvergro\u0308sserung.jpeg","contentUrl":"https:\/\/medicalbeautyconcepts.com\/wp-content\/uploads\/2022\/01\/kurze-Narbe-Brustvergro\u0308sserung.jpeg","width":837,"height":668,"caption":"kurze Narbe Brustvergro\u0308sserung"},{"@type":"BreadcrumbList","@id":"https:\/\/medicalbeautyconcepts.com\/kurze-narbe-brustvergroesserung\/#breadcrumb","itemListElement":[{"@type":"ListItem","position":1,"name":"Home","item":"https:\/\/medicalbeautyconcepts.com\/"},{"@type":"ListItem","position":2,"name":"kurze Narbe Brustvergr\u00f6sserung"}]},{"@type":"WebSite","@id":"https:\/\/medicalbeautyconcepts.com\/#website","url":"https:\/\/medicalbeautyconcepts.com\/","name":"Medical Beauty Concepts","description":"Premium Aesthetic Medicine","publisher":{"@id":"https:\/\/medicalbeautyconcepts.com\/#organization"},"potentialAction":[{"@type":"SearchAction","target":{"@type":"EntryPoint","urlTemplate":"https:\/\/medicalbeautyconcepts.com\/?s={search_term_string}"},"query-input":{"@type":"PropertyValueSpecification","valueRequired":true,"valueName":"search_term_string"}}],"inLanguage":"en-GB"},{"@type":"Organization","@id":"https:\/\/medicalbeautyconcepts.com\/#organization","name":"Medical Beauty Concepts","url":"https:\/\/medicalbeautyconcepts.com\/","logo":{"@type":"ImageObject","inLanguage":"en-GB","@id":"https:\/\/medicalbeautyconcepts.com\/#\/schema\/logo\/image\/","url":"https:\/\/medicalbeautyconcepts.com\/wp-content\/uploads\/2019\/08\/medical-beauty-concepts.png","contentUrl":"https:\/\/medicalbeautyconcepts.com\/wp-content\/uploads\/2019\/08\/medical-beauty-concepts.png","width":442,"height":134,"caption":"Medical Beauty Concepts"},"image":{"@id":"https:\/\/medicalbeautyconcepts.com\/#\/schema\/logo\/image\/"},"sameAs":["https:\/\/www.instagram.com\/plastischechirurgiegram\/"]},{"@type":"Person","@id":"https:\/\/medicalbeautyconcepts.com\/#\/schema\/person\/b6dca7ffe5e5e727fe1435c337befccf","name":"Peter Durnig"}]}},"_links":{"self":[{"href":"https:\/\/medicalbeautyconcepts.com\/en\/wp-json\/wp\/v2\/posts\/5143","targetHints":{"allow":["GET"]}}],"collection":[{"href":"https:\/\/medicalbeautyconcepts.com\/en\/wp-json\/wp\/v2\/posts"}],"about":[{"href":"https:\/\/medicalbeautyconcepts.com\/en\/wp-json\/wp\/v2\/types\/post"}],"author":[{"embeddable":true,"href":"https:\/\/medicalbeautyconcepts.com\/en\/wp-json\/wp\/v2\/users\/4"}],"replies":[{"embeddable":true,"href":"https:\/\/medicalbeautyconcepts.com\/en\/wp-json\/wp\/v2\/comments?post=5143"}],"version-history":[{"count":62,"href":"https:\/\/medicalbeautyconcepts.com\/en\/wp-json\/wp\/v2\/posts\/5143\/revisions"}],"predecessor-version":[{"id":8258,"href":"https:\/\/medicalbeautyconcepts.com\/en\/wp-json\/wp\/v2\/posts\/5143\/revisions\/8258"}],"wp:featuredmedia":[{"embeddable":true,"href":"https:\/\/medicalbeautyconcepts.com\/en\/wp-json\/wp\/v2\/media\/5575"}],"wp:attachment":[{"href":"https:\/\/medicalbeautyconcepts.com\/en\/wp-json\/wp\/v2\/media?parent=5143"}],"wp:term":[{"taxonomy":"category","embeddable":true,"href":"https:\/\/medicalbeautyconcepts.com\/en\/wp-json\/wp\/v2\/categories?post=5143"}],"curies":[{"name":"wp","href":"https:\/\/api.w.org\/{rel}","templated":true}]}}