{"id":4052,"date":"2021-11-12T17:52:00","date_gmt":"2021-11-12T16:52:00","guid":{"rendered":"https:\/\/medicalbeautyconcepts.com\/?p=4052"},"modified":"2024-05-09T20:21:18","modified_gmt":"2024-05-09T18:21:18","slug":"facelift-in-klagenfurt-carinthia","status":"publish","type":"post","link":"https:\/\/medicalbeautyconcepts.com\/en\/facelift-in-klagenfurt-carinthia\/","title":{"rendered":"Facelift in Klagenfurt Carinthia"},"content":{"rendered":"<p>Your facelift in Klagenfurt Carinthia \u2013 the most frequently asked questions:<\/p>\n\n\n\n<h3 class=\"wp-block-heading\">What can a facelift do?<\/h3>\n\n\n\n<p>A facelift rejuvenates your cheek area and puts sagging tissue back into place. And it does so more effectively than other cheek lift methods. Depending on your wishes, the middle face, eyebrow area or neck area can also be improved.<\/p>\n\n\n\n<hr class=\"wp-block-separator\"\/>\n\n\n\n<h3 class=\"wp-block-heading\">Isn&#039;t a facelift unnatural?<\/h3>\n\n\n\n<p>If a facelift is done well, it represents naturalness. However, since a facelift can never achieve 100% effectiveness, the last few percent should be supplemented using other methods. A modern facelift always adds volume for a harmonious effect. After the operation, hyaluronic acid can provide additional volume or moisture. Or heat treatments such as HIFU or radio frequency.<\/p>\n\n\n\n<hr class=\"wp-block-separator\"\/>\n\n\n\n<h3 class=\"wp-block-heading\">Do stitches need to be removed during a facelift?<\/h3>\n\n\n\n<p>We use self-dissolving stitches. Therefore, no stitches need to be removed. After about 10 days, a check is carried out to see where stitches above the surface are shortened. Staples are usually used in the hairy area. These are also removed around the 10th day.<\/p>\n\n\n\n<hr class=\"wp-block-separator\"\/>\n\n\n\n<h3 class=\"wp-block-heading\">How long should I rest after a facelift in Klagenfurt Carinthia?<\/h3>\n\n\n\n<p>You should take it easy for 2-3 weeks. Use your senses and common sense. The basic rule is: don&#039;t lift more than 5kg, don&#039;t make sudden movements, don&#039;t work overhead. <\/p>\n\n\n\n<p>But you are not sick. That means you should move around, but just take care of the operated area. When lying down, turning to the left and right is allowed and advisable. Otherwise you risk back pain if you just lie on your back with cramps. Obviously you should not lie on the operated area or the surgical wound itself. <\/p>\n\n\n\n<hr class=\"wp-block-separator\"\/>\n\n\n\n<h3 class=\"wp-block-heading\">How much does a facelift cost?<\/h3>\n\n\n\n<p><strong><a href=\"https:\/\/medicalbeautyconcepts.com\/en\/treatments\/facelift-neck-lift\/\">Prices and Costs<\/a><\/strong> can be found in our Beauty Concepts. The following factors play a role in the costs: day surgery or overnight stay, how many regions are to be improved, planned duration of the operation and difficulty of the operation. In a detailed consultation, the costs can usually be calculated very precisely. All decisions should be made by the second consultation at the latest. From then on, an exact calculation of the costs and price is possible.<\/p>\n\n\n\n<hr class=\"wp-block-separator\"\/>\n\n\n\n<h3 class=\"wp-block-heading\">Facelift \u2013 after the operation\u2026<\/h3>\n\n\n\n<p>After the operation, you should take it easy for 2-3 weeks. We recommend wearing a bandage or compression bandage for around 5-6 weeks. In the first few days after a facelift, we recommend using compresses, as some wound fluid or blood may still come out of the wound. The compresses should always be kept dry and clean and changed when they are moist or bloody. <\/p>\n\n\n\n<div class=\"wp-block-media-text alignwide is-stacked-on-mobile\" style=\"grid-template-columns:26% auto\"><figure class=\"wp-block-media-text__media\"><img loading=\"lazy\" decoding=\"async\" width=\"1000\" height=\"1000\" src=\"https:\/\/medicalbeautyconcepts.com\/wp-content\/uploads\/2022\/09\/Facelift-Klagenfurt-Ka\u0308rnten-Bandage.jpg\" alt=\"\" class=\"wp-image-5415 size-full\" srcset=\"https:\/\/medicalbeautyconcepts.com\/wp-content\/uploads\/2022\/09\/Facelift-Klagenfurt-Ka\u0308rnten-Bandage.jpg 1000w, https:\/\/medicalbeautyconcepts.com\/wp-content\/uploads\/2022\/09\/Facelift-Klagenfurt-Ka\u0308rnten-Bandage-300x300.jpg 300w, https:\/\/medicalbeautyconcepts.com\/wp-content\/uploads\/2022\/09\/Facelift-Klagenfurt-Ka\u0308rnten-Bandage-150x150.jpg 150w, https:\/\/medicalbeautyconcepts.com\/wp-content\/uploads\/2022\/09\/Facelift-Klagenfurt-Ka\u0308rnten-Bandage-768x768.jpg 768w, https:\/\/medicalbeautyconcepts.com\/wp-content\/uploads\/2022\/09\/Facelift-Klagenfurt-Ka\u0308rnten-Bandage-550x550.jpg 550w, https:\/\/medicalbeautyconcepts.com\/wp-content\/uploads\/2022\/09\/Facelift-Klagenfurt-Ka\u0308rnten-Bandage-100x100.jpg 100w, https:\/\/medicalbeautyconcepts.com\/wp-content\/uploads\/2022\/09\/Facelift-Klagenfurt-Ka\u0308rnten-Bandage-200x200.jpg 200w\" sizes=\"auto, (max-width: 1000px) 100vw, 1000px\" \/><\/figure><div class=\"wp-block-media-text__content\">\n<p><strong>brown bandage<\/strong> or <strong>facelift bandage<\/strong> (here from the company <strong><a href=\"https:\/\/www.lipoelastic.at\/gesichtsbandagen\">lipoelastic<\/a><\/strong>) should be worn as much as possible for 5-6 weeks after surgery.<\/p>\n<\/div><\/div>\n\n\n\n<hr class=\"wp-block-separator\"\/>\n\n\n\n<h3 class=\"wp-block-heading\">Which anesthesia is recommended?<\/h3>\n\n\n\n<p>This is decided in consultation with the surgeon and anesthetist. We offer both the option <strong>twilight sleep <\/strong>as well as the <strong>gentle general anesthesia<\/strong> possible. Both have certain advantages and disadvantages. Ultimately, it is usually an individual decision.<\/p>\n\n\n\n<hr class=\"wp-block-separator\"\/>\n\n\n\n<h3 class=\"wp-block-heading\">What other treatments are possible in the cheek area?<\/h3>\n\n\n\n<div class=\"wp-block-media-text alignwide is-stacked-on-mobile\" style=\"grid-template-columns:20% auto\"><figure class=\"wp-block-media-text__media\"><img loading=\"lazy\" decoding=\"async\" width=\"849\" height=\"1024\" src=\"https:\/\/medicalbeautyconcepts.com\/wp-content\/uploads\/2022\/01\/Facelift-Dr.-Durnig-Klagenfurt-Ka\u0308rnten-849x1024.png\" alt=\"\" class=\"wp-image-4065 size-full\" srcset=\"https:\/\/medicalbeautyconcepts.com\/wp-content\/uploads\/2022\/01\/Facelift-Dr.-Durnig-Klagenfurt-Ka\u0308rnten-849x1024.png 849w, https:\/\/medicalbeautyconcepts.com\/wp-content\/uploads\/2022\/01\/Facelift-Dr.-Durnig-Klagenfurt-Ka\u0308rnten-249x300.png 249w, https:\/\/medicalbeautyconcepts.com\/wp-content\/uploads\/2022\/01\/Facelift-Dr.-Durnig-Klagenfurt-Ka\u0308rnten-768x927.png 768w, https:\/\/medicalbeautyconcepts.com\/wp-content\/uploads\/2022\/01\/Facelift-Dr.-Durnig-Klagenfurt-Ka\u0308rnten-539x650.png 539w, https:\/\/medicalbeautyconcepts.com\/wp-content\/uploads\/2022\/01\/Facelift-Dr.-Durnig-Klagenfurt-Ka\u0308rnten-456x550.png 456w, https:\/\/medicalbeautyconcepts.com\/wp-content\/uploads\/2022\/01\/Facelift-Dr.-Durnig-Klagenfurt-Ka\u0308rnten.png 1240w\" sizes=\"auto, (max-width: 849px) 100vw, 849px\" \/><\/figure><div class=\"wp-block-media-text__content\">\n<p>Click under the heading <strong><a href=\"https:\/\/medicalbeautyconcepts.com\/en\/plastic-surgery-breast-face-body\/\">BODY on the cheek area<\/a><\/strong> and find all options for treatments and surgeries in the cheek and face area<\/p>\n<\/div><\/div>\n\n\n\n<hr class=\"wp-block-separator\"\/>\n\n\n\n<h3 class=\"wp-block-heading\">How do you find us for your facelift in Klagenfurt Carinthia?<\/h3>\n\n\n\n<p>You can find us here:<\/p>\n\n\n\n<div class=\"wp-block-media-text alignwide is-stacked-on-mobile\" style=\"grid-template-columns:37% auto\"><figure class=\"wp-block-media-text__media\"><img loading=\"lazy\" decoding=\"async\" width=\"1024\" height=\"576\" src=\"https:\/\/medicalbeautyconcepts.com\/wp-content\/uploads\/2022\/01\/Ordination-Schloss-Velden-Dr.-Durnig-Ka\u0308rnten-Plastische-Chirurgie-2-1024x576.jpg\" alt=\"\" class=\"wp-image-4026 size-full\" srcset=\"https:\/\/medicalbeautyconcepts.com\/wp-content\/uploads\/2022\/01\/Ordination-Schloss-Velden-Dr.-Durnig-Ka\u0308rnten-Plastische-Chirurgie-2-1024x576.jpg 1024w, https:\/\/medicalbeautyconcepts.com\/wp-content\/uploads\/2022\/01\/Ordination-Schloss-Velden-Dr.-Durnig-Ka\u0308rnten-Plastische-Chirurgie-2-300x169.jpg 300w, https:\/\/medicalbeautyconcepts.com\/wp-content\/uploads\/2022\/01\/Ordination-Schloss-Velden-Dr.-Durnig-Ka\u0308rnten-Plastische-Chirurgie-2-768x432.jpg 768w, https:\/\/medicalbeautyconcepts.com\/wp-content\/uploads\/2022\/01\/Ordination-Schloss-Velden-Dr.-Durnig-Ka\u0308rnten-Plastische-Chirurgie-2-1536x864.jpg 1536w, https:\/\/medicalbeautyconcepts.com\/wp-content\/uploads\/2022\/01\/Ordination-Schloss-Velden-Dr.-Durnig-Ka\u0308rnten-Plastische-Chirurgie-2-2048x1152.jpg 2048w, https:\/\/medicalbeautyconcepts.com\/wp-content\/uploads\/2022\/01\/Ordination-Schloss-Velden-Dr.-Durnig-Ka\u0308rnten-Plastische-Chirurgie-2-1920x1080.jpg 1920w, https:\/\/medicalbeautyconcepts.com\/wp-content\/uploads\/2022\/01\/Ordination-Schloss-Velden-Dr.-Durnig-Ka\u0308rnten-Plastische-Chirurgie-2-550x309.jpg 550w, https:\/\/medicalbeautyconcepts.com\/wp-content\/uploads\/2022\/01\/Ordination-Schloss-Velden-Dr.-Durnig-Ka\u0308rnten-Plastische-Chirurgie-2-740x416.jpg 740w\" sizes=\"auto, (max-width: 1024px) 100vw, 1024px\" \/><\/figure><div class=\"wp-block-media-text__content\">\n<p>In our <strong>Ordination at the Falkensteiner Schlosshotel in Velden am W\u00f6rthersee<\/strong> we offer you the ideal aftercare for your facelift. Whether a few days of relaxation, lymphatic drainage or individual day care for the time after your operation <\/p>\n<\/div><\/div>\n\n\n\n<ul class=\"wp-block-list\"><li><strong>Ordination Klagenfurt<\/strong> Domplatz: Lidmanskygasse 8, 9020 Klagenfurt am W\u00f6rthersee<\/li><li><strong>Ordination Velden<\/strong> Falkensteiner Schlosshotel Velden: Schlosspark 1, 9220 Velden am W\u00f6rthersee<\/li><li><strong>AestheticOP Private Surgery Klagenfurt<\/strong>: Feldkirchnerstrasse 217, 9020 Klagenfurt am W\u00f6rthersee<\/li><li><strong>Hospital Barmherzige Br\u00fcder Sankt Veit\/Glan<\/strong>: Spitalgasse 26, 9300 Sankt Veit\/Glan<\/li><li><strong>Private Clinic Maria Hilf Humanomed<\/strong>: Radetzkystrasse 35, 9200 Klagenfurt am W\u00f6rthersee<\/li><\/ul>\n\n\n\n<p>If you are from <strong>Carinthia<\/strong> (Klagenfurt, Villach, Wolfsberg, Feldkirchen, St. Veit an der Glan, Spittal an der Drau, V\u00f6lkermarkt, Friesach, Velden, etc.), you will find the right way to us...<\/p>\n\n\n\n<ul class=\"wp-block-list\"><li>Arrival by <strong><a href=\"https:\/\/www.viamichelin.at\/web\/Routenplaner\">car<\/a><\/strong><\/li><li>Arrival with the <strong><a href=\"https:\/\/routenplaner.kaerntner-linien.at\/\">K\u00e4rntner Linien<\/a><\/strong><\/li><li>Arrival by <strong><a href=\"https:\/\/www.thetrainline.com\/de\/bahnunternehmen\/oebb?gclid=CjwKCAiA866PBhAYEiwANkIneObaU4BXugWRZ_eYJrlCQYl17QYxAPHksLgX_aDQNT4njLiz9mhnFxoCojwQAvD_BwE&amp;gclsrc=aw.ds\">Train<\/a><\/strong><\/li><\/ul>\n\n\n\n<p>You are traveling <strong>Vienna\/Lower Austria\/Burgenland<\/strong> (Vienna, St. P\u00f6lten, Wiener Neustadt, Klosterneuburg, Baden, Krems, Amstetten, M\u00f6dling, Traiskirchen, Schwechat, Stockerau, Tulln, Korneuburg, Eisenstadt) <strong>Upper Austria <\/strong>(Linz, Leonding, Bad Ischl, Wels, Steyr, Traun, Enns, Ried, Braunau, Ansfelden, Marchtrenk, V\u00f6cklabruck) <strong>Salzburg<\/strong> (Salzburg, Hallein, Saalfelden, St. Johann, Bischofshofen, Seekirchen) <strong>Styria <\/strong>(Leoben, Kapfenberg, Judenburg, Liezen, Murau, Feldbach, Gratwein, Knittelfeld, Leibnitz, Deutschlandsberg, Weitz, Mariazell, Admont, Schladming, Bruck an der Mur) <strong>Tyrol\/Vorarlberg<\/strong> (Innsbruck, Kufstein, Telfs, Schwaz, Hall, W\u00f6rgl, Lienz, Feldkirch, Bregenz, Lustenau, Hohenems, Bludenz, Hard)? This is how you find the right way to us...<\/p>\n\n\n\n<ul class=\"wp-block-list\"><li>Arrival by <strong><a href=\"https:\/\/www.viamichelin.at\/web\/Routenplaner\">car<\/a><\/strong><\/li><li>Arrival by <strong><a href=\"https:\/\/www.thetrainline.com\/de\/bahnunternehmen\/oebb?gclid=CjwKCAiA866PBhAYEiwANkIneObaU4BXugWRZ_eYJrlCQYl17QYxAPHksLgX_aDQNT4njLiz9mhnFxoCojwQAvD_BwE&amp;gclsrc=aw.ds\">Train<\/a><\/strong><\/li><li>Arrival by <strong><a href=\"https:\/\/airport-klagenfurt.at\/\">Airplane<\/a><\/strong><\/li><\/ul>\n\n\n\n<hr class=\"wp-block-separator\"\/>\n\n\n\r\n<div id=\"cta-block_5eb02ce881bd0\" class=\"icontext-block\">\r\n\t<div class=\"row\">\r\n\t\t\r\n\t\t<div class=\"col-sm-1 col-12 reveal\">\r\n\t\t\t\t\t\t\t<div class=\"icontext-icon icon-dark-arrow-right\"><\/div>\r\n\t\t\t\t\t<\/div>\r\n\r\n\t\t<div class=\"col-sm-11 col-12 reveal\">\r\n\t\t\t<div class=\"icontext-text\">\r\n\t\t\t\t<h2 class=\"rich-text block-editor-rich-text__editable\" role=\"textbox\" contenteditable=\"true\" aria-multiline=\"true\" aria-label=\"Write headline\u2026\">Make an appointment for your facelift in Klagenfurt<\/h2>\n<p>We look forward to your call at <strong>0699 19988009<\/strong> (Mon-Fri 12-16). See you soon!<\/p>\n\t\t\t<\/div>\r\n\t\t<\/div>\r\n\r\n\t<\/div>\r\n<\/div>\r\n\n\n\n<h2 class=\"wp-block-heading\">Facelift consultation in Klagenfurt Carinthia\u2026<\/h2>\n\n\n\n<p>Nothing can replace personal, individual advice from a specialist with the appropriate experience and the right aesthetic sensitivity. We will be happy to advise you in detail (with 3D analysis on request) \u2013 arrange your <strong>Consultation appointment at 0699 19988009<\/strong>. Or contact us via our <a href=\"http:\/\/www.durnig.at\/kontakt\/\"><strong>contact form<\/strong><\/a>. We look forward to seeing you!<\/p>\n\n\n\n<p><\/p>\n\n\n\n<p>Here you can find more<strong><a href=\"http:\/\/www.durnig.at\/leistungen\/facelift\/\"> Information about your planned facelift<\/a><\/strong><\/p>\n\n\n\n<p><\/p>\n\n\n\n<p>Find more valuable information on the topic <a href=\"https:\/\/medicalbeautyconcepts.com\/en\/beauty-concepts\/\"><strong>among our Beauty Concepts<\/strong><\/a><\/p>","protected":false},"excerpt":{"rendered":"<p>Facelift in Klagenfurt Carinthia<\/p>","protected":false},"author":4,"featured_media":4061,"comment_status":"closed","ping_status":"closed","sticky":false,"template":"","format":"standard","meta":{"_acf_changed":false,"footnotes":""},"categories":[5,27,29,31],"class_list":["post-4052","post","type-post","status-publish","format-standard","has-post-thumbnail","hentry","category-gesicht","category-mittelgesicht","category-wange-kinnlinie","category-hals"],"acf":[],"yoast_head":"<!-- This site is optimized with the Yoast SEO plugin v26.8 - https:\/\/yoast.com\/product\/yoast-seo-wordpress\/ -->\n<title>Facelift in Klagenfurt K\u00e4rnten | Dr. DURNIG | Facelift f\u00fcr nat\u00fcrliche Frische<\/title>\n<meta name=\"description\" content=\"Facelift in Klagenfurt K\u00e4rnten - Wir beantworten Ihre Fragen zu Ihrem Facelift: Schonung, Kosten &amp; Preise, Risiken, Narkose\" \/>\n<meta name=\"robots\" content=\"index, follow, max-snippet:-1, max-image-preview:large, max-video-preview:-1\" \/>\n<link rel=\"canonical\" href=\"https:\/\/medicalbeautyconcepts.com\/en\/facelift-in-klagenfurt-carinthia\/\" \/>\n<meta property=\"og:locale\" content=\"en_GB\" \/>\n<meta property=\"og:type\" content=\"article\" \/>\n<meta property=\"og:title\" content=\"Facelift in Klagenfurt K\u00e4rnten | Dr. DURNIG | Facelift f\u00fcr nat\u00fcrliche Frische\" \/>\n<meta property=\"og:description\" content=\"Facelift in Klagenfurt K\u00e4rnten - Wir beantworten Ihre Fragen zu Ihrem Facelift: Schonung, Kosten &amp; Preise, Risiken, Narkose\" \/>\n<meta property=\"og:url\" content=\"https:\/\/medicalbeautyconcepts.com\/en\/facelift-in-klagenfurt-carinthia\/\" \/>\n<meta property=\"og:site_name\" content=\"Medical Beauty Concepts\" \/>\n<meta property=\"article:published_time\" content=\"2021-11-12T16:52:00+00:00\" \/>\n<meta property=\"article:modified_time\" content=\"2024-05-09T18:21:18+00:00\" \/>\n<meta property=\"og:image\" content=\"https:\/\/medicalbeautyconcepts.com\/wp-content\/uploads\/2022\/01\/Facelift-Klagenfurt-Ka\u0308rnten-scaled.jpg\" \/>\n\t<meta property=\"og:image:width\" content=\"2560\" \/>\n\t<meta property=\"og:image:height\" content=\"2532\" \/>\n\t<meta property=\"og:image:type\" content=\"image\/jpeg\" \/>\n<meta name=\"author\" content=\"Peter Durnig\" \/>\n<meta name=\"twitter:card\" content=\"summary_large_image\" \/>\n<meta name=\"twitter:label1\" content=\"Written by\" \/>\n\t<meta name=\"twitter:data1\" content=\"Peter Durnig\" \/>\n\t<meta name=\"twitter:label2\" content=\"Estimated reading time\" \/>\n\t<meta name=\"twitter:data2\" content=\"6 minutes\" \/>\n<script type=\"application\/ld+json\" class=\"yoast-schema-graph\">{\"@context\":\"https:\/\/schema.org\",\"@graph\":[{\"@type\":\"Article\",\"@id\":\"https:\/\/medicalbeautyconcepts.com\/facelift-in-klagenfurt-kaernten\/#article\",\"isPartOf\":{\"@id\":\"https:\/\/medicalbeautyconcepts.com\/facelift-in-klagenfurt-kaernten\/\"},\"author\":{\"name\":\"Peter Durnig\",\"@id\":\"https:\/\/medicalbeautyconcepts.com\/#\/schema\/person\/b6dca7ffe5e5e727fe1435c337befccf\"},\"headline\":\"Facelift in Klagenfurt K\u00e4rnten\",\"datePublished\":\"2021-11-12T16:52:00+00:00\",\"dateModified\":\"2024-05-09T18:21:18+00:00\",\"mainEntityOfPage\":{\"@id\":\"https:\/\/medicalbeautyconcepts.com\/facelift-in-klagenfurt-kaernten\/\"},\"wordCount\":845,\"publisher\":{\"@id\":\"https:\/\/medicalbeautyconcepts.com\/#organization\"},\"image\":{\"@id\":\"https:\/\/medicalbeautyconcepts.com\/facelift-in-klagenfurt-kaernten\/#primaryimage\"},\"thumbnailUrl\":\"https:\/\/medicalbeautyconcepts.com\/wp-content\/uploads\/2022\/01\/Facelift-Klagenfurt-Ka\u0308rnten-scaled.jpg\",\"articleSection\":[\"Gesicht\",\"Mittelgesicht\",\"Wange \/ Kinnlinie\",\"Hals\"],\"inLanguage\":\"en-GB\"},{\"@type\":\"WebPage\",\"@id\":\"https:\/\/medicalbeautyconcepts.com\/facelift-in-klagenfurt-kaernten\/\",\"url\":\"https:\/\/medicalbeautyconcepts.com\/facelift-in-klagenfurt-kaernten\/\",\"name\":\"Facelift in Klagenfurt K\u00e4rnten | Dr. DURNIG | Facelift f\u00fcr nat\u00fcrliche Frische\",\"isPartOf\":{\"@id\":\"https:\/\/medicalbeautyconcepts.com\/#website\"},\"primaryImageOfPage\":{\"@id\":\"https:\/\/medicalbeautyconcepts.com\/facelift-in-klagenfurt-kaernten\/#primaryimage\"},\"image\":{\"@id\":\"https:\/\/medicalbeautyconcepts.com\/facelift-in-klagenfurt-kaernten\/#primaryimage\"},\"thumbnailUrl\":\"https:\/\/medicalbeautyconcepts.com\/wp-content\/uploads\/2022\/01\/Facelift-Klagenfurt-Ka\u0308rnten-scaled.jpg\",\"datePublished\":\"2021-11-12T16:52:00+00:00\",\"dateModified\":\"2024-05-09T18:21:18+00:00\",\"description\":\"Facelift in Klagenfurt K\u00e4rnten - Wir beantworten Ihre Fragen zu Ihrem Facelift: Schonung, Kosten & Preise, Risiken, Narkose\",\"breadcrumb\":{\"@id\":\"https:\/\/medicalbeautyconcepts.com\/facelift-in-klagenfurt-kaernten\/#breadcrumb\"},\"inLanguage\":\"en-GB\",\"potentialAction\":[{\"@type\":\"ReadAction\",\"target\":[\"https:\/\/medicalbeautyconcepts.com\/facelift-in-klagenfurt-kaernten\/\"]}]},{\"@type\":\"ImageObject\",\"inLanguage\":\"en-GB\",\"@id\":\"https:\/\/medicalbeautyconcepts.com\/facelift-in-klagenfurt-kaernten\/#primaryimage\",\"url\":\"https:\/\/medicalbeautyconcepts.com\/wp-content\/uploads\/2022\/01\/Facelift-Klagenfurt-Ka\u0308rnten-scaled.jpg\",\"contentUrl\":\"https:\/\/medicalbeautyconcepts.com\/wp-content\/uploads\/2022\/01\/Facelift-Klagenfurt-Ka\u0308rnten-scaled.jpg\",\"width\":2560,\"height\":2532,\"caption\":\"Facelift Klagenfurt Ka\u0308rnten\"},{\"@type\":\"BreadcrumbList\",\"@id\":\"https:\/\/medicalbeautyconcepts.com\/facelift-in-klagenfurt-kaernten\/#breadcrumb\",\"itemListElement\":[{\"@type\":\"ListItem\",\"position\":1,\"name\":\"Home\",\"item\":\"https:\/\/medicalbeautyconcepts.com\/\"},{\"@type\":\"ListItem\",\"position\":2,\"name\":\"Facelift in Klagenfurt K\u00e4rnten\"}]},{\"@type\":\"WebSite\",\"@id\":\"https:\/\/medicalbeautyconcepts.com\/#website\",\"url\":\"https:\/\/medicalbeautyconcepts.com\/\",\"name\":\"Medical Beauty Concepts\",\"description\":\"Premium Aesthetic Medicine\",\"publisher\":{\"@id\":\"https:\/\/medicalbeautyconcepts.com\/#organization\"},\"potentialAction\":[{\"@type\":\"SearchAction\",\"target\":{\"@type\":\"EntryPoint\",\"urlTemplate\":\"https:\/\/medicalbeautyconcepts.com\/?s={search_term_string}\"},\"query-input\":{\"@type\":\"PropertyValueSpecification\",\"valueRequired\":true,\"valueName\":\"search_term_string\"}}],\"inLanguage\":\"en-GB\"},{\"@type\":\"Organization\",\"@id\":\"https:\/\/medicalbeautyconcepts.com\/#organization\",\"name\":\"Medical Beauty Concepts\",\"url\":\"https:\/\/medicalbeautyconcepts.com\/\",\"logo\":{\"@type\":\"ImageObject\",\"inLanguage\":\"en-GB\",\"@id\":\"https:\/\/medicalbeautyconcepts.com\/#\/schema\/logo\/image\/\",\"url\":\"https:\/\/medicalbeautyconcepts.com\/wp-content\/uploads\/2019\/08\/medical-beauty-concepts.png\",\"contentUrl\":\"https:\/\/medicalbeautyconcepts.com\/wp-content\/uploads\/2019\/08\/medical-beauty-concepts.png\",\"width\":442,\"height\":134,\"caption\":\"Medical Beauty Concepts\"},\"image\":{\"@id\":\"https:\/\/medicalbeautyconcepts.com\/#\/schema\/logo\/image\/\"},\"sameAs\":[\"https:\/\/www.instagram.com\/plastischechirurgiegram\/\"]},{\"@type\":\"Person\",\"@id\":\"https:\/\/medicalbeautyconcepts.com\/#\/schema\/person\/b6dca7ffe5e5e727fe1435c337befccf\",\"name\":\"Peter Durnig\"}]}<\/script>\n<!-- \/ Yoast SEO plugin. -->","yoast_head_json":{"title":"Facelift in Klagenfurt Carinthia | Dr. DURNIG | Facelift for natural freshness","description":"Facelift in Klagenfurt Carinthia - We answer your questions about your facelift: rest, costs &amp; prices, risks, anesthesia","robots":{"index":"index","follow":"follow","max-snippet":"max-snippet:-1","max-image-preview":"max-image-preview:large","max-video-preview":"max-video-preview:-1"},"canonical":"https:\/\/medicalbeautyconcepts.com\/en\/facelift-in-klagenfurt-carinthia\/","og_locale":"en_GB","og_type":"article","og_title":"Facelift in Klagenfurt K\u00e4rnten | Dr. DURNIG | Facelift f\u00fcr nat\u00fcrliche Frische","og_description":"Facelift in Klagenfurt K\u00e4rnten - Wir beantworten Ihre Fragen zu Ihrem Facelift: Schonung, Kosten & Preise, Risiken, Narkose","og_url":"https:\/\/medicalbeautyconcepts.com\/en\/facelift-in-klagenfurt-carinthia\/","og_site_name":"Medical Beauty Concepts","article_published_time":"2021-11-12T16:52:00+00:00","article_modified_time":"2024-05-09T18:21:18+00:00","og_image":[{"width":2560,"height":2532,"url":"https:\/\/medicalbeautyconcepts.com\/wp-content\/uploads\/2022\/01\/Facelift-Klagenfurt-Ka\u0308rnten-scaled.jpg","type":"image\/jpeg"}],"author":"Peter Durnig","twitter_card":"summary_large_image","twitter_misc":{"Written by":"Peter Durnig","Estimated reading time":"6 minutes"},"schema":{"@context":"https:\/\/schema.org","@graph":[{"@type":"Article","@id":"https:\/\/medicalbeautyconcepts.com\/facelift-in-klagenfurt-kaernten\/#article","isPartOf":{"@id":"https:\/\/medicalbeautyconcepts.com\/facelift-in-klagenfurt-kaernten\/"},"author":{"name":"Peter Durnig","@id":"https:\/\/medicalbeautyconcepts.com\/#\/schema\/person\/b6dca7ffe5e5e727fe1435c337befccf"},"headline":"Facelift in Klagenfurt K\u00e4rnten","datePublished":"2021-11-12T16:52:00+00:00","dateModified":"2024-05-09T18:21:18+00:00","mainEntityOfPage":{"@id":"https:\/\/medicalbeautyconcepts.com\/facelift-in-klagenfurt-kaernten\/"},"wordCount":845,"publisher":{"@id":"https:\/\/medicalbeautyconcepts.com\/#organization"},"image":{"@id":"https:\/\/medicalbeautyconcepts.com\/facelift-in-klagenfurt-kaernten\/#primaryimage"},"thumbnailUrl":"https:\/\/medicalbeautyconcepts.com\/wp-content\/uploads\/2022\/01\/Facelift-Klagenfurt-Ka\u0308rnten-scaled.jpg","articleSection":["Gesicht","Mittelgesicht","Wange \/ Kinnlinie","Hals"],"inLanguage":"en-GB"},{"@type":"WebPage","@id":"https:\/\/medicalbeautyconcepts.com\/facelift-in-klagenfurt-kaernten\/","url":"https:\/\/medicalbeautyconcepts.com\/facelift-in-klagenfurt-kaernten\/","name":"Facelift in Klagenfurt Carinthia | Dr. DURNIG | Facelift for natural freshness","isPartOf":{"@id":"https:\/\/medicalbeautyconcepts.com\/#website"},"primaryImageOfPage":{"@id":"https:\/\/medicalbeautyconcepts.com\/facelift-in-klagenfurt-kaernten\/#primaryimage"},"image":{"@id":"https:\/\/medicalbeautyconcepts.com\/facelift-in-klagenfurt-kaernten\/#primaryimage"},"thumbnailUrl":"https:\/\/medicalbeautyconcepts.com\/wp-content\/uploads\/2022\/01\/Facelift-Klagenfurt-Ka\u0308rnten-scaled.jpg","datePublished":"2021-11-12T16:52:00+00:00","dateModified":"2024-05-09T18:21:18+00:00","description":"Facelift in Klagenfurt Carinthia - We answer your questions about your facelift: rest, costs &amp; prices, risks, anesthesia","breadcrumb":{"@id":"https:\/\/medicalbeautyconcepts.com\/facelift-in-klagenfurt-kaernten\/#breadcrumb"},"inLanguage":"en-GB","potentialAction":[{"@type":"ReadAction","target":["https:\/\/medicalbeautyconcepts.com\/facelift-in-klagenfurt-kaernten\/"]}]},{"@type":"ImageObject","inLanguage":"en-GB","@id":"https:\/\/medicalbeautyconcepts.com\/facelift-in-klagenfurt-kaernten\/#primaryimage","url":"https:\/\/medicalbeautyconcepts.com\/wp-content\/uploads\/2022\/01\/Facelift-Klagenfurt-Ka\u0308rnten-scaled.jpg","contentUrl":"https:\/\/medicalbeautyconcepts.com\/wp-content\/uploads\/2022\/01\/Facelift-Klagenfurt-Ka\u0308rnten-scaled.jpg","width":2560,"height":2532,"caption":"Facelift Klagenfurt Ka\u0308rnten"},{"@type":"BreadcrumbList","@id":"https:\/\/medicalbeautyconcepts.com\/facelift-in-klagenfurt-kaernten\/#breadcrumb","itemListElement":[{"@type":"ListItem","position":1,"name":"Home","item":"https:\/\/medicalbeautyconcepts.com\/"},{"@type":"ListItem","position":2,"name":"Facelift in Klagenfurt K\u00e4rnten"}]},{"@type":"WebSite","@id":"https:\/\/medicalbeautyconcepts.com\/#website","url":"https:\/\/medicalbeautyconcepts.com\/","name":"Medical Beauty Concepts","description":"Premium Aesthetic Medicine","publisher":{"@id":"https:\/\/medicalbeautyconcepts.com\/#organization"},"potentialAction":[{"@type":"SearchAction","target":{"@type":"EntryPoint","urlTemplate":"https:\/\/medicalbeautyconcepts.com\/?s={search_term_string}"},"query-input":{"@type":"PropertyValueSpecification","valueRequired":true,"valueName":"search_term_string"}}],"inLanguage":"en-GB"},{"@type":"Organization","@id":"https:\/\/medicalbeautyconcepts.com\/#organization","name":"Medical Beauty Concepts","url":"https:\/\/medicalbeautyconcepts.com\/","logo":{"@type":"ImageObject","inLanguage":"en-GB","@id":"https:\/\/medicalbeautyconcepts.com\/#\/schema\/logo\/image\/","url":"https:\/\/medicalbeautyconcepts.com\/wp-content\/uploads\/2019\/08\/medical-beauty-concepts.png","contentUrl":"https:\/\/medicalbeautyconcepts.com\/wp-content\/uploads\/2019\/08\/medical-beauty-concepts.png","width":442,"height":134,"caption":"Medical Beauty Concepts"},"image":{"@id":"https:\/\/medicalbeautyconcepts.com\/#\/schema\/logo\/image\/"},"sameAs":["https:\/\/www.instagram.com\/plastischechirurgiegram\/"]},{"@type":"Person","@id":"https:\/\/medicalbeautyconcepts.com\/#\/schema\/person\/b6dca7ffe5e5e727fe1435c337befccf","name":"Peter Durnig"}]}},"_links":{"self":[{"href":"https:\/\/medicalbeautyconcepts.com\/en\/wp-json\/wp\/v2\/posts\/4052","targetHints":{"allow":["GET"]}}],"collection":[{"href":"https:\/\/medicalbeautyconcepts.com\/en\/wp-json\/wp\/v2\/posts"}],"about":[{"href":"https:\/\/medicalbeautyconcepts.com\/en\/wp-json\/wp\/v2\/types\/post"}],"author":[{"embeddable":true,"href":"https:\/\/medicalbeautyconcepts.com\/en\/wp-json\/wp\/v2\/users\/4"}],"replies":[{"embeddable":true,"href":"https:\/\/medicalbeautyconcepts.com\/en\/wp-json\/wp\/v2\/comments?post=4052"}],"version-history":[{"count":37,"href":"https:\/\/medicalbeautyconcepts.com\/en\/wp-json\/wp\/v2\/posts\/4052\/revisions"}],"predecessor-version":[{"id":5417,"href":"https:\/\/medicalbeautyconcepts.com\/en\/wp-json\/wp\/v2\/posts\/4052\/revisions\/5417"}],"wp:featuredmedia":[{"embeddable":true,"href":"https:\/\/medicalbeautyconcepts.com\/en\/wp-json\/wp\/v2\/media\/4061"}],"wp:attachment":[{"href":"https:\/\/medicalbeautyconcepts.com\/en\/wp-json\/wp\/v2\/media?parent=4052"}],"wp:term":[{"taxonomy":"category","embeddable":true,"href":"https:\/\/medicalbeautyconcepts.com\/en\/wp-json\/wp\/v2\/categories?post=4052"}],"curies":[{"name":"wp","href":"https:\/\/api.w.org\/{rel}","templated":true}]}}