{"id":8178,"date":"2025-08-31T20:53:46","date_gmt":"2025-08-31T18:53:46","guid":{"rendered":"https:\/\/medicalbeautyconcepts.com\/?p=8178"},"modified":"2025-09-10T18:36:02","modified_gmt":"2025-09-10T16:36:02","slug":"minimal-invasive-brustvergroesserung-in-klagenfurt-kaernten","status":"publish","type":"post","link":"http:\/\/medicalbeautyconcepts.com\/en\/minimal-invasive-brustvergroesserung-in-klagenfurt-kaernten\/","title":{"rendered":"Minimal-invasive Brustvergr\u00f6sserung  in Klagenfurt K\u00e4rnten"},"content":{"rendered":"<p>Minimal-invasive Brustvergr\u00f6sserung  in Klagenfurt K\u00e4rnten &#8211; der neueste Trend<\/p>\n\n\n\n<p>Wenn Sie auf eine <strong>nat\u00fcrliche &amp; harmonische \u00c4sthetik<\/strong> Wert legen, bei der die Struktur und Funktion der Brust erhalten bleiben soll. <\/p>\n\n\n\n<p>Sie legen Wert auf Sicherheit, minimalinvasiveVerfahren und Langlebigkeit und w\u00fcnschen sich individuelle L\u00f6sungen, die auf ihre Anatomie, ihren Lebensstil und ihre W\u00fcnsche zugeschnitten sind.<\/p>\n\n\n\n<h5 class=\"wp-block-heading\">Was ist das Konzept der Minimal-invasiven Brustvergr\u00f6sserung?<\/h5>\n\n\n\n<p><\/p>\n\n\n\n<h4 class=\"wp-block-heading\">Minimale Narbe <\/h4>\n\n\n\n<h4 class=\"wp-block-heading\">Lokale Bet\u00e4ubung reicht aus<\/h4>\n\n\n\n<h4 class=\"wp-block-heading\">kleinere Implantate mit mehr Projektion<\/h4>\n\n\n\n<h4 class=\"wp-block-heading\">Minimale Ausfallzeit<\/h4>\n\n\n\n<h4 class=\"wp-block-heading\">Maximale Schonung der Brust-Strukturen<\/h4>\n\n\n\n<h4 class=\"wp-block-heading\">superweiche Ergonomix 2 Brustimplantate der neuesten Generation<\/h4>\n\n\n\n<h5 class=\"wp-block-heading\">f\u00fcr kleine Implantate auch ohne Narbe auf der Brust m\u00f6glich (Schnitt erfolgt dann \u00fcber die Achsel)<\/h5>\n\n\n\n<p><\/p>\n\n\n\n<h5 class=\"wp-block-heading\">Das Konzept im Detail:<\/h5>\n\n\n\n<ul class=\"wp-block-list\">\n<li><strong>protection<\/strong> des Brustdr\u00fcsengewebes<\/li>\n\n\n\n<li>mehr Sicherheit hinsichtlich <strong>Gef\u00fchl <\/strong>im Brustwarzenbereich<\/li>\n\n\n\n<li><strong>lokale Bet\u00e4ubung ausreichend<\/strong> &#8211; sanfte Narkose zus\u00e4tzlich aber jederzeit m\u00f6glich<\/li>\n\n\n\n<li><strong>schnell wieder im Alltag<\/strong>: meist k\u00f6nnen Sie kurz nach der OP wieder nach Hause gehen&#8230;workout unterer K\u00f6rper ca. ab einer Woche nach OP, workout oberer Bereich ca. ab der zweiten Woche nach OP<\/li>\n\n\n\n<li><strong>shorter scar <\/strong>durch leichteres Einbringen<\/li>\n\n\n\n<li>noch <strong>weicheres &amp; nat\u00fcrlicheres<\/strong> Tastgef\u00fchl<\/li>\n<\/ul>\n\n\n\n<hr class=\"wp-block-separator has-alpha-channel-opacity\"\/>\n\n\n\n<h4 class=\"wp-block-heading\">weitere Vorteile:<\/h4>\n\n\n\n<ul class=\"wp-block-list\">\n<li>das nat\u00fcrliche Brustgewebe und das Gef\u00fchl f\u00fcr die Patientin bleibt <strong>erhalten<\/strong><\/li>\n\n\n\n<li>the <strong>stability <\/strong>der Brust bleibt erhalten<\/li>\n\n\n\n<li><strong>kurzer Schnitt<\/strong> &amp; kurze Narbe<\/li>\n\n\n\n<li><strong>maximale Schonung<\/strong> des Brustdr\u00fcsengewebes<\/li>\n<\/ul>\n\n\n\n<hr class=\"wp-block-separator has-alpha-channel-opacity\"\/>\n\n\n\n<h4 class=\"wp-block-heading\">Wie sieht die ideale Patientin f\u00fcr eine Minimal-invasive Brustvergr\u00f6sserung aus?<\/h4>\n\n\n\n<ul class=\"wp-block-list\">\n<li><strong>ausreichende Dicke der Haut und des Unterhautgewebe <\/strong>&#8211; sonst kann es ohne Muskelbedeckung vor allem im oberen Bereich unnat\u00fcrlich aussehen<\/li>\n\n\n\n<li>the <strong>Form der Brust ist grunds\u00e4tzlich in Ordnung<\/strong> &#8211; Diese Methode kann kleine Verbesserungen hinsichtlich Unterschieden der Br\u00fcste verbessern &#8211; sonst k\u00f6nnen zus\u00e4tzliche Schnitte f\u00fcr ein gutes Ergebnis notwendig sein &#8211; kleinere Korrekturen k\u00f6nnen ebenfalls in Lokaler Bet\u00e4ubung erg\u00e4nzt werden<\/li>\n<\/ul>\n\n\n\n<hr class=\"wp-block-separator has-alpha-channel-opacity\"\/>\n\n\n\n<h5 class=\"wp-block-heading\">Aber:<\/h5>\n\n\n\n<p><\/p>\n\n\n\n<p>Auch diese Form der Brustvergr\u00f6sserung ist und bleibt eine <strong>Operation<\/strong>. Sie sollten daher eine gewisse Schonung einplanen. Leichter Sport im unteren K\u00f6rperbereich ist ca. ab einer Woche nach OP, workout im oberer Bereich ca. ab der zweiten Woche nach der OP wieder vorsichtig m\u00f6glich. Wir werden das genaue Vorgenen vor Ihrem Eingriff mit Ihnen besprechen.<\/p>\n\n\n\n<hr class=\"wp-block-separator has-alpha-channel-opacity\"\/>\n\n\n\n<h4 class=\"wp-block-heading\">Was kostet meine minimal-invasive Brustvergr\u00f6sserung in Lokaler Bet\u00e4ubung..?<\/h4>\n\n\n\n<p><strong>\u20ac8800 Minimal-invasive Brustvergr\u00f6sserung in Lokaler Bet\u00e4ubung<\/strong><\/p>\n\n\n\n<p> endg\u00fcltigen OP-Kosten sind von einigen Faktoren abh\u00e4ngig. Deshalb sind sie immer individuell<\/p>\n\n\n\n<p>In a detailed first consultation, the costs can usually be calculated very precisely. All decisions should have been made by the second consultation at the latest. From then on, an exact calculation of the costs and the price is possible.<\/p>\n\n\n\n<p>Lesen sie mehr zur <strong>Brustvergr\u00f6sserung mit modernsten Brustimplantaten <\/strong><\/p>\n\n\n\n<hr class=\"wp-block-separator has-alpha-channel-opacity\"\/>\n\n\n\n<h4 class=\"wp-block-heading\">Dr. Durnig ist Experte f\u00fcr minimal-invasive Brustvergr\u00f6sserungen<\/h4>\n\n\n\n<p><strong>Dr. Peter Durnig ist Experte<\/strong> f\u00fcr Motiva Ergonomix und <strong>Ergonomix 2 Brustimplantate <\/strong>seit Beginn der Entwicklung dieser fortschrittlichen Brustimplantate<\/p>\n\n\n\n<p>Als <strong>Premium Partner f\u00fcr Ergonomix 2 Brustimplantate <\/strong>sind wir in K\u00e4rnten gerne Ihr Ansprechpartner f\u00fcr diese Methode<\/p>\n\n\n\n<p>Dr. Peter Durnig is <strong>Facharzt f\u00fcr Plastische. \u00c4sthetische und Rekonstruktive Chirurgie<\/strong> mit 25 Jahren Erfahrung in der \u00c4sthetischen Chirurgie, weiters Facharzt f\u00fcr Allgemeinmedizin mit Notarzt-Asubildung<\/p>\n\n\n\n<p>\u00dcber viele Jahre war Dr. Peter Durnig Experte am <strong>Brustgesundheitszentrum <\/strong>im Klinikum Klagenfurr am W\u00f6rthersee mit viel Erfahrung im Bereich der Brustrekonstruktion<\/p>\n\n\n\n<p>zahlreiche <strong>Studienaufenthalte bzw. Vortragst\u00e4tigkeit im In. und Ausland<\/strong> im Bereich Brustrekonstruktion und schonende minimal-invasive Brustvergr\u00f6sserung<\/p>\n\n\n\n<p>Gef\u00fchl f\u00fcr <strong>Proportionen und sanfte \u00c4sthetik<\/strong><\/p>\n\n\n\n<p>Schwerpunkt <strong>Security <\/strong>bei Brustvergr\u00f6sserungen<\/p>\n\n\n\n<p>In einem <strong>ausf\u00fchrlichen Beratungsgespr\u00e4ch<\/strong> kl\u00e4rt Dr. Durnig gewissenhaft ab, in wie weit eine minimal-invasive Brustvergr\u00f6sserung f\u00fcr Sie passend ist.<\/p>\n\n\n\n<hr class=\"wp-block-separator has-alpha-channel-opacity\"\/>\n\n\n\n<p>verf\u00fcgbare <strong>Gr\u00f6ssen f\u00fcr die eine minimal-invasvie Brustvergr\u00f6sserung<\/strong> mit Motiva <strong>Ergonomix2 <\/strong>Brustimplantaten:<\/p>\n\n\n\n<figure class=\"wp-block-image size-large\"><a href=\"https:\/\/medicalbeautyconcepts.com\/wp-content\/uploads\/2025\/04\/Groessen-Brustimplantate-Preserve-Motiva.png\" rel=\"lightbox\" ><img loading=\"lazy\" decoding=\"async\" width=\"1024\" height=\"653\" src=\"https:\/\/medicalbeautyconcepts.com\/wp-content\/uploads\/2025\/04\/Groessen-Brustimplantate-Preserve-Motiva-1024x653.png\" alt=\"\" class=\"wp-image-7823\" srcset=\"https:\/\/medicalbeautyconcepts.com\/wp-content\/uploads\/2025\/04\/Groessen-Brustimplantate-Preserve-Motiva-1024x653.png 1024w, https:\/\/medicalbeautyconcepts.com\/wp-content\/uploads\/2025\/04\/Groessen-Brustimplantate-Preserve-Motiva-300x191.png 300w, https:\/\/medicalbeautyconcepts.com\/wp-content\/uploads\/2025\/04\/Groessen-Brustimplantate-Preserve-Motiva-768x490.png 768w, https:\/\/medicalbeautyconcepts.com\/wp-content\/uploads\/2025\/04\/Groessen-Brustimplantate-Preserve-Motiva-1536x979.png 1536w, https:\/\/medicalbeautyconcepts.com\/wp-content\/uploads\/2025\/04\/Groessen-Brustimplantate-Preserve-Motiva-18x12.png 18w, https:\/\/medicalbeautyconcepts.com\/wp-content\/uploads\/2025\/04\/Groessen-Brustimplantate-Preserve-Motiva-550x351.png 550w, https:\/\/medicalbeautyconcepts.com\/wp-content\/uploads\/2025\/04\/Groessen-Brustimplantate-Preserve-Motiva-740x472.png 740w, https:\/\/medicalbeautyconcepts.com\/wp-content\/uploads\/2025\/04\/Groessen-Brustimplantate-Preserve-Motiva.png 1914w\" sizes=\"auto, (max-width: 1024px) 100vw, 1024px\" \/><\/a><\/figure>\n\n\n\n<p><\/p>\n\n\n\n<p>Finde Sie im folgenden die <strong>frequently asked questions<\/strong>:<\/p>\n\n\n\n<h3 class=\"wp-block-heading\">What anesthesia is used?<\/h3>\n\n\n\n<p>Die minimal-invasive Brustvergr\u00f6sserung kann in <strong>local anesthesia<\/strong> be performed.<\/p>\n\n\n\n<p>Die lokale Bet\u00e4ubung kann je <strong>nach Bedarf durch einen schonenden D\u00e4mmerschlaf erg\u00e4nzt<\/strong> become.<\/p>\n\n\n\n<hr class=\"wp-block-separator has-css-opacity\"\/>\n\n\n\n<h3 class=\"wp-block-heading\">Mu\u00df ich bei meiner minimal-invasiven Brustvergr\u00f6sserung in Klagenfurt K\u00e4rnten \u00fcber Nacht bleiben? Wann sind Kontrollen geplant?<\/h3>\n\n\n\n<p><\/p>\n\n\n\n<p>Nach einer minimal.invasiven Brustvergr\u00f6sserung ist eine \u00dcbernachtung im Normalfall nicht notwendig.<\/p>\n\n\n\n<p>Nach einer rein lokalen Bet\u00e4ubung sind Sie m\u00f6glicherweise schon eine halbe Stunde nach OP wieder fit f\u00fcr zuhause.<\/p>\n\n\n\n<p>On <strong>day after surgery<\/strong> there is a <strong>control with dressing change<\/strong>.<\/p>\n\n\n\n<p>A further check is scheduled after about a week and a final check after about 3 months.<\/p>\n\n\n\n<hr class=\"wp-block-separator has-css-opacity\"\/>\n\n\n\n<h3 class=\"wp-block-heading\">How big is the incision and the scar?<\/h3>\n\n\n\n<p>Der Schnitt befindet sich in der Unterbrustfalte und ist meist k\u00fcrzer als mit anderen Methoden. Er wird so gross gemacht, dass das Ballon-Rohr eingebracht werden kann.<\/p>\n\n\n\n<p>Ist zus\u00e4tzlich ein Haut\u00fcberschuss vorhanden, kann ein Schnitt um die Brustwarze und ev. auch von der Brustwarze abw\u00e4rts notwendig werden.<\/p>\n\n\n\n<p>Die L\u00e4nge der Narbe h\u00e4ngt ab von der gew\u00fcnschten Implantatgr\u00f6sse, vom Gewebe der Patientin, von der OP-Methode und im Wesentlichen auch von der Geschicklichkeit des Chirurgen.<\/p>\n\n\n\n<hr class=\"wp-block-separator has-css-opacity\"\/>\n\n\n\n<h3 class=\"wp-block-heading\">Do stitches need to be removed after the operation?<\/h3>\n\n\n\n<p>We use self-dissolving sutures. After about 10 days, an inspection is carried out to see where the sutures above the surface are shortened. <\/p>\n\n\n\n<hr class=\"wp-block-separator has-css-opacity\"\/>\n\n\n\n<h3 class=\"wp-block-heading\">What other operations are possible on the breast?<\/h3>\n\n\n\n<div class=\"wp-block-media-text alignwide is-stacked-on-mobile\" style=\"grid-template-columns:15% auto\"><figure class=\"wp-block-media-text__media\"><img loading=\"lazy\" decoding=\"async\" width=\"602\" height=\"1024\" src=\"https:\/\/medicalbeautyconcepts.com\/wp-content\/uploads\/2022\/09\/Bauchdeckenstraffung-Klagenfurt-Ka\u0308rnten-602x1024.jpg\" alt=\"\" class=\"wp-image-5263 size-full\" srcset=\"https:\/\/medicalbeautyconcepts.com\/wp-content\/uploads\/2022\/09\/Bauchdeckenstraffung-Klagenfurt-Ka\u0308rnten-602x1024.jpg 602w, https:\/\/medicalbeautyconcepts.com\/wp-content\/uploads\/2022\/09\/Bauchdeckenstraffung-Klagenfurt-Ka\u0308rnten-176x300.jpg 176w, https:\/\/medicalbeautyconcepts.com\/wp-content\/uploads\/2022\/09\/Bauchdeckenstraffung-Klagenfurt-Ka\u0308rnten-768x1306.jpg 768w, https:\/\/medicalbeautyconcepts.com\/wp-content\/uploads\/2022\/09\/Bauchdeckenstraffung-Klagenfurt-Ka\u0308rnten-904x1536.jpg 904w, https:\/\/medicalbeautyconcepts.com\/wp-content\/uploads\/2022\/09\/Bauchdeckenstraffung-Klagenfurt-Ka\u0308rnten-1205x2048.jpg 1205w, https:\/\/medicalbeautyconcepts.com\/wp-content\/uploads\/2022\/09\/Bauchdeckenstraffung-Klagenfurt-Ka\u0308rnten-382x650.jpg 382w, https:\/\/medicalbeautyconcepts.com\/wp-content\/uploads\/2022\/09\/Bauchdeckenstraffung-Klagenfurt-Ka\u0308rnten-324x550.jpg 324w, https:\/\/medicalbeautyconcepts.com\/wp-content\/uploads\/2022\/09\/Bauchdeckenstraffung-Klagenfurt-Ka\u0308rnten-scaled.jpg 1506w\" sizes=\"auto, (max-width: 602px) 100vw, 602px\" \/><\/figure><div class=\"wp-block-media-text__content\">\n<p>Click under the heading <a href=\"https:\/\/medicalbeautyconcepts.com\/en\/plastic-surgery-breast-face-body\/\"><strong>BODY on the chest area<\/strong><\/a>Find all the options for additional treatments or operations in the breast area<\/p>\n<\/div><\/div>\n\n\n\n<hr class=\"wp-block-separator has-css-opacity\"\/>\n\n\n\n<h3 class=\"wp-block-heading\">Wie finden Sie zu uns? &#8211; Beratung zur m\u00f6glichen Minimalinvasiven Brustvergr\u00f6sserung in Klagenfurt K\u00e4rnten&#8230;<\/h3>\n\n\n\n<p>You can find us here:<\/p>\n\n\n\n<div class=\"wp-block-media-text alignwide is-stacked-on-mobile\" style=\"grid-template-columns:37% auto\"><figure class=\"wp-block-media-text__media\"><img loading=\"lazy\" decoding=\"async\" width=\"1024\" height=\"576\" src=\"https:\/\/medicalbeautyconcepts.com\/wp-content\/uploads\/2022\/01\/Ordination-Schloss-Velden-Dr.-Durnig-Ka\u0308rnten-Plastische-Chirurgie-2-1024x576.jpg\" alt=\"\" class=\"wp-image-4026 size-full\" srcset=\"https:\/\/medicalbeautyconcepts.com\/wp-content\/uploads\/2022\/01\/Ordination-Schloss-Velden-Dr.-Durnig-Ka\u0308rnten-Plastische-Chirurgie-2-1024x576.jpg 1024w, https:\/\/medicalbeautyconcepts.com\/wp-content\/uploads\/2022\/01\/Ordination-Schloss-Velden-Dr.-Durnig-Ka\u0308rnten-Plastische-Chirurgie-2-300x169.jpg 300w, https:\/\/medicalbeautyconcepts.com\/wp-content\/uploads\/2022\/01\/Ordination-Schloss-Velden-Dr.-Durnig-Ka\u0308rnten-Plastische-Chirurgie-2-768x432.jpg 768w, https:\/\/medicalbeautyconcepts.com\/wp-content\/uploads\/2022\/01\/Ordination-Schloss-Velden-Dr.-Durnig-Ka\u0308rnten-Plastische-Chirurgie-2-1536x864.jpg 1536w, https:\/\/medicalbeautyconcepts.com\/wp-content\/uploads\/2022\/01\/Ordination-Schloss-Velden-Dr.-Durnig-Ka\u0308rnten-Plastische-Chirurgie-2-2048x1152.jpg 2048w, https:\/\/medicalbeautyconcepts.com\/wp-content\/uploads\/2022\/01\/Ordination-Schloss-Velden-Dr.-Durnig-Ka\u0308rnten-Plastische-Chirurgie-2-1920x1080.jpg 1920w, https:\/\/medicalbeautyconcepts.com\/wp-content\/uploads\/2022\/01\/Ordination-Schloss-Velden-Dr.-Durnig-Ka\u0308rnten-Plastische-Chirurgie-2-550x309.jpg 550w, https:\/\/medicalbeautyconcepts.com\/wp-content\/uploads\/2022\/01\/Ordination-Schloss-Velden-Dr.-Durnig-Ka\u0308rnten-Plastische-Chirurgie-2-740x416.jpg 740w\" sizes=\"auto, (max-width: 1024px) 100vw, 1024px\" \/><\/figure><div class=\"wp-block-media-text__content\">\n<p>In unserer Ordination (hier im Bild Falkensteiner Schlosshotel in Velden am W\u00f6rthersee) bieten wir Ihnen eine <strong>ausf\u00fchrliche Beratung <\/strong>zu Ihrer geplanten Operation.<\/p>\n<\/div><\/div>\n\n\n\n<ul class=\"wp-block-list\">\n<li><strong>Ordination Klagenfurt<\/strong> Domplatz: Lidmanskygasse 8, 9020 Klagenfurt am W\u00f6rthersee<\/li>\n\n\n\n<li><strong>Ordination Velden<\/strong> Falkensteiner Schlosshotel Velden: Schlosspark 1, 9220 Velden am W\u00f6rthersee<\/li>\n\n\n\n<li><strong>AestheticOP Private Surgery Klagenfurt<\/strong>: Stauderplatz 5, 9020 Klagenfurt am W\u00f6rthersee<\/li>\n\n\n\n<li><strong>Hospital Barmherzige Br\u00fcder Sankt Veit\/Glan<\/strong>: Spitalgasse 26, 9300 Sankt Veit\/Glan<\/li>\n\n\n\n<li><strong>Private Clinic Maria Hilf Humanomed<\/strong>: Radetzkystrasse 35, 9200 Klagenfurt am W\u00f6rthersee<\/li>\n<\/ul>\n\n\n\n<p>If you are from <strong>Carinthia<\/strong> (Klagenfurt, Villach, Wolfsberg, Feldkirchen, St. Veit an der Glan, Spittal an der Drau, V\u00f6lkermarkt, Friesach, Velden, etc.) will find the right way to us\u2026<\/p>\n\n\n\n<ul class=\"wp-block-list\">\n<li>Arrival by <strong><a href=\"https:\/\/www.viamichelin.at\/web\/Routenplaner\">car<\/a><\/strong><\/li>\n\n\n\n<li>Arrival with the <strong><a href=\"https:\/\/routenplaner.kaerntner-linien.at\/\">K\u00e4rntner Linien<\/a><\/strong><\/li>\n\n\n\n<li>Arrival by <strong><a href=\"https:\/\/www.thetrainline.com\/de\/bahnunternehmen\/oebb?gclid=CjwKCAiA866PBhAYEiwANkIneObaU4BXugWRZ_eYJrlCQYl17QYxAPHksLgX_aDQNT4njLiz9mhnFxoCojwQAvD_BwE&amp;gclsrc=aw.ds\">Train<\/a><\/strong><\/li>\n<\/ul>\n\n\n\n<p>You are traveling <strong>Vienna\/Lower Austria\/Burgenland<\/strong> (Vienna, St. P\u00f6lten, Wiener Neustadt, Klosterneuburg, Baden, Krems, Amstetten, M\u00f6dling, Traiskirchen, Schwechat, Stockerau, Tulln, Korneuburg, Eisenstadt) <strong>Upper Austria <\/strong>(Linz, Leonding, Bad Ischl, Wels, Steyr, Traun, Enns, Ried, Braunau, Ansfelden, Marchtrenk, V\u00f6cklabruck) <strong>Salzburg<\/strong> (Salzburg, Hallein, Saalfelden, St. Johann, Bischofshofen, Seekirchen) <strong>Styria <\/strong>(Leoben, Kapfenberg, Judenburg, Liezen, Murau, Feldbach, Gratwein, Knittelfeld, Leibnitz, Deutschlandsberg, Weitz, Mariazell, Admont, Schladming, Bruck an der Mur) <strong>Tyrol\/Vorarlberg<\/strong> (Innsbruck, Kufstein, Telfs, Schwaz, Hall, W\u00f6rgl, Lienz, Feldkirch, Bregenz, Lustenau, Hohenems, Bludenz, Hard)? This is how you find the right way to us...<\/p>\n\n\n\n<ul class=\"wp-block-list\">\n<li>Arrival by <strong><a href=\"https:\/\/www.viamichelin.at\/web\/Routenplaner\">car<\/a><\/strong><\/li>\n\n\n\n<li>Arrival by <strong><a href=\"https:\/\/www.thetrainline.com\/de\/bahnunternehmen\/oebb?gclid=CjwKCAiA866PBhAYEiwANkIneObaU4BXugWRZ_eYJrlCQYl17QYxAPHksLgX_aDQNT4njLiz9mhnFxoCojwQAvD_BwE&amp;gclsrc=aw.ds\">Train<\/a><\/strong><\/li>\n\n\n\n<li>Arrival by <strong><a href=\"https:\/\/airport-klagenfurt.at\/\">Airplane<\/a><\/strong><\/li>\n<\/ul>\n\n\n\n<p><\/p>\n\n\n\n<hr class=\"wp-block-separator has-css-opacity\"\/>\n\n\n\n<p><\/p>\n\n\n\n<h3 class=\"wp-block-heading\">Where does the consultation\/information take place?<\/h3>\n\n\n\n<p>You can find us here:<\/p>\n\n\n\n<ul class=\"wp-block-list\">\n<li><strong>Ordination Klagenfurt<\/strong> Domplatz: Lidmanskygasse 8, 9020 Klagenfurt am W\u00f6rthersee<\/li>\n<\/ul>\n\n\n\n<div class=\"wp-block-media-text is-stacked-on-mobile\" style=\"grid-template-columns:37% auto\"><figure class=\"wp-block-media-text__media\"><img loading=\"lazy\" decoding=\"async\" width=\"1024\" height=\"683\" src=\"https:\/\/medicalbeautyconcepts.com\/wp-content\/uploads\/2024\/09\/Ordination-Dr.-Durnig-Lidmanskygasse-8-1024x683.jpg\" alt=\"\" class=\"wp-image-7397 size-full\" srcset=\"https:\/\/medicalbeautyconcepts.com\/wp-content\/uploads\/2024\/09\/Ordination-Dr.-Durnig-Lidmanskygasse-8-1024x683.jpg 1024w, https:\/\/medicalbeautyconcepts.com\/wp-content\/uploads\/2024\/09\/Ordination-Dr.-Durnig-Lidmanskygasse-8-300x200.jpg 300w, https:\/\/medicalbeautyconcepts.com\/wp-content\/uploads\/2024\/09\/Ordination-Dr.-Durnig-Lidmanskygasse-8-768x512.jpg 768w, https:\/\/medicalbeautyconcepts.com\/wp-content\/uploads\/2024\/09\/Ordination-Dr.-Durnig-Lidmanskygasse-8-1536x1024.jpg 1536w, https:\/\/medicalbeautyconcepts.com\/wp-content\/uploads\/2024\/09\/Ordination-Dr.-Durnig-Lidmanskygasse-8-2048x1366.jpg 2048w, https:\/\/medicalbeautyconcepts.com\/wp-content\/uploads\/2024\/09\/Ordination-Dr.-Durnig-Lidmanskygasse-8-550x367.jpg 550w, https:\/\/medicalbeautyconcepts.com\/wp-content\/uploads\/2024\/09\/Ordination-Dr.-Durnig-Lidmanskygasse-8-740x493.jpg 740w\" sizes=\"auto, (max-width: 1024px) 100vw, 1024px\" \/><\/figure><div class=\"wp-block-media-text__content\">\n<p>Welcome to our practice in the center of Klagenfurt. We are happy to discuss all your <strong>Fragen &amp; W\u00fcnsche zur neuen SCHONENDEN  minimal-invasiven Brustvergr\u00f6sserung<\/strong>.<\/p>\n<\/div><\/div>\n\n\n\n<ul class=\"wp-block-list\">\n<li><strong>Ordination Velden<\/strong> Falkensteiner Schlosshotel Velden: Schlosspark 1, 9220 Velden am W\u00f6rthersee<\/li>\n<\/ul>\n\n\n\n<div class=\"wp-block-media-text alignwide is-stacked-on-mobile\" style=\"grid-template-columns:37% auto\"><figure class=\"wp-block-media-text__media\"><img loading=\"lazy\" decoding=\"async\" width=\"1024\" height=\"576\" src=\"https:\/\/medicalbeautyconcepts.com\/wp-content\/uploads\/2022\/01\/Ordination-Schloss-Velden-Dr.-Durnig-Ka\u0308rnten-Plastische-Chirurgie-2-1024x576.jpg\" alt=\"\" class=\"wp-image-4026 size-full\" srcset=\"https:\/\/medicalbeautyconcepts.com\/wp-content\/uploads\/2022\/01\/Ordination-Schloss-Velden-Dr.-Durnig-Ka\u0308rnten-Plastische-Chirurgie-2-1024x576.jpg 1024w, https:\/\/medicalbeautyconcepts.com\/wp-content\/uploads\/2022\/01\/Ordination-Schloss-Velden-Dr.-Durnig-Ka\u0308rnten-Plastische-Chirurgie-2-300x169.jpg 300w, https:\/\/medicalbeautyconcepts.com\/wp-content\/uploads\/2022\/01\/Ordination-Schloss-Velden-Dr.-Durnig-Ka\u0308rnten-Plastische-Chirurgie-2-768x432.jpg 768w, https:\/\/medicalbeautyconcepts.com\/wp-content\/uploads\/2022\/01\/Ordination-Schloss-Velden-Dr.-Durnig-Ka\u0308rnten-Plastische-Chirurgie-2-1536x864.jpg 1536w, https:\/\/medicalbeautyconcepts.com\/wp-content\/uploads\/2022\/01\/Ordination-Schloss-Velden-Dr.-Durnig-Ka\u0308rnten-Plastische-Chirurgie-2-2048x1152.jpg 2048w, https:\/\/medicalbeautyconcepts.com\/wp-content\/uploads\/2022\/01\/Ordination-Schloss-Velden-Dr.-Durnig-Ka\u0308rnten-Plastische-Chirurgie-2-1920x1080.jpg 1920w, https:\/\/medicalbeautyconcepts.com\/wp-content\/uploads\/2022\/01\/Ordination-Schloss-Velden-Dr.-Durnig-Ka\u0308rnten-Plastische-Chirurgie-2-550x309.jpg 550w, https:\/\/medicalbeautyconcepts.com\/wp-content\/uploads\/2022\/01\/Ordination-Schloss-Velden-Dr.-Durnig-Ka\u0308rnten-Plastische-Chirurgie-2-740x416.jpg 740w\" sizes=\"auto, (max-width: 1024px) 100vw, 1024px\" \/><\/figure><div class=\"wp-block-media-text__content\">\n<p>In unserer Ordination im Falkensteiner Schlosshotel in Velden bieten wir auf spezielle Anfrage ebenfalls gerne eine Beratung vor Ihrer geplanten Brustvergr\u00f6sserung mit Implantaten an.<\/p>\n<\/div><\/div>\n\n\n\n<p>If you are from <strong>Carinthia<\/strong> (Klagenfurt, Villach, Wolfsberg, Feldkirchen, St. Veit an der Glan, Spittal an der Drau, V\u00f6lkermarkt, Friesach, Velden, etc.), you will find the right way to us...<\/p>\n\n\n\n<ul class=\"wp-block-list\">\n<li>Arrival by <strong><a href=\"https:\/\/www.viamichelin.at\/web\/Routenplaner\">car<\/a><\/strong><\/li>\n\n\n\n<li>Arrival with the <strong><a href=\"https:\/\/routenplaner.kaerntner-linien.at\/\">K\u00e4rntner Linien<\/a><\/strong><\/li>\n\n\n\n<li>Arrival by <strong><a href=\"https:\/\/www.thetrainline.com\/de\/bahnunternehmen\/oebb?gclid=CjwKCAiA866PBhAYEiwANkIneObaU4BXugWRZ_eYJrlCQYl17QYxAPHksLgX_aDQNT4njLiz9mhnFxoCojwQAvD_BwE&amp;gclsrc=aw.ds\">Train<\/a><\/strong><\/li>\n<\/ul>\n\n\n\n<p>You are traveling <strong>Vienna\/Lower Austria\/Burgenland<\/strong> (Vienna, St. P\u00f6lten, Wiener Neustadt, Klosterneuburg, Baden, Krems, Amstetten, M\u00f6dling, Traiskirchen, Schwechat, Stockerau, Tulln, Korneuburg, Eisenstadt) <strong>Upper Austria <\/strong>(Linz, Leonding, Bad Ischl, Wels, Steyr, Traun, Enns, Ried, Braunau, Ansfelden, Marchtrenk, V\u00f6cklabruck) <strong>Salzburg<\/strong> (Salzburg, Hallein, Saalfelden, St. Johann, Bischofshofen, Seekirchen) <strong>Styria <\/strong>(Leoben, Kapfenberg, Judenburg, Liezen, Murau, Feldbach, Gratwein, Knittelfeld, Leibnitz, Deutschlandsberg, Weitz, Mariazell, Admont, Schladming, Bruck an der Mur) <strong>Tyrol\/Vorarlberg<\/strong> (Innsbruck, Kufstein, Telfs, Schwaz, Hall, W\u00f6rgl, Lienz, Feldkirch, Bregenz, Lustenau, Hohenems, Bludenz, Hard)? This is how you find the right way to us...<\/p>\n\n\n\n<ul class=\"wp-block-list\">\n<li>Arrival by <strong><a href=\"https:\/\/www.viamichelin.at\/web\/Routenplaner\">car<\/a><\/strong><\/li>\n\n\n\n<li>Arrival by <strong><a href=\"https:\/\/www.thetrainline.com\/de\/bahnunternehmen\/oebb?gclid=CjwKCAiA866PBhAYEiwANkIneObaU4BXugWRZ_eYJrlCQYl17QYxAPHksLgX_aDQNT4njLiz9mhnFxoCojwQAvD_BwE&amp;gclsrc=aw.ds\">Train<\/a><\/strong><\/li>\n\n\n\n<li>Arrival by <strong><a href=\"https:\/\/airport-klagenfurt.at\/\">Airplane<\/a><\/strong><\/li>\n\n\n\n<li><\/li>\n<\/ul>\n\n\n\n<hr class=\"wp-block-separator has-alpha-channel-opacity\"\/>\n\n\n\n<h3 class=\"wp-block-heading\">Wo ist meine minimal-invasive Brustvergr\u00f6sserung?<\/h3>\n\n\n\n<h4 class=\"wp-block-heading\"><strong>AestheticOP Private Surgery Klagenfurt<\/strong>: Stauderplatz 5, 9020 Klagenfurt am W\u00f6rthersee<\/h4>\n\n\n\n<div class=\"wp-block-media-text alignwide is-stacked-on-mobile\" style=\"grid-template-columns:43% auto\"><figure class=\"wp-block-media-text__media\"><img loading=\"lazy\" decoding=\"async\" width=\"841\" height=\"1024\" src=\"https:\/\/medicalbeautyconcepts.com\/wp-content\/uploads\/2024\/03\/Empfang-Aesthetic-OP-841x1024.jpg\" alt=\"\" class=\"wp-image-6919 size-full\" srcset=\"https:\/\/medicalbeautyconcepts.com\/wp-content\/uploads\/2024\/03\/Empfang-Aesthetic-OP-841x1024.jpg 841w, https:\/\/medicalbeautyconcepts.com\/wp-content\/uploads\/2024\/03\/Empfang-Aesthetic-OP-246x300.jpg 246w, https:\/\/medicalbeautyconcepts.com\/wp-content\/uploads\/2024\/03\/Empfang-Aesthetic-OP-768x936.jpg 768w, https:\/\/medicalbeautyconcepts.com\/wp-content\/uploads\/2024\/03\/Empfang-Aesthetic-OP-1261x1536.jpg 1261w, https:\/\/medicalbeautyconcepts.com\/wp-content\/uploads\/2024\/03\/Empfang-Aesthetic-OP-1681x2048.jpg 1681w, https:\/\/medicalbeautyconcepts.com\/wp-content\/uploads\/2024\/03\/Empfang-Aesthetic-OP-534x650.jpg 534w, https:\/\/medicalbeautyconcepts.com\/wp-content\/uploads\/2024\/03\/Empfang-Aesthetic-OP-452x550.jpg 452w\" sizes=\"auto, (max-width: 841px) 100vw, 841px\" \/><\/figure><div class=\"wp-block-media-text__content\">\n<p>Welcome to the new AestheticOP!<\/p>\n\n\n\n<p>operations on <strong>highest quality level <\/strong>im Zentrum von Klagenfurt. F\u00fcr <strong>sichere<\/strong> operative Behandlungen in gem\u00fctlicher Atmosph\u00e4re. Wir freuen uns, Sie im neuen OP begr\u00fc\u00dfen zu d\u00fcrfen!<\/p>\n<\/div><\/div>\n\n\n\n<p>Aesthetic surgery Klagenfurt Carinthia = <strong>aesthetic surgeries<\/strong> in the <strong>private surgery<\/strong> in Klagenfurt Carinthia:<\/p>\n\n\n\n<p>Wir sind spezialisiert auf schonende \u00e4sthetische Operationen bevorzugt in <strong>Lokaker Bet\u00e4ubung <\/strong>(auf Wunsch gerne auch mit D\u00e4mmerschlaf) mit kurzer Rehabilitation<\/p>\n\n\n\n<p>in the <strong>state-of-the-art operating room<\/strong> for outpatient surgeries or surgeries with overnight stay<\/p>\n\n\n\n<p>Plastische Chirurgie und Sch\u00f6nheitschiururgie in <strong>privater Atmosph\u00e4re<\/strong><\/p>\n\n\n\n<p><\/p>\n\n\n\n<p>What you should know about it...<\/p>\n\n\n\n<h3 class=\"wp-block-heading\">Where is the AestheticOP?<\/h3>\n\n\n\n<h5 class=\"wp-block-heading\">You can find us at <strong>Stauderplatz 5<\/strong> im Zentrum von Klagenfurt<\/h5>\n\n\n\n<p><\/p>\n\n\n\n<h3 class=\"wp-block-heading\">AestheticOP \u2013 Where can I park or get picked up?<\/h3>\n\n\n\n<p>There are several underground garages and parking spaces around the AestheticOP:<\/p>\n\n\n\n<p>The most modern underground car park is only a few hundred meters away from the AestheticOP: <strong><a href=\"https:\/\/www.9022.at\/parkgarage.xhtml\">Vitaneum underground car park<\/a><\/strong> \u2013 the parking garage at the Benediktinermarkt.<\/p>\n\n\n\n<p>Also just a few hundred meters away is the <strong><a href=\"https:\/\/www.apcoa.at\/parken\/klagenfurt\/lindwurm-klagenfurt-apcoa\/\">Lindwurm underground car park<\/a><\/strong>.<\/p>\n\n\n\n<p>Directly in the AestheticOP building is the <strong><a href=\"https:\/\/www.apcoa.at\/parken\/klagenfurt\/heiligengeist-klagenfurt-apcoa\/\">Heiligengeist underground car park<\/a><\/strong>Here you can park in the same building and have someone take you to the operation and pick you up again.<\/p>\n\n\n\n<p>Direct <strong><a href=\"https:\/\/www.apcoa.at\/parken\/klagenfurt\/heiligengeist-klagenfurt-apcoa\/\">at Stauderplatz<\/a><\/strong> there are some <strong>parking spaces with short-term parking zones<\/strong>.<\/p>\n\n\n\n<p><\/p>\n\n\n\n<p>Nothing can replace a personal, individual consultation with a specialist with the appropriate experience and the right aesthetic sensitivity. We are therefore happy to advise you in detail \u2013 arrange your <strong>Consultation appointment at 0699 19988009<\/strong>. Or contact us via our <a href=\"http:\/\/www.durnig.at\/kontakt\/\"><strong>contact form<\/strong><\/a>. We look forward to seeing you!<\/p>\n\n\n\n<p><\/p>\n\n\n\n<h3 class=\"wp-block-heading\">AestheticOP \u2013 modern surgery in the center of Klagenfurt:<\/h3>\n\n\n\n<figure class=\"wp-block-image size-large is-resized\"><a href=\"https:\/\/medicalbeautyconcepts.com\/wp-content\/uploads\/2022\/03\/AestheticOP-Klagenfurt-Stauderplatz-5-Dr.-Durnig-Peter-Plastische-Chirurgie.pdf\"><img loading=\"lazy\" decoding=\"async\" width=\"1024\" height=\"207\" src=\"https:\/\/medicalbeautyconcepts.com\/wp-content\/uploads\/2022\/03\/AestheticOP-Klagenfurt-Stauderplatz-5-Dr.-Durnig-Peter-Plastische-Chirurgie-pdf-1024x207.jpg\" rel=\"lightbox\"  alt=\"\" class=\"wp-image-6622\" style=\"width:598px;height:121px\"\/><\/a><\/figure>\n\n\n\n<div class=\"wp-block-media-text alignwide is-stacked-on-mobile\" style=\"grid-template-columns:35% auto\"><figure class=\"wp-block-media-text__media\"><img loading=\"lazy\" decoding=\"async\" width=\"768\" height=\"1024\" src=\"https:\/\/medicalbeautyconcepts.com\/wp-content\/uploads\/2025\/08\/AestheticOP-Klagenfurt-Kaernten-768x1024.jpg\" alt=\"\" class=\"wp-image-8211 size-full\" srcset=\"https:\/\/medicalbeautyconcepts.com\/wp-content\/uploads\/2025\/08\/AestheticOP-Klagenfurt-Kaernten-768x1024.jpg 768w, https:\/\/medicalbeautyconcepts.com\/wp-content\/uploads\/2025\/08\/AestheticOP-Klagenfurt-Kaernten-225x300.jpg 225w, https:\/\/medicalbeautyconcepts.com\/wp-content\/uploads\/2025\/08\/AestheticOP-Klagenfurt-Kaernten-1152x1536.jpg 1152w, https:\/\/medicalbeautyconcepts.com\/wp-content\/uploads\/2025\/08\/AestheticOP-Klagenfurt-Kaernten-1536x2048.jpg 1536w, https:\/\/medicalbeautyconcepts.com\/wp-content\/uploads\/2025\/08\/AestheticOP-Klagenfurt-Kaernten-9x12.jpg 9w, https:\/\/medicalbeautyconcepts.com\/wp-content\/uploads\/2025\/08\/AestheticOP-Klagenfurt-Kaernten-488x650.jpg 488w, https:\/\/medicalbeautyconcepts.com\/wp-content\/uploads\/2025\/08\/AestheticOP-Klagenfurt-Kaernten-413x550.jpg 413w, https:\/\/medicalbeautyconcepts.com\/wp-content\/uploads\/2025\/08\/AestheticOP-Klagenfurt-Kaernten-scaled.jpg 1920w\" sizes=\"auto, (max-width: 768px) 100vw, 768px\" \/><\/figure><div class=\"wp-block-media-text__content\">\n<p>Welcome to the new AestheticOP!<\/p>\n\n\n\n<p>Ambulante Operationen in angenehmer Umbebung!<\/p>\n<\/div><\/div>\n\n\n\n<hr class=\"wp-block-separator has-alpha-channel-opacity\"\/>\n\n\n\n<p><\/p>\n\n\n\n<p>Finden Sie weiter wertvolle Informationen zum Thema <a href=\"https:\/\/medicalbeautyconcepts.com\/en\/beauty-concepts\/\"><strong>among our Beauty Concepts<\/strong><\/a><\/p>","protected":false},"excerpt":{"rendered":"<p>Minimal-invasive Brustvergr\u00f6sserung<\/p>","protected":false},"author":4,"featured_media":8198,"comment_status":"closed","ping_status":"closed","sticky":false,"template":"","format":"standard","meta":{"_acf_changed":false,"footnotes":""},"categories":[53],"class_list":["post-8178","post","type-post","status-publish","format-standard","has-post-thumbnail","hentry","category-brust-korper"],"acf":[],"yoast_head":"<!-- This site is optimized with the Yoast SEO plugin v26.8 - https:\/\/yoast.com\/product\/yoast-seo-wordpress\/ -->\n<title>Minimal-invasive Brustvergr\u00f6sserung in Klagenfurt K\u00e4rnten | Dr. Peter DURNIG<\/title>\n<meta name=\"description\" content=\"Minimal-invasive Brustvergr\u00f6sserung in Klagenfurt K\u00e4rnten - Lokale Bet\u00e4ubung, schonende Operation,\" \/>\n<meta name=\"robots\" content=\"index, follow, max-snippet:-1, max-image-preview:large, max-video-preview:-1\" \/>\n<link rel=\"canonical\" href=\"https:\/\/medicalbeautyconcepts.com\/en\/minimal-invasive-brustvergroesserung-in-klagenfurt-kaernten\/\" \/>\n<meta property=\"og:locale\" content=\"en_GB\" \/>\n<meta property=\"og:type\" content=\"article\" \/>\n<meta property=\"og:title\" content=\"Minimal-invasive Brustvergr\u00f6sserung in Klagenfurt K\u00e4rnten | Dr. Peter DURNIG\" \/>\n<meta property=\"og:description\" content=\"Minimal-invasive Brustvergr\u00f6sserung in Klagenfurt K\u00e4rnten - Lokale Bet\u00e4ubung, schonende Operation,\" \/>\n<meta property=\"og:url\" content=\"https:\/\/medicalbeautyconcepts.com\/en\/minimal-invasive-brustvergroesserung-in-klagenfurt-kaernten\/\" \/>\n<meta property=\"og:site_name\" content=\"Medical Beauty Concepts\" \/>\n<meta property=\"article:published_time\" content=\"2025-08-31T18:53:46+00:00\" \/>\n<meta property=\"article:modified_time\" content=\"2025-09-10T16:36:02+00:00\" \/>\n<meta name=\"author\" content=\"Peter Durnig\" \/>\n<meta name=\"twitter:card\" content=\"summary_large_image\" \/>\n<meta name=\"twitter:label1\" content=\"Written by\" \/>\n\t<meta name=\"twitter:data1\" content=\"Peter Durnig\" \/>\n\t<meta name=\"twitter:label2\" content=\"Estimated reading time\" \/>\n\t<meta name=\"twitter:data2\" content=\"11 minutes\" \/>\n<script type=\"application\/ld+json\" class=\"yoast-schema-graph\">{\"@context\":\"https:\/\/schema.org\",\"@graph\":[{\"@type\":\"Article\",\"@id\":\"https:\/\/medicalbeautyconcepts.com\/minimal-invasive-brustvergroesserung-in-klagenfurt-kaernten\/#article\",\"isPartOf\":{\"@id\":\"https:\/\/medicalbeautyconcepts.com\/minimal-invasive-brustvergroesserung-in-klagenfurt-kaernten\/\"},\"author\":{\"name\":\"Peter Durnig\",\"@id\":\"https:\/\/medicalbeautyconcepts.com\/#\/schema\/person\/b6dca7ffe5e5e727fe1435c337befccf\"},\"headline\":\"Minimal-invasive Brustvergr\u00f6sserung in Klagenfurt K\u00e4rnten\",\"datePublished\":\"2025-08-31T18:53:46+00:00\",\"dateModified\":\"2025-09-10T16:36:02+00:00\",\"mainEntityOfPage\":{\"@id\":\"https:\/\/medicalbeautyconcepts.com\/minimal-invasive-brustvergroesserung-in-klagenfurt-kaernten\/\"},\"wordCount\":1642,\"publisher\":{\"@id\":\"https:\/\/medicalbeautyconcepts.com\/#organization\"},\"image\":{\"@id\":\"https:\/\/medicalbeautyconcepts.com\/minimal-invasive-brustvergroesserung-in-klagenfurt-kaernten\/#primaryimage\"},\"thumbnailUrl\":\"https:\/\/medicalbeautyconcepts.com\/wp-content\/uploads\/2025\/08\/Minimal-invasive-Brustvergroesserung-pdf.jpg\",\"articleSection\":[\"Brust\"],\"inLanguage\":\"en-GB\"},{\"@type\":\"WebPage\",\"@id\":\"https:\/\/medicalbeautyconcepts.com\/minimal-invasive-brustvergroesserung-in-klagenfurt-kaernten\/\",\"url\":\"https:\/\/medicalbeautyconcepts.com\/minimal-invasive-brustvergroesserung-in-klagenfurt-kaernten\/\",\"name\":\"Minimal-invasive Brustvergr\u00f6sserung in Klagenfurt K\u00e4rnten | Dr. Peter DURNIG\",\"isPartOf\":{\"@id\":\"https:\/\/medicalbeautyconcepts.com\/#website\"},\"primaryImageOfPage\":{\"@id\":\"https:\/\/medicalbeautyconcepts.com\/minimal-invasive-brustvergroesserung-in-klagenfurt-kaernten\/#primaryimage\"},\"image\":{\"@id\":\"https:\/\/medicalbeautyconcepts.com\/minimal-invasive-brustvergroesserung-in-klagenfurt-kaernten\/#primaryimage\"},\"thumbnailUrl\":\"https:\/\/medicalbeautyconcepts.com\/wp-content\/uploads\/2025\/08\/Minimal-invasive-Brustvergroesserung-pdf.jpg\",\"datePublished\":\"2025-08-31T18:53:46+00:00\",\"dateModified\":\"2025-09-10T16:36:02+00:00\",\"description\":\"Minimal-invasive Brustvergr\u00f6sserung in Klagenfurt K\u00e4rnten - Lokale Bet\u00e4ubung, schonende Operation,\",\"breadcrumb\":{\"@id\":\"https:\/\/medicalbeautyconcepts.com\/minimal-invasive-brustvergroesserung-in-klagenfurt-kaernten\/#breadcrumb\"},\"inLanguage\":\"en-GB\",\"potentialAction\":[{\"@type\":\"ReadAction\",\"target\":[\"https:\/\/medicalbeautyconcepts.com\/minimal-invasive-brustvergroesserung-in-klagenfurt-kaernten\/\"]}]},{\"@type\":\"ImageObject\",\"inLanguage\":\"en-GB\",\"@id\":\"https:\/\/medicalbeautyconcepts.com\/minimal-invasive-brustvergroesserung-in-klagenfurt-kaernten\/#primaryimage\",\"url\":\"https:\/\/medicalbeautyconcepts.com\/wp-content\/uploads\/2025\/08\/Minimal-invasive-Brustvergroesserung-pdf.jpg\",\"contentUrl\":\"https:\/\/medicalbeautyconcepts.com\/wp-content\/uploads\/2025\/08\/Minimal-invasive-Brustvergroesserung-pdf.jpg\",\"caption\":\"Minimal-invasive Brustvergr\u00f6sserung\"},{\"@type\":\"BreadcrumbList\",\"@id\":\"https:\/\/medicalbeautyconcepts.com\/minimal-invasive-brustvergroesserung-in-klagenfurt-kaernten\/#breadcrumb\",\"itemListElement\":[{\"@type\":\"ListItem\",\"position\":1,\"name\":\"Home\",\"item\":\"https:\/\/medicalbeautyconcepts.com\/\"},{\"@type\":\"ListItem\",\"position\":2,\"name\":\"Minimal-invasive Brustvergr\u00f6sserung in Klagenfurt K\u00e4rnten\"}]},{\"@type\":\"WebSite\",\"@id\":\"https:\/\/medicalbeautyconcepts.com\/#website\",\"url\":\"https:\/\/medicalbeautyconcepts.com\/\",\"name\":\"Medical Beauty Concepts\",\"description\":\"Premium Aesthetic Medicine\",\"publisher\":{\"@id\":\"https:\/\/medicalbeautyconcepts.com\/#organization\"},\"potentialAction\":[{\"@type\":\"SearchAction\",\"target\":{\"@type\":\"EntryPoint\",\"urlTemplate\":\"https:\/\/medicalbeautyconcepts.com\/?s={search_term_string}\"},\"query-input\":{\"@type\":\"PropertyValueSpecification\",\"valueRequired\":true,\"valueName\":\"search_term_string\"}}],\"inLanguage\":\"en-GB\"},{\"@type\":\"Organization\",\"@id\":\"https:\/\/medicalbeautyconcepts.com\/#organization\",\"name\":\"Medical Beauty Concepts\",\"url\":\"https:\/\/medicalbeautyconcepts.com\/\",\"logo\":{\"@type\":\"ImageObject\",\"inLanguage\":\"en-GB\",\"@id\":\"https:\/\/medicalbeautyconcepts.com\/#\/schema\/logo\/image\/\",\"url\":\"https:\/\/medicalbeautyconcepts.com\/wp-content\/uploads\/2019\/08\/medical-beauty-concepts.png\",\"contentUrl\":\"https:\/\/medicalbeautyconcepts.com\/wp-content\/uploads\/2019\/08\/medical-beauty-concepts.png\",\"width\":442,\"height\":134,\"caption\":\"Medical Beauty Concepts\"},\"image\":{\"@id\":\"https:\/\/medicalbeautyconcepts.com\/#\/schema\/logo\/image\/\"},\"sameAs\":[\"https:\/\/www.instagram.com\/plastischechirurgiegram\/\"]},{\"@type\":\"Person\",\"@id\":\"https:\/\/medicalbeautyconcepts.com\/#\/schema\/person\/b6dca7ffe5e5e727fe1435c337befccf\",\"name\":\"Peter Durnig\"}]}<\/script>\n<!-- \/ Yoast SEO plugin. -->","yoast_head_json":{"title":"Minimal-invasive Brustvergr\u00f6sserung in Klagenfurt K\u00e4rnten | Dr. Peter DURNIG","description":"Minimal-invasive Brustvergr\u00f6sserung in Klagenfurt K\u00e4rnten - Lokale Bet\u00e4ubung, schonende Operation,","robots":{"index":"index","follow":"follow","max-snippet":"max-snippet:-1","max-image-preview":"max-image-preview:large","max-video-preview":"max-video-preview:-1"},"canonical":"https:\/\/medicalbeautyconcepts.com\/en\/minimal-invasive-brustvergroesserung-in-klagenfurt-kaernten\/","og_locale":"en_GB","og_type":"article","og_title":"Minimal-invasive Brustvergr\u00f6sserung in Klagenfurt K\u00e4rnten | Dr. Peter DURNIG","og_description":"Minimal-invasive Brustvergr\u00f6sserung in Klagenfurt K\u00e4rnten - Lokale Bet\u00e4ubung, schonende Operation,","og_url":"https:\/\/medicalbeautyconcepts.com\/en\/minimal-invasive-brustvergroesserung-in-klagenfurt-kaernten\/","og_site_name":"Medical Beauty Concepts","article_published_time":"2025-08-31T18:53:46+00:00","article_modified_time":"2025-09-10T16:36:02+00:00","author":"Peter Durnig","twitter_card":"summary_large_image","twitter_misc":{"Written by":"Peter Durnig","Estimated reading time":"11 minutes"},"schema":{"@context":"https:\/\/schema.org","@graph":[{"@type":"Article","@id":"https:\/\/medicalbeautyconcepts.com\/minimal-invasive-brustvergroesserung-in-klagenfurt-kaernten\/#article","isPartOf":{"@id":"https:\/\/medicalbeautyconcepts.com\/minimal-invasive-brustvergroesserung-in-klagenfurt-kaernten\/"},"author":{"name":"Peter Durnig","@id":"https:\/\/medicalbeautyconcepts.com\/#\/schema\/person\/b6dca7ffe5e5e727fe1435c337befccf"},"headline":"Minimal-invasive Brustvergr\u00f6sserung in Klagenfurt K\u00e4rnten","datePublished":"2025-08-31T18:53:46+00:00","dateModified":"2025-09-10T16:36:02+00:00","mainEntityOfPage":{"@id":"https:\/\/medicalbeautyconcepts.com\/minimal-invasive-brustvergroesserung-in-klagenfurt-kaernten\/"},"wordCount":1642,"publisher":{"@id":"https:\/\/medicalbeautyconcepts.com\/#organization"},"image":{"@id":"https:\/\/medicalbeautyconcepts.com\/minimal-invasive-brustvergroesserung-in-klagenfurt-kaernten\/#primaryimage"},"thumbnailUrl":"https:\/\/medicalbeautyconcepts.com\/wp-content\/uploads\/2025\/08\/Minimal-invasive-Brustvergroesserung-pdf.jpg","articleSection":["Brust"],"inLanguage":"en-GB"},{"@type":"WebPage","@id":"https:\/\/medicalbeautyconcepts.com\/minimal-invasive-brustvergroesserung-in-klagenfurt-kaernten\/","url":"https:\/\/medicalbeautyconcepts.com\/minimal-invasive-brustvergroesserung-in-klagenfurt-kaernten\/","name":"Minimal-invasive Brustvergr\u00f6sserung in Klagenfurt K\u00e4rnten | Dr. Peter DURNIG","isPartOf":{"@id":"https:\/\/medicalbeautyconcepts.com\/#website"},"primaryImageOfPage":{"@id":"https:\/\/medicalbeautyconcepts.com\/minimal-invasive-brustvergroesserung-in-klagenfurt-kaernten\/#primaryimage"},"image":{"@id":"https:\/\/medicalbeautyconcepts.com\/minimal-invasive-brustvergroesserung-in-klagenfurt-kaernten\/#primaryimage"},"thumbnailUrl":"https:\/\/medicalbeautyconcepts.com\/wp-content\/uploads\/2025\/08\/Minimal-invasive-Brustvergroesserung-pdf.jpg","datePublished":"2025-08-31T18:53:46+00:00","dateModified":"2025-09-10T16:36:02+00:00","description":"Minimal-invasive Brustvergr\u00f6sserung in Klagenfurt K\u00e4rnten - Lokale Bet\u00e4ubung, schonende Operation,","breadcrumb":{"@id":"https:\/\/medicalbeautyconcepts.com\/minimal-invasive-brustvergroesserung-in-klagenfurt-kaernten\/#breadcrumb"},"inLanguage":"en-GB","potentialAction":[{"@type":"ReadAction","target":["https:\/\/medicalbeautyconcepts.com\/minimal-invasive-brustvergroesserung-in-klagenfurt-kaernten\/"]}]},{"@type":"ImageObject","inLanguage":"en-GB","@id":"https:\/\/medicalbeautyconcepts.com\/minimal-invasive-brustvergroesserung-in-klagenfurt-kaernten\/#primaryimage","url":"https:\/\/medicalbeautyconcepts.com\/wp-content\/uploads\/2025\/08\/Minimal-invasive-Brustvergroesserung-pdf.jpg","contentUrl":"https:\/\/medicalbeautyconcepts.com\/wp-content\/uploads\/2025\/08\/Minimal-invasive-Brustvergroesserung-pdf.jpg","caption":"Minimal-invasive Brustvergr\u00f6sserung"},{"@type":"BreadcrumbList","@id":"https:\/\/medicalbeautyconcepts.com\/minimal-invasive-brustvergroesserung-in-klagenfurt-kaernten\/#breadcrumb","itemListElement":[{"@type":"ListItem","position":1,"name":"Home","item":"https:\/\/medicalbeautyconcepts.com\/"},{"@type":"ListItem","position":2,"name":"Minimal-invasive Brustvergr\u00f6sserung in Klagenfurt K\u00e4rnten"}]},{"@type":"WebSite","@id":"https:\/\/medicalbeautyconcepts.com\/#website","url":"https:\/\/medicalbeautyconcepts.com\/","name":"Medical Beauty Concepts","description":"Premium Aesthetic Medicine","publisher":{"@id":"https:\/\/medicalbeautyconcepts.com\/#organization"},"potentialAction":[{"@type":"SearchAction","target":{"@type":"EntryPoint","urlTemplate":"https:\/\/medicalbeautyconcepts.com\/?s={search_term_string}"},"query-input":{"@type":"PropertyValueSpecification","valueRequired":true,"valueName":"search_term_string"}}],"inLanguage":"en-GB"},{"@type":"Organization","@id":"https:\/\/medicalbeautyconcepts.com\/#organization","name":"Medical Beauty Concepts","url":"https:\/\/medicalbeautyconcepts.com\/","logo":{"@type":"ImageObject","inLanguage":"en-GB","@id":"https:\/\/medicalbeautyconcepts.com\/#\/schema\/logo\/image\/","url":"https:\/\/medicalbeautyconcepts.com\/wp-content\/uploads\/2019\/08\/medical-beauty-concepts.png","contentUrl":"https:\/\/medicalbeautyconcepts.com\/wp-content\/uploads\/2019\/08\/medical-beauty-concepts.png","width":442,"height":134,"caption":"Medical Beauty Concepts"},"image":{"@id":"https:\/\/medicalbeautyconcepts.com\/#\/schema\/logo\/image\/"},"sameAs":["https:\/\/www.instagram.com\/plastischechirurgiegram\/"]},{"@type":"Person","@id":"https:\/\/medicalbeautyconcepts.com\/#\/schema\/person\/b6dca7ffe5e5e727fe1435c337befccf","name":"Peter Durnig"}]}},"_links":{"self":[{"href":"http:\/\/medicalbeautyconcepts.com\/en\/wp-json\/wp\/v2\/posts\/8178","targetHints":{"allow":["GET"]}}],"collection":[{"href":"http:\/\/medicalbeautyconcepts.com\/en\/wp-json\/wp\/v2\/posts"}],"about":[{"href":"http:\/\/medicalbeautyconcepts.com\/en\/wp-json\/wp\/v2\/types\/post"}],"author":[{"embeddable":true,"href":"http:\/\/medicalbeautyconcepts.com\/en\/wp-json\/wp\/v2\/users\/4"}],"replies":[{"embeddable":true,"href":"http:\/\/medicalbeautyconcepts.com\/en\/wp-json\/wp\/v2\/comments?post=8178"}],"version-history":[{"count":24,"href":"http:\/\/medicalbeautyconcepts.com\/en\/wp-json\/wp\/v2\/posts\/8178\/revisions"}],"predecessor-version":[{"id":8231,"href":"http:\/\/medicalbeautyconcepts.com\/en\/wp-json\/wp\/v2\/posts\/8178\/revisions\/8231"}],"wp:featuredmedia":[{"embeddable":true,"href":"http:\/\/medicalbeautyconcepts.com\/en\/wp-json\/wp\/v2\/media\/8198"}],"wp:attachment":[{"href":"http:\/\/medicalbeautyconcepts.com\/en\/wp-json\/wp\/v2\/media?parent=8178"}],"wp:term":[{"taxonomy":"category","embeddable":true,"href":"http:\/\/medicalbeautyconcepts.com\/en\/wp-json\/wp\/v2\/categories?post=8178"}],"curies":[{"name":"wp","href":"https:\/\/api.w.org\/{rel}","templated":true}]}}