{"id":7939,"date":"2024-08-07T18:56:00","date_gmt":"2024-08-07T16:56:00","guid":{"rendered":"https:\/\/medicalbeautyconcepts.com\/?p=7939"},"modified":"2025-08-07T19:22:16","modified_gmt":"2025-08-07T17:22:16","slug":"lipoedem-fettabsaugung-klagenfurt-kaernten","status":"publish","type":"post","link":"http:\/\/medicalbeautyconcepts.com\/en\/lipoedem-fettabsaugung-klagenfurt-kaernten\/","title":{"rendered":"Lip\u00f6dem Fettabsaugung Klagenfurt K\u00e4rnten"},"content":{"rendered":"<p>Lip\u00f6dem Fettabsaugung Klagenfurt K\u00e4rnten &#8211;<\/p>\n\n\n\n<p>Finde Sie im folgenden die <strong>frequently asked questions<\/strong>:<\/p>\n\n\n\n<p><\/p>\n\n\n\n<h3 class=\"wp-block-heading\">Was versteht man unter einem Lip\u00f6dem?<\/h3>\n\n\n\n<p>Ein Lip\u00f6dem ist eine\u00a0<strong>chronische Krankheit, die durch eine ungleichm\u00e4\u00dfige Fettverteilung (Fettverteilungsst\u00f6rung) im K\u00f6rper <\/strong>gekennzeichnet ist\u00a0und haupts\u00e4chlich bei Frauen auftritt. Dies f\u00fchrt zu einer \u00fcberm\u00e4\u00dfigen Ansammlung von Unterhautfettgewebe, insbesondere an den H\u00fcften, Oberschenkeln, Knien und Unterschenkeln.<\/p>\n\n\n\n<hr class=\"wp-block-separator has-alpha-channel-opacity\"\/>\n\n\n\n<h3 class=\"wp-block-heading\">Wie bemerkt man ein Lip\u00f6dem?<\/h3>\n\n\n\n<p>Das sind Hinweise auf ein Lip\u00f6dem: <\/p>\n\n\n\n<ul class=\"wp-block-list\">\n<li>Vermehrt Bluterg\u00fcsse, blaue Flecken oft schon nach geringen St\u00f6\u00dfen<\/li>\n\n\n\n<li>Geschwollene Beine, die Unterschenkel nehmen gegen Abend an Umfang zu<\/li>\n\n\n\n<li>Starker Druck und Ber\u00fchrungsschmerz.<\/li>\n\n\n\n<li>Knotige, weiche Haut, Dellen in der Haut, Orangenhaut <\/li>\n<\/ul>\n\n\n\n<p>In diesen F\u00e4llen sollte eine Abkl\u00e4rung vom Fachmann in Richtung Lip\u00f6dem erfolgen<\/p>\n\n\n\n<hr class=\"wp-block-separator has-css-opacity\"\/>\n\n\n\n<h3 class=\"wp-block-heading\">Wie behandelt man ein Lip\u00f6dem?<\/h3>\n\n\n\n<p><strong>Die Fettabsaugung ist die einzige nachhaltige, beschwerdelindernde Therapiema\u00dfnahme bei reinem Lip\u00f6dem<\/strong>. <\/p>\n\n\n\n<p>Direkt nach einer Operation sind Lymphdrainagen und das Tragen von Kompressionsw\u00e4sche zu empfehlen. <\/p>\n\n\n\n<p>Nach Abheilung ist jedoch in vielen F\u00e4llen das Tragen von Kompressionsw\u00e4sche nicht mehr notwendig.<\/p>\n\n\n\n<hr class=\"wp-block-separator has-css-opacity\"\/>\n\n\n\n<h3 class=\"wp-block-heading\">Zahlt die Krankenkassa bei Lip\u00f6dem?<\/h3>\n\n\n\n<p>In den meisten F\u00e4llen wird die Operation eines Lip\u00f6dems nicht von den Krankenkassen \u00fcbernommen. Dies ist aber immer im Einzelfall abzukl\u00e4ren.<\/p>\n\n\n\n<hr class=\"wp-block-separator has-alpha-channel-opacity\"\/>\n\n\n\n<h3 class=\"wp-block-heading\">Mu\u00df nach meiner Lip\u00f6dem Absaugung in Klagenfurt K\u00e4rnten \u00fcber Nacht bleiben?<\/h3>\n\n\n\n<p>Nach einer Lip\u00f6dem Absaugung in Klagenfurt ist eine \u00dcbernachtung im Normalfall empfehlenswert. <\/p>\n\n\n\n<p>Aber auch eine tageschirurgische Operation ist bei kleineren Absaugmengen m\u00f6glich: 3-4 Stunden sollten Sie nach einem D\u00e4mmerschlaf vor Ort sein, bevor Sie wieder nach Hause gehen k\u00f6nnen.<\/p>\n\n\n\n<p>On <strong>day after surgery<\/strong> there is a <strong>control with dressing change<\/strong>.<\/p>\n\n\n\n<p>A further check is scheduled after about a week and a final check after about 3 months.<\/p>\n\n\n\n<hr class=\"wp-block-separator has-css-opacity\"\/>\n\n\n\n<h3 class=\"wp-block-heading\">How big is the incision and the scar?<\/h3>\n\n\n\n<p>Zum Absaugen sind nur kleine Stiche notwendig, die meist auch nicht gen\u00e4ht, sondern nur geklebt werden.<\/p>\n\n\n\n<hr class=\"wp-block-separator has-css-opacity\"\/>\n\n\n\n<h3 class=\"wp-block-heading\">Do stitches need to be removed after the operation?<\/h3>\n\n\n\n<p>Wenn keine Haut zus\u00e4tzlich weggenommen wird sind normalerweise keine N\u00e4hte zu entfernen.<\/p>\n\n\n\n<hr class=\"wp-block-separator has-css-opacity\"\/>\n\n\n\n<h3 class=\"wp-block-heading\">Wie lange sollte ich mich nach einer Lip\u00f6dem OP in Klagenfurt K\u00e4rnten schonen?<\/h3>\n\n\n\n<p>You should take it easy for 2-3 weeks. With sensitivity and common sense, you will usually be able to take it easy enough. The basic rule is: do not lift more than 5kg, do not make any sudden movements, do not work overhead. <\/p>\n\n\n\n<p>But you are not sick, which means you should move around. The operated area should be protected, however. When lying down, turning to the left and right is permitted and advisable. Otherwise, you risk back pain if you just lie on your back with cramps. Obviously, you should not lie on the operated area or the surgical wound itself. <\/p>\n\n\n\n<p>For the first few days, you should walk slightly bent over and take the pressure off the operated abdominal area. Wearing a special corset is recommended for 5-6 weeks. The corset\/compression garment should be worn for approximately 24 hours (including at night).<\/p>\n\n\n\n<div class=\"wp-block-media-text alignwide is-stacked-on-mobile\" style=\"grid-template-columns:32% auto\"><figure class=\"wp-block-media-text__media\"><img loading=\"lazy\" decoding=\"async\" width=\"524\" height=\"494\" src=\"https:\/\/medicalbeautyconcepts.com\/wp-content\/uploads\/2023\/02\/Gyna\u0308komastie-OP-Klagenfurt-Ka\u0308rnten-1.png\" alt=\"\" class=\"wp-image-5801 size-full\" srcset=\"https:\/\/medicalbeautyconcepts.com\/wp-content\/uploads\/2023\/02\/Gyna\u0308komastie-OP-Klagenfurt-Ka\u0308rnten-1.png 524w, https:\/\/medicalbeautyconcepts.com\/wp-content\/uploads\/2023\/02\/Gyna\u0308komastie-OP-Klagenfurt-Ka\u0308rnten-1-300x283.png 300w\" sizes=\"auto, (max-width: 524px) 100vw, 524px\" \/><\/figure><div class=\"wp-block-media-text__content\">\n<p>After gynecomastia surgery, a <strong>corset for 5-6 weeks<\/strong> as many as possible should be worn.<\/p>\n<\/div><\/div>\n\n\n\n<hr class=\"wp-block-separator has-css-opacity\"\/>\n\n\n\n<h3 class=\"wp-block-heading\">Was kostet meine Lip\u00f6dem Fettabsaugung in Klagenfurt K\u00e4rnten?<\/h3>\n\n\n\n<p><strong><a href=\"https:\/\/medicalbeautyconcepts.com\/en\/breast-enlargement-prices-and-costs\/\">Prices and Costs<\/a><\/strong> can be found as a separate section in our stories. <\/p>\n\n\n\n<p>The final surgical costs depend on several factors. Therefore, they are always individual<\/p>\n\n\n\n<p>The following factors, among others, play a role in the costs: <\/p>\n\n\n\n<ul class=\"wp-block-list\">\n<li>day surgery or overnight stay<\/li>\n\n\n\n<li>planned duration of surgery<\/li>\n\n\n\n<li>Surgical difficulty or effort (using ultrasound to melt the gynecomastia tissue, possibly with an incision around the nipple, etc.)<mark class=\"annotation-text annotation-text-yoast\" id=\"annotation-text-26f0cca2-270b-48b7-83c8-2c1117f95b14\"><\/mark><\/li>\n<\/ul>\n\n\n\n<p>In a detailed first consultation, the costs can usually be calculated very precisely. All decisions should have been made by the second consultation at the latest. From then on, an exact calculation of the costs and the price is possible.<\/p>\n\n\n\n<p>Find here <strong><a href=\"https:\/\/medicalbeautyconcepts.com\/en\/treatments\/liposuction\/\">weitere Informationen zur Fettabsaugung und Kosten der OP.<\/a><\/strong><\/p>\n\n\n\n<hr class=\"wp-block-separator has-css-opacity\"\/>\n\n\n\n<h3 class=\"wp-block-heading\">What other operations are possible on the body?<\/h3>\n\n\n\n<div class=\"wp-block-media-text alignwide is-stacked-on-mobile\" style=\"grid-template-columns:15% auto\"><figure class=\"wp-block-media-text__media\"><img loading=\"lazy\" decoding=\"async\" width=\"602\" height=\"1024\" src=\"https:\/\/medicalbeautyconcepts.com\/wp-content\/uploads\/2022\/09\/Bauchdeckenstraffung-Klagenfurt-Ka\u0308rnten-602x1024.jpg\" alt=\"\" class=\"wp-image-5263 size-full\" srcset=\"https:\/\/medicalbeautyconcepts.com\/wp-content\/uploads\/2022\/09\/Bauchdeckenstraffung-Klagenfurt-Ka\u0308rnten-602x1024.jpg 602w, https:\/\/medicalbeautyconcepts.com\/wp-content\/uploads\/2022\/09\/Bauchdeckenstraffung-Klagenfurt-Ka\u0308rnten-176x300.jpg 176w, https:\/\/medicalbeautyconcepts.com\/wp-content\/uploads\/2022\/09\/Bauchdeckenstraffung-Klagenfurt-Ka\u0308rnten-768x1306.jpg 768w, https:\/\/medicalbeautyconcepts.com\/wp-content\/uploads\/2022\/09\/Bauchdeckenstraffung-Klagenfurt-Ka\u0308rnten-904x1536.jpg 904w, https:\/\/medicalbeautyconcepts.com\/wp-content\/uploads\/2022\/09\/Bauchdeckenstraffung-Klagenfurt-Ka\u0308rnten-1205x2048.jpg 1205w, https:\/\/medicalbeautyconcepts.com\/wp-content\/uploads\/2022\/09\/Bauchdeckenstraffung-Klagenfurt-Ka\u0308rnten-382x650.jpg 382w, https:\/\/medicalbeautyconcepts.com\/wp-content\/uploads\/2022\/09\/Bauchdeckenstraffung-Klagenfurt-Ka\u0308rnten-324x550.jpg 324w, https:\/\/medicalbeautyconcepts.com\/wp-content\/uploads\/2022\/09\/Bauchdeckenstraffung-Klagenfurt-Ka\u0308rnten-scaled.jpg 1506w\" sizes=\"auto, (max-width: 602px) 100vw, 602px\" \/><\/figure><div class=\"wp-block-media-text__content\">\n<p>Click under the heading <strong><a href=\"https:\/\/medicalbeautyconcepts.com\/en\/plastic-surgery-breast-face-body\/\">BODY auf den ensprechenden Bereich<\/a><\/strong>. Finden Sie somit alle M\u00f6glichkeiten zu erg\u00e4nzenden Behandlungen oder Operationen in diesem Bereich<\/p>\n<\/div><\/div>\n\n\n\n<hr class=\"wp-block-separator has-css-opacity\"\/>\n\n\n\n<h3 class=\"wp-block-heading\">Wie finden Sie zu uns? &#8211; Beratung zur Lip\u00f6dem Operation in Klagenfurt K\u00e4rnten&#8230;<\/h3>\n\n\n\n<p>You can find us here:<\/p>\n\n\n\n<div class=\"wp-block-media-text alignwide is-stacked-on-mobile\" style=\"grid-template-columns:37% auto\"><figure class=\"wp-block-media-text__media\"><img loading=\"lazy\" decoding=\"async\" width=\"1024\" height=\"576\" src=\"https:\/\/medicalbeautyconcepts.com\/wp-content\/uploads\/2022\/01\/Ordination-Schloss-Velden-Dr.-Durnig-Ka\u0308rnten-Plastische-Chirurgie-2-1024x576.jpg\" alt=\"\" class=\"wp-image-4026 size-full\" srcset=\"https:\/\/medicalbeautyconcepts.com\/wp-content\/uploads\/2022\/01\/Ordination-Schloss-Velden-Dr.-Durnig-Ka\u0308rnten-Plastische-Chirurgie-2-1024x576.jpg 1024w, https:\/\/medicalbeautyconcepts.com\/wp-content\/uploads\/2022\/01\/Ordination-Schloss-Velden-Dr.-Durnig-Ka\u0308rnten-Plastische-Chirurgie-2-300x169.jpg 300w, https:\/\/medicalbeautyconcepts.com\/wp-content\/uploads\/2022\/01\/Ordination-Schloss-Velden-Dr.-Durnig-Ka\u0308rnten-Plastische-Chirurgie-2-768x432.jpg 768w, https:\/\/medicalbeautyconcepts.com\/wp-content\/uploads\/2022\/01\/Ordination-Schloss-Velden-Dr.-Durnig-Ka\u0308rnten-Plastische-Chirurgie-2-1536x864.jpg 1536w, https:\/\/medicalbeautyconcepts.com\/wp-content\/uploads\/2022\/01\/Ordination-Schloss-Velden-Dr.-Durnig-Ka\u0308rnten-Plastische-Chirurgie-2-2048x1152.jpg 2048w, https:\/\/medicalbeautyconcepts.com\/wp-content\/uploads\/2022\/01\/Ordination-Schloss-Velden-Dr.-Durnig-Ka\u0308rnten-Plastische-Chirurgie-2-1920x1080.jpg 1920w, https:\/\/medicalbeautyconcepts.com\/wp-content\/uploads\/2022\/01\/Ordination-Schloss-Velden-Dr.-Durnig-Ka\u0308rnten-Plastische-Chirurgie-2-550x309.jpg 550w, https:\/\/medicalbeautyconcepts.com\/wp-content\/uploads\/2022\/01\/Ordination-Schloss-Velden-Dr.-Durnig-Ka\u0308rnten-Plastische-Chirurgie-2-740x416.jpg 740w\" sizes=\"auto, (max-width: 1024px) 100vw, 1024px\" \/><\/figure><div class=\"wp-block-media-text__content\">\n<p>In our practice in the Falkensteiner Schlosshotel in Velden am W\u00f6rthersee we offer you detailed advice on your planned male breast surgery.<\/p>\n<\/div><\/div>\n\n\n\n<ul class=\"wp-block-list\">\n<li><strong>Ordination Klagenfurt<\/strong> Domplatz: Lidmanskygasse 8, 9020 Klagenfurt am W\u00f6rthersee<\/li>\n\n\n\n<li><strong>Ordination Velden<\/strong> Falkensteiner Schlosshotel Velden: Schlosspark 1, 9220 Velden am W\u00f6rthersee<\/li>\n\n\n\n<li><strong>AestheticOP Private Surgery Klagenfurt<\/strong>: Stauderplatz 5, 9020 Klagenfurt am W\u00f6rthersee<\/li>\n\n\n\n<li><strong>Hospital Barmherzige Br\u00fcder Sankt Veit\/Glan<\/strong>: Spitalgasse 26, 9300 Sankt Veit\/Glan<\/li>\n\n\n\n<li><strong>Private Clinic Maria Hilf Humanomed<\/strong>: Radetzkystrasse 35, 9200 Klagenfurt am W\u00f6rthersee<\/li>\n<\/ul>\n\n\n\n<p>If you are from <strong>Carinthia<\/strong> (Klagenfurt, Villach, Wolfsberg, Feldkirchen, St. Veit an der Glan, Spittal an der Drau, V\u00f6lkermarkt, Friesach, Velden, etc.) will find the right way to us\u2026<\/p>\n\n\n\n<ul class=\"wp-block-list\">\n<li>Arrival by <strong><a href=\"https:\/\/www.viamichelin.at\/web\/Routenplaner\">car<\/a><\/strong><\/li>\n\n\n\n<li>Arrival with the <strong><a href=\"https:\/\/routenplaner.kaerntner-linien.at\/\">K\u00e4rntner Linien<\/a><\/strong><\/li>\n\n\n\n<li>Arrival by <strong><a href=\"https:\/\/www.thetrainline.com\/de\/bahnunternehmen\/oebb?gclid=CjwKCAiA866PBhAYEiwANkIneObaU4BXugWRZ_eYJrlCQYl17QYxAPHksLgX_aDQNT4njLiz9mhnFxoCojwQAvD_BwE&amp;gclsrc=aw.ds\">Train<\/a><\/strong><\/li>\n<\/ul>\n\n\n\n<p>You are traveling <strong>Vienna\/Lower Austria\/Burgenland<\/strong> (Vienna, St. P\u00f6lten, Wiener Neustadt, Klosterneuburg, Baden, Krems, Amstetten, M\u00f6dling, Traiskirchen, Schwechat, Stockerau, Tulln, Korneuburg, Eisenstadt) <strong>Upper Austria <\/strong>(Linz, Leonding, Bad Ischl, Wels, Steyr, Traun, Enns, Ried, Braunau, Ansfelden, Marchtrenk, V\u00f6cklabruck) <strong>Salzburg<\/strong> (Salzburg, Hallein, Saalfelden, St. Johann, Bischofshofen, Seekirchen) <strong>Styria <\/strong>(Leoben, Kapfenberg, Judenburg, Liezen, Murau, Feldbach, Gratwein, Knittelfeld, Leibnitz, Deutschlandsberg, Weitz, Mariazell, Admont, Schladming, Bruck an der Mur) <strong>Tyrol\/Vorarlberg<\/strong> (Innsbruck, Kufstein, Telfs, Schwaz, Hall, W\u00f6rgl, Lienz, Feldkirch, Bregenz, Lustenau, Hohenems, Bludenz, Hard)? This is how you find the right way to us...<\/p>\n\n\n\n<ul class=\"wp-block-list\">\n<li>Arrival by <strong><a href=\"https:\/\/www.viamichelin.at\/web\/Routenplaner\">car<\/a><\/strong><\/li>\n\n\n\n<li>Arrival by <strong><a href=\"https:\/\/www.thetrainline.com\/de\/bahnunternehmen\/oebb?gclid=CjwKCAiA866PBhAYEiwANkIneObaU4BXugWRZ_eYJrlCQYl17QYxAPHksLgX_aDQNT4njLiz9mhnFxoCojwQAvD_BwE&amp;gclsrc=aw.ds\">Train<\/a><\/strong><\/li>\n\n\n\n<li>Arrival by <strong><a href=\"https:\/\/airport-klagenfurt.at\/\">Airplane<\/a><\/strong><\/li>\n<\/ul>\n\n\n\n<p><\/p>\n\n\n\n<hr class=\"wp-block-separator has-css-opacity\"\/>\n\n\n\n<p><\/p>\n\n\n\n<h3 class=\"wp-block-heading\">Where does the consultation\/information take place?<\/h3>\n\n\n\n<p>You can find us here:<\/p>\n\n\n\n<ul class=\"wp-block-list\">\n<li><strong>Ordination Klagenfurt<\/strong> Domplatz: Lidmanskygasse 8, 9020 Klagenfurt am W\u00f6rthersee<\/li>\n<\/ul>\n\n\n\n<div class=\"wp-block-media-text is-stacked-on-mobile\" style=\"grid-template-columns:37% auto\"><figure class=\"wp-block-media-text__media\"><img loading=\"lazy\" decoding=\"async\" width=\"1024\" height=\"683\" src=\"https:\/\/medicalbeautyconcepts.com\/wp-content\/uploads\/2024\/09\/Ordination-Dr.-Durnig-Lidmanskygasse-8-1024x683.jpg\" alt=\"\" class=\"wp-image-7397 size-full\" srcset=\"https:\/\/medicalbeautyconcepts.com\/wp-content\/uploads\/2024\/09\/Ordination-Dr.-Durnig-Lidmanskygasse-8-1024x683.jpg 1024w, https:\/\/medicalbeautyconcepts.com\/wp-content\/uploads\/2024\/09\/Ordination-Dr.-Durnig-Lidmanskygasse-8-300x200.jpg 300w, https:\/\/medicalbeautyconcepts.com\/wp-content\/uploads\/2024\/09\/Ordination-Dr.-Durnig-Lidmanskygasse-8-768x512.jpg 768w, https:\/\/medicalbeautyconcepts.com\/wp-content\/uploads\/2024\/09\/Ordination-Dr.-Durnig-Lidmanskygasse-8-1536x1024.jpg 1536w, https:\/\/medicalbeautyconcepts.com\/wp-content\/uploads\/2024\/09\/Ordination-Dr.-Durnig-Lidmanskygasse-8-2048x1366.jpg 2048w, https:\/\/medicalbeautyconcepts.com\/wp-content\/uploads\/2024\/09\/Ordination-Dr.-Durnig-Lidmanskygasse-8-550x367.jpg 550w, https:\/\/medicalbeautyconcepts.com\/wp-content\/uploads\/2024\/09\/Ordination-Dr.-Durnig-Lidmanskygasse-8-740x493.jpg 740w\" sizes=\"auto, (max-width: 1024px) 100vw, 1024px\" \/><\/figure><div class=\"wp-block-media-text__content\">\n<p>Welcome to our practice in the center of Klagenfurt. We are happy to discuss all your <strong>Fragen &amp; W\u00fcnsche zur Fettabsaugung bei Lip\u00f6dem.<\/strong><\/p>\n<\/div><\/div>\n\n\n\n<ul class=\"wp-block-list\">\n<li><strong>Ordination Velden<\/strong> Falkensteiner Schlosshotel Velden: Schlosspark 1, 9220 Velden am W\u00f6rthersee<\/li>\n<\/ul>\n\n\n\n<div class=\"wp-block-media-text alignwide is-stacked-on-mobile\" style=\"grid-template-columns:37% auto\"><figure class=\"wp-block-media-text__media\"><img loading=\"lazy\" decoding=\"async\" width=\"1024\" height=\"576\" src=\"https:\/\/medicalbeautyconcepts.com\/wp-content\/uploads\/2022\/01\/Ordination-Schloss-Velden-Dr.-Durnig-Ka\u0308rnten-Plastische-Chirurgie-2-1024x576.jpg\" alt=\"\" class=\"wp-image-4026 size-full\" srcset=\"https:\/\/medicalbeautyconcepts.com\/wp-content\/uploads\/2022\/01\/Ordination-Schloss-Velden-Dr.-Durnig-Ka\u0308rnten-Plastische-Chirurgie-2-1024x576.jpg 1024w, https:\/\/medicalbeautyconcepts.com\/wp-content\/uploads\/2022\/01\/Ordination-Schloss-Velden-Dr.-Durnig-Ka\u0308rnten-Plastische-Chirurgie-2-300x169.jpg 300w, https:\/\/medicalbeautyconcepts.com\/wp-content\/uploads\/2022\/01\/Ordination-Schloss-Velden-Dr.-Durnig-Ka\u0308rnten-Plastische-Chirurgie-2-768x432.jpg 768w, https:\/\/medicalbeautyconcepts.com\/wp-content\/uploads\/2022\/01\/Ordination-Schloss-Velden-Dr.-Durnig-Ka\u0308rnten-Plastische-Chirurgie-2-1536x864.jpg 1536w, https:\/\/medicalbeautyconcepts.com\/wp-content\/uploads\/2022\/01\/Ordination-Schloss-Velden-Dr.-Durnig-Ka\u0308rnten-Plastische-Chirurgie-2-2048x1152.jpg 2048w, https:\/\/medicalbeautyconcepts.com\/wp-content\/uploads\/2022\/01\/Ordination-Schloss-Velden-Dr.-Durnig-Ka\u0308rnten-Plastische-Chirurgie-2-1920x1080.jpg 1920w, https:\/\/medicalbeautyconcepts.com\/wp-content\/uploads\/2022\/01\/Ordination-Schloss-Velden-Dr.-Durnig-Ka\u0308rnten-Plastische-Chirurgie-2-550x309.jpg 550w, https:\/\/medicalbeautyconcepts.com\/wp-content\/uploads\/2022\/01\/Ordination-Schloss-Velden-Dr.-Durnig-Ka\u0308rnten-Plastische-Chirurgie-2-740x416.jpg 740w\" sizes=\"auto, (max-width: 1024px) 100vw, 1024px\" \/><\/figure><div class=\"wp-block-media-text__content\">\n<p>In unserer Ordination im Falkensteiner Schlosshotel in Velden bieten wir Ihnen ebenfalls auf spezielle Anfrage die M\u00f6glichkeit f\u00fcr ein <strong>ausf\u00fchrliches Lip\u00f6dem Beratungsgespr\u00e4ch<\/strong>.<\/p>\n<\/div><\/div>\n\n\n\n<p>If you are from <strong>Carinthia<\/strong> (Klagenfurt, Villach, Wolfsberg, Feldkirchen, St. Veit an der Glan, Spittal an der Drau, V\u00f6lkermarkt, Friesach, Velden, etc.), you will find the right way to us...<\/p>\n\n\n\n<ul class=\"wp-block-list\">\n<li>Arrival by <strong><a href=\"https:\/\/www.viamichelin.at\/web\/Routenplaner\">car<\/a><\/strong><\/li>\n\n\n\n<li>Arrival with the <strong><a href=\"https:\/\/routenplaner.kaerntner-linien.at\/\">K\u00e4rntner Linien<\/a><\/strong><\/li>\n\n\n\n<li>Arrival by <strong><a href=\"https:\/\/www.thetrainline.com\/de\/bahnunternehmen\/oebb?gclid=CjwKCAiA866PBhAYEiwANkIneObaU4BXugWRZ_eYJrlCQYl17QYxAPHksLgX_aDQNT4njLiz9mhnFxoCojwQAvD_BwE&amp;gclsrc=aw.ds\">Train<\/a><\/strong><\/li>\n<\/ul>\n\n\n\n<p>You are traveling <strong>Vienna\/Lower Austria\/Burgenland<\/strong> (Vienna, St. P\u00f6lten, Wiener Neustadt, Klosterneuburg, Baden, Krems, Amstetten, M\u00f6dling, Traiskirchen, Schwechat, Stockerau, Tulln, Korneuburg, Eisenstadt) <strong>Upper Austria <\/strong>(Linz, Leonding, Bad Ischl, Wels, Steyr, Traun, Enns, Ried, Braunau, Ansfelden, Marchtrenk, V\u00f6cklabruck) <strong>Salzburg<\/strong> (Salzburg, Hallein, Saalfelden, St. Johann, Bischofshofen, Seekirchen) <strong>Styria <\/strong>(Leoben, Kapfenberg, Judenburg, Liezen, Murau, Feldbach, Gratwein, Knittelfeld, Leibnitz, Deutschlandsberg, Weitz, Mariazell, Admont, Schladming, Bruck an der Mur) <strong>Tyrol\/Vorarlberg<\/strong> (Innsbruck, Kufstein, Telfs, Schwaz, Hall, W\u00f6rgl, Lienz, Feldkirch, Bregenz, Lustenau, Hohenems, Bludenz, Hard)? This is how you find the right way to us...<\/p>\n\n\n\n<ul class=\"wp-block-list\">\n<li>Arrival by <strong><a href=\"https:\/\/www.viamichelin.at\/web\/Routenplaner\">car<\/a><\/strong><\/li>\n\n\n\n<li>Arrival by <strong><a href=\"https:\/\/www.thetrainline.com\/de\/bahnunternehmen\/oebb?gclid=CjwKCAiA866PBhAYEiwANkIneObaU4BXugWRZ_eYJrlCQYl17QYxAPHksLgX_aDQNT4njLiz9mhnFxoCojwQAvD_BwE&amp;gclsrc=aw.ds\">Train<\/a><\/strong><\/li>\n\n\n\n<li>Arrival by <strong><a href=\"https:\/\/airport-klagenfurt.at\/\">Airplane<\/a><\/strong><\/li>\n\n\n\n<li><\/li>\n<\/ul>\n\n\n\n<hr class=\"wp-block-separator has-alpha-channel-opacity\"\/>\n\n\n\n<h3 class=\"wp-block-heading\">AestheticOP \u2013 modern surgery in the center of Klagenfurt:<\/h3>\n\n\n\n<figure class=\"wp-block-image size-large is-resized\"><a href=\"https:\/\/medicalbeautyconcepts.com\/wp-content\/uploads\/2022\/03\/AestheticOP-Klagenfurt-Stauderplatz-5-Dr.-Durnig-Peter-Plastische-Chirurgie.pdf\"><img loading=\"lazy\" decoding=\"async\" width=\"1024\" height=\"207\" src=\"https:\/\/medicalbeautyconcepts.com\/wp-content\/uploads\/2022\/03\/AestheticOP-Klagenfurt-Stauderplatz-5-Dr.-Durnig-Peter-Plastische-Chirurgie-pdf-1024x207.jpg\" rel=\"lightbox\"  alt=\"\" class=\"wp-image-6622\" style=\"width:598px;height:121px\"\/><\/a><\/figure>\n\n\n\n<p>Where is my surgery?<\/p>\n\n\n\n<p><strong>AestheticOP Private Surgery Klagenfurt<\/strong>: Stauderplatz 5, 9020 Klagenfurt am W\u00f6rthersee<\/p>\n\n\n\n<div class=\"wp-block-media-text alignwide is-stacked-on-mobile\" style=\"grid-template-columns:43% auto\"><figure class=\"wp-block-media-text__media\"><img loading=\"lazy\" decoding=\"async\" width=\"841\" height=\"1024\" src=\"https:\/\/medicalbeautyconcepts.com\/wp-content\/uploads\/2024\/03\/Empfang-Aesthetic-OP-841x1024.jpg\" alt=\"\" class=\"wp-image-6919 size-full\" srcset=\"https:\/\/medicalbeautyconcepts.com\/wp-content\/uploads\/2024\/03\/Empfang-Aesthetic-OP-841x1024.jpg 841w, https:\/\/medicalbeautyconcepts.com\/wp-content\/uploads\/2024\/03\/Empfang-Aesthetic-OP-246x300.jpg 246w, https:\/\/medicalbeautyconcepts.com\/wp-content\/uploads\/2024\/03\/Empfang-Aesthetic-OP-768x936.jpg 768w, https:\/\/medicalbeautyconcepts.com\/wp-content\/uploads\/2024\/03\/Empfang-Aesthetic-OP-1261x1536.jpg 1261w, https:\/\/medicalbeautyconcepts.com\/wp-content\/uploads\/2024\/03\/Empfang-Aesthetic-OP-1681x2048.jpg 1681w, https:\/\/medicalbeautyconcepts.com\/wp-content\/uploads\/2024\/03\/Empfang-Aesthetic-OP-534x650.jpg 534w, https:\/\/medicalbeautyconcepts.com\/wp-content\/uploads\/2024\/03\/Empfang-Aesthetic-OP-452x550.jpg 452w\" sizes=\"auto, (max-width: 841px) 100vw, 841px\" \/><\/figure><div class=\"wp-block-media-text__content\">\n<p>Welcome to the new AestheticOP!<\/p>\n\n\n\n<p>Operations of the highest quality in the center of Klagenfurt. For safe surgical treatments in a comfortable atmosphere. We look forward to welcoming you to the new operating room!<\/p>\n<\/div><\/div>\n\n\n\n<p>Aesthetic surgery Klagenfurt Carinthia = <strong>aesthetic surgeries<\/strong> in the <strong>private surgery<\/strong> in Klagenfurt Carinthia:<\/p>\n\n\n\n<p>We specialize in gentle aesthetic operations preferably under twilight anesthesia with short rehabilitation<\/p>\n\n\n\n<p>in the <strong>state-of-the-art operating room<\/strong> for outpatient surgeries or surgeries with overnight stay<\/p>\n\n\n\n<p>Plastic surgery and cosmetic surgery in a private atmosphere <\/p>\n\n\n\n<p><\/p>\n\n\n\n<p>What you should know about it...<\/p>\n\n\n\n<h3 class=\"wp-block-heading\">Where is the AestheticOP?<\/h3>\n\n\n\n<p>You can find us at <strong>Stauderplatz 5<\/strong> in the center of Klagenfurt.<\/p>\n\n\n\n<h3 class=\"wp-block-heading\">AestheticOP \u2013 Where can I park or get picked up?<\/h3>\n\n\n\n<p>There are several underground garages and parking spaces around the AestheticOP:<\/p>\n\n\n\n<p>The most modern underground car park is only a few hundred meters away from the AestheticOP: <strong><a href=\"https:\/\/www.9022.at\/parkgarage.xhtml\">Vitaneum underground car park<\/a><\/strong> \u2013 the parking garage at the Benediktinermarkt.<\/p>\n\n\n\n<p>Also just a few hundred meters away is the <strong><a href=\"https:\/\/www.apcoa.at\/parken\/klagenfurt\/lindwurm-klagenfurt-apcoa\/\">Lindwurm underground car park<\/a><\/strong>.<\/p>\n\n\n\n<p>Directly in the AestheticOP building is the <strong><a href=\"https:\/\/www.apcoa.at\/parken\/klagenfurt\/heiligengeist-klagenfurt-apcoa\/\">Heiligengeist underground car park<\/a><\/strong>Here you can park in the same building and have someone take you to the operation and pick you up again.<\/p>\n\n\n\n<p>Direct <strong><a href=\"https:\/\/www.apcoa.at\/parken\/klagenfurt\/heiligengeist-klagenfurt-apcoa\/\">at Stauderplatz<\/a><\/strong> there are some <strong>parking spaces with short-term parking zones<\/strong>.<\/p>\n\n\n\n<p><\/p>\n\n\n\r\n<div id=\"cta-block_092ce6c253f39b8996ffc1bba4a2e2ae\" class=\"icontext-block\">\r\n\t<div class=\"row\">\r\n\t\t\r\n\t\t<div class=\"col-sm-1 col-12 reveal\">\r\n\t\t\t\t\t\t\t<div class=\"icontext-icon icon-dark-arrow-right\"><\/div>\r\n\t\t\t\t\t<\/div>\r\n\r\n\t\t<div class=\"col-sm-11 col-12 reveal\">\r\n\t\t\t<div class=\"icontext-text\">\r\n\t\t\t\t<p>Make an appointment for your gynecomastia surgery in Klagenfurt Carinthia<\/p>\n<p>We look forward to your call at <strong>0699 19988009<\/strong> (Mon-Fri 12-16). See you soon!<\/p>\n\t\t\t<\/div>\r\n\t\t<\/div>\r\n\r\n\t<\/div>\r\n<\/div>\r\n\n\n\n<p>Nothing can replace a personal, individual consultation with a specialist with the appropriate experience and the right aesthetic sensitivity. We are therefore happy to advise you in detail \u2013 arrange your <strong>Consultation appointment at 0699 19988009<\/strong>. Or contact us via our <a href=\"http:\/\/www.durnig.at\/kontakt\/\"><strong>contact form<\/strong><\/a>. We look forward to seeing you!<\/p>\n\n\n\n<p><\/p>\n\n\n\n<p><\/p>","protected":false},"excerpt":{"rendered":"<p>Gynecomastia = male breast Klagenfurt Carinthia<\/p>","protected":false},"author":4,"featured_media":7957,"comment_status":"closed","ping_status":"closed","sticky":false,"template":"","format":"standard","meta":{"_acf_changed":false,"footnotes":""},"categories":[53],"class_list":["post-7939","post","type-post","status-publish","format-standard","has-post-thumbnail","hentry","category-brust-korper"],"acf":[],"yoast_head":"<!-- This site is optimized with the Yoast SEO plugin v26.8 - https:\/\/yoast.com\/product\/yoast-seo-wordpress\/ -->\n<title>Lip\u00f6dem Fettabsaugung Klagenfurt K\u00e4rnten | Dr. Peter DURNIG<\/title>\n<meta name=\"description\" content=\"Lip\u00f6dem Fettabsaugung Klagenfurt K\u00e4rnten - Wir beantworten Deine Fragen zu Deiner OP: Narkose, \u00dcbernachtung, Kosten, Nahtentfernung\" \/>\n<meta name=\"robots\" content=\"index, follow, max-snippet:-1, max-image-preview:large, max-video-preview:-1\" \/>\n<link rel=\"canonical\" href=\"https:\/\/medicalbeautyconcepts.com\/en\/lipoedem-fettabsaugung-klagenfurt-kaernten\/\" \/>\n<meta property=\"og:locale\" content=\"en_GB\" \/>\n<meta property=\"og:type\" content=\"article\" \/>\n<meta property=\"og:title\" content=\"Lip\u00f6dem Fettabsaugung Klagenfurt K\u00e4rnten | Dr. Peter DURNIG\" \/>\n<meta property=\"og:description\" content=\"Lip\u00f6dem Fettabsaugung Klagenfurt K\u00e4rnten - Wir beantworten Deine Fragen zu Deiner OP: Narkose, \u00dcbernachtung, Kosten, Nahtentfernung\" \/>\n<meta property=\"og:url\" content=\"https:\/\/medicalbeautyconcepts.com\/en\/lipoedem-fettabsaugung-klagenfurt-kaernten\/\" \/>\n<meta property=\"og:site_name\" content=\"Medical Beauty Concepts\" \/>\n<meta property=\"article:published_time\" content=\"2024-08-07T16:56:00+00:00\" \/>\n<meta property=\"article:modified_time\" content=\"2025-08-07T17:22:16+00:00\" \/>\n<meta property=\"og:image\" content=\"https:\/\/medicalbeautyconcepts.com\/wp-content\/uploads\/2025\/08\/Lipoedem-Fettabsaugung-Klagenfurt-Kaernten-scaled.jpg\" \/>\n\t<meta property=\"og:image:width\" content=\"2138\" \/>\n\t<meta property=\"og:image:height\" content=\"2560\" \/>\n\t<meta property=\"og:image:type\" content=\"image\/jpeg\" \/>\n<meta name=\"author\" content=\"Peter Durnig\" \/>\n<meta name=\"twitter:card\" content=\"summary_large_image\" \/>\n<meta name=\"twitter:label1\" content=\"Written by\" \/>\n\t<meta name=\"twitter:data1\" content=\"Peter Durnig\" \/>\n\t<meta name=\"twitter:label2\" content=\"Estimated reading time\" \/>\n\t<meta name=\"twitter:data2\" content=\"9 minutes\" \/>\n<script type=\"application\/ld+json\" class=\"yoast-schema-graph\">{\"@context\":\"https:\/\/schema.org\",\"@graph\":[{\"@type\":\"Article\",\"@id\":\"https:\/\/medicalbeautyconcepts.com\/en\/lipoedem-fettabsaugung-klagenfurt-kaernten\/#article\",\"isPartOf\":{\"@id\":\"https:\/\/medicalbeautyconcepts.com\/en\/lipoedem-fettabsaugung-klagenfurt-kaernten\/\"},\"author\":{\"name\":\"Peter Durnig\",\"@id\":\"https:\/\/medicalbeautyconcepts.com\/#\/schema\/person\/b6dca7ffe5e5e727fe1435c337befccf\"},\"headline\":\"Lip\u00f6dem Fettabsaugung Klagenfurt K\u00e4rnten\",\"datePublished\":\"2024-08-07T16:56:00+00:00\",\"dateModified\":\"2025-08-07T17:22:16+00:00\",\"mainEntityOfPage\":{\"@id\":\"https:\/\/medicalbeautyconcepts.com\/en\/lipoedem-fettabsaugung-klagenfurt-kaernten\/\"},\"wordCount\":1394,\"publisher\":{\"@id\":\"https:\/\/medicalbeautyconcepts.com\/#organization\"},\"image\":{\"@id\":\"https:\/\/medicalbeautyconcepts.com\/en\/lipoedem-fettabsaugung-klagenfurt-kaernten\/#primaryimage\"},\"thumbnailUrl\":\"https:\/\/medicalbeautyconcepts.com\/wp-content\/uploads\/2025\/08\/Lipoedem-Fettabsaugung-Klagenfurt-Kaernten-scaled.jpg\",\"articleSection\":[\"Brust\"],\"inLanguage\":\"en-GB\"},{\"@type\":\"WebPage\",\"@id\":\"https:\/\/medicalbeautyconcepts.com\/en\/lipoedem-fettabsaugung-klagenfurt-kaernten\/\",\"url\":\"https:\/\/medicalbeautyconcepts.com\/en\/lipoedem-fettabsaugung-klagenfurt-kaernten\/\",\"name\":\"Lip\u00f6dem Fettabsaugung Klagenfurt K\u00e4rnten | Dr. Peter DURNIG\",\"isPartOf\":{\"@id\":\"https:\/\/medicalbeautyconcepts.com\/#website\"},\"primaryImageOfPage\":{\"@id\":\"https:\/\/medicalbeautyconcepts.com\/en\/lipoedem-fettabsaugung-klagenfurt-kaernten\/#primaryimage\"},\"image\":{\"@id\":\"https:\/\/medicalbeautyconcepts.com\/en\/lipoedem-fettabsaugung-klagenfurt-kaernten\/#primaryimage\"},\"thumbnailUrl\":\"https:\/\/medicalbeautyconcepts.com\/wp-content\/uploads\/2025\/08\/Lipoedem-Fettabsaugung-Klagenfurt-Kaernten-scaled.jpg\",\"datePublished\":\"2024-08-07T16:56:00+00:00\",\"dateModified\":\"2025-08-07T17:22:16+00:00\",\"description\":\"Lip\u00f6dem Fettabsaugung Klagenfurt K\u00e4rnten - Wir beantworten Deine Fragen zu Deiner OP: Narkose, \u00dcbernachtung, Kosten, Nahtentfernung\",\"breadcrumb\":{\"@id\":\"https:\/\/medicalbeautyconcepts.com\/en\/lipoedem-fettabsaugung-klagenfurt-kaernten\/#breadcrumb\"},\"inLanguage\":\"en-GB\",\"potentialAction\":[{\"@type\":\"ReadAction\",\"target\":[\"https:\/\/medicalbeautyconcepts.com\/en\/lipoedem-fettabsaugung-klagenfurt-kaernten\/\"]}]},{\"@type\":\"ImageObject\",\"inLanguage\":\"en-GB\",\"@id\":\"https:\/\/medicalbeautyconcepts.com\/en\/lipoedem-fettabsaugung-klagenfurt-kaernten\/#primaryimage\",\"url\":\"https:\/\/medicalbeautyconcepts.com\/wp-content\/uploads\/2025\/08\/Lipoedem-Fettabsaugung-Klagenfurt-Kaernten-scaled.jpg\",\"contentUrl\":\"https:\/\/medicalbeautyconcepts.com\/wp-content\/uploads\/2025\/08\/Lipoedem-Fettabsaugung-Klagenfurt-Kaernten-scaled.jpg\",\"width\":2138,\"height\":2560,\"caption\":\"Lipo\u0308dem Fettabsaugung Klagenfurt Ka\u0308rnten\"},{\"@type\":\"BreadcrumbList\",\"@id\":\"https:\/\/medicalbeautyconcepts.com\/en\/lipoedem-fettabsaugung-klagenfurt-kaernten\/#breadcrumb\",\"itemListElement\":[{\"@type\":\"ListItem\",\"position\":1,\"name\":\"Home\",\"item\":\"https:\/\/medicalbeautyconcepts.com\/\"},{\"@type\":\"ListItem\",\"position\":2,\"name\":\"Lip\u00f6dem Fettabsaugung Klagenfurt K\u00e4rnten\"}]},{\"@type\":\"WebSite\",\"@id\":\"https:\/\/medicalbeautyconcepts.com\/#website\",\"url\":\"https:\/\/medicalbeautyconcepts.com\/\",\"name\":\"Medical Beauty Concepts\",\"description\":\"Premium Aesthetic Medicine\",\"publisher\":{\"@id\":\"https:\/\/medicalbeautyconcepts.com\/#organization\"},\"potentialAction\":[{\"@type\":\"SearchAction\",\"target\":{\"@type\":\"EntryPoint\",\"urlTemplate\":\"https:\/\/medicalbeautyconcepts.com\/?s={search_term_string}\"},\"query-input\":{\"@type\":\"PropertyValueSpecification\",\"valueRequired\":true,\"valueName\":\"search_term_string\"}}],\"inLanguage\":\"en-GB\"},{\"@type\":\"Organization\",\"@id\":\"https:\/\/medicalbeautyconcepts.com\/#organization\",\"name\":\"Medical Beauty Concepts\",\"url\":\"https:\/\/medicalbeautyconcepts.com\/\",\"logo\":{\"@type\":\"ImageObject\",\"inLanguage\":\"en-GB\",\"@id\":\"https:\/\/medicalbeautyconcepts.com\/#\/schema\/logo\/image\/\",\"url\":\"https:\/\/medicalbeautyconcepts.com\/wp-content\/uploads\/2019\/08\/medical-beauty-concepts.png\",\"contentUrl\":\"https:\/\/medicalbeautyconcepts.com\/wp-content\/uploads\/2019\/08\/medical-beauty-concepts.png\",\"width\":442,\"height\":134,\"caption\":\"Medical Beauty Concepts\"},\"image\":{\"@id\":\"https:\/\/medicalbeautyconcepts.com\/#\/schema\/logo\/image\/\"},\"sameAs\":[\"https:\/\/www.instagram.com\/plastischechirurgiegram\/\"]},{\"@type\":\"Person\",\"@id\":\"https:\/\/medicalbeautyconcepts.com\/#\/schema\/person\/b6dca7ffe5e5e727fe1435c337befccf\",\"name\":\"Peter Durnig\"}]}<\/script>\n<!-- \/ Yoast SEO plugin. -->","yoast_head_json":{"title":"Lip\u00f6dem Fettabsaugung Klagenfurt K\u00e4rnten | Dr. Peter DURNIG","description":"Lip\u00f6dem Fettabsaugung Klagenfurt K\u00e4rnten - Wir beantworten Deine Fragen zu Deiner OP: Narkose, \u00dcbernachtung, Kosten, Nahtentfernung","robots":{"index":"index","follow":"follow","max-snippet":"max-snippet:-1","max-image-preview":"max-image-preview:large","max-video-preview":"max-video-preview:-1"},"canonical":"https:\/\/medicalbeautyconcepts.com\/en\/lipoedem-fettabsaugung-klagenfurt-kaernten\/","og_locale":"en_GB","og_type":"article","og_title":"Lip\u00f6dem Fettabsaugung Klagenfurt K\u00e4rnten | Dr. Peter DURNIG","og_description":"Lip\u00f6dem Fettabsaugung Klagenfurt K\u00e4rnten - Wir beantworten Deine Fragen zu Deiner OP: Narkose, \u00dcbernachtung, Kosten, Nahtentfernung","og_url":"https:\/\/medicalbeautyconcepts.com\/en\/lipoedem-fettabsaugung-klagenfurt-kaernten\/","og_site_name":"Medical Beauty Concepts","article_published_time":"2024-08-07T16:56:00+00:00","article_modified_time":"2025-08-07T17:22:16+00:00","og_image":[{"width":2138,"height":2560,"url":"https:\/\/medicalbeautyconcepts.com\/wp-content\/uploads\/2025\/08\/Lipoedem-Fettabsaugung-Klagenfurt-Kaernten-scaled.jpg","type":"image\/jpeg"}],"author":"Peter Durnig","twitter_card":"summary_large_image","twitter_misc":{"Written by":"Peter Durnig","Estimated reading time":"9 minutes"},"schema":{"@context":"https:\/\/schema.org","@graph":[{"@type":"Article","@id":"https:\/\/medicalbeautyconcepts.com\/en\/lipoedem-fettabsaugung-klagenfurt-kaernten\/#article","isPartOf":{"@id":"https:\/\/medicalbeautyconcepts.com\/en\/lipoedem-fettabsaugung-klagenfurt-kaernten\/"},"author":{"name":"Peter Durnig","@id":"https:\/\/medicalbeautyconcepts.com\/#\/schema\/person\/b6dca7ffe5e5e727fe1435c337befccf"},"headline":"Lip\u00f6dem Fettabsaugung Klagenfurt K\u00e4rnten","datePublished":"2024-08-07T16:56:00+00:00","dateModified":"2025-08-07T17:22:16+00:00","mainEntityOfPage":{"@id":"https:\/\/medicalbeautyconcepts.com\/en\/lipoedem-fettabsaugung-klagenfurt-kaernten\/"},"wordCount":1394,"publisher":{"@id":"https:\/\/medicalbeautyconcepts.com\/#organization"},"image":{"@id":"https:\/\/medicalbeautyconcepts.com\/en\/lipoedem-fettabsaugung-klagenfurt-kaernten\/#primaryimage"},"thumbnailUrl":"https:\/\/medicalbeautyconcepts.com\/wp-content\/uploads\/2025\/08\/Lipoedem-Fettabsaugung-Klagenfurt-Kaernten-scaled.jpg","articleSection":["Brust"],"inLanguage":"en-GB"},{"@type":"WebPage","@id":"https:\/\/medicalbeautyconcepts.com\/en\/lipoedem-fettabsaugung-klagenfurt-kaernten\/","url":"https:\/\/medicalbeautyconcepts.com\/en\/lipoedem-fettabsaugung-klagenfurt-kaernten\/","name":"Lip\u00f6dem Fettabsaugung Klagenfurt K\u00e4rnten | Dr. Peter DURNIG","isPartOf":{"@id":"https:\/\/medicalbeautyconcepts.com\/#website"},"primaryImageOfPage":{"@id":"https:\/\/medicalbeautyconcepts.com\/en\/lipoedem-fettabsaugung-klagenfurt-kaernten\/#primaryimage"},"image":{"@id":"https:\/\/medicalbeautyconcepts.com\/en\/lipoedem-fettabsaugung-klagenfurt-kaernten\/#primaryimage"},"thumbnailUrl":"https:\/\/medicalbeautyconcepts.com\/wp-content\/uploads\/2025\/08\/Lipoedem-Fettabsaugung-Klagenfurt-Kaernten-scaled.jpg","datePublished":"2024-08-07T16:56:00+00:00","dateModified":"2025-08-07T17:22:16+00:00","description":"Lip\u00f6dem Fettabsaugung Klagenfurt K\u00e4rnten - Wir beantworten Deine Fragen zu Deiner OP: Narkose, \u00dcbernachtung, Kosten, Nahtentfernung","breadcrumb":{"@id":"https:\/\/medicalbeautyconcepts.com\/en\/lipoedem-fettabsaugung-klagenfurt-kaernten\/#breadcrumb"},"inLanguage":"en-GB","potentialAction":[{"@type":"ReadAction","target":["https:\/\/medicalbeautyconcepts.com\/en\/lipoedem-fettabsaugung-klagenfurt-kaernten\/"]}]},{"@type":"ImageObject","inLanguage":"en-GB","@id":"https:\/\/medicalbeautyconcepts.com\/en\/lipoedem-fettabsaugung-klagenfurt-kaernten\/#primaryimage","url":"https:\/\/medicalbeautyconcepts.com\/wp-content\/uploads\/2025\/08\/Lipoedem-Fettabsaugung-Klagenfurt-Kaernten-scaled.jpg","contentUrl":"https:\/\/medicalbeautyconcepts.com\/wp-content\/uploads\/2025\/08\/Lipoedem-Fettabsaugung-Klagenfurt-Kaernten-scaled.jpg","width":2138,"height":2560,"caption":"Lipo\u0308dem Fettabsaugung Klagenfurt Ka\u0308rnten"},{"@type":"BreadcrumbList","@id":"https:\/\/medicalbeautyconcepts.com\/en\/lipoedem-fettabsaugung-klagenfurt-kaernten\/#breadcrumb","itemListElement":[{"@type":"ListItem","position":1,"name":"Home","item":"https:\/\/medicalbeautyconcepts.com\/"},{"@type":"ListItem","position":2,"name":"Lip\u00f6dem Fettabsaugung Klagenfurt K\u00e4rnten"}]},{"@type":"WebSite","@id":"https:\/\/medicalbeautyconcepts.com\/#website","url":"https:\/\/medicalbeautyconcepts.com\/","name":"Medical Beauty Concepts","description":"Premium Aesthetic Medicine","publisher":{"@id":"https:\/\/medicalbeautyconcepts.com\/#organization"},"potentialAction":[{"@type":"SearchAction","target":{"@type":"EntryPoint","urlTemplate":"https:\/\/medicalbeautyconcepts.com\/?s={search_term_string}"},"query-input":{"@type":"PropertyValueSpecification","valueRequired":true,"valueName":"search_term_string"}}],"inLanguage":"en-GB"},{"@type":"Organization","@id":"https:\/\/medicalbeautyconcepts.com\/#organization","name":"Medical Beauty Concepts","url":"https:\/\/medicalbeautyconcepts.com\/","logo":{"@type":"ImageObject","inLanguage":"en-GB","@id":"https:\/\/medicalbeautyconcepts.com\/#\/schema\/logo\/image\/","url":"https:\/\/medicalbeautyconcepts.com\/wp-content\/uploads\/2019\/08\/medical-beauty-concepts.png","contentUrl":"https:\/\/medicalbeautyconcepts.com\/wp-content\/uploads\/2019\/08\/medical-beauty-concepts.png","width":442,"height":134,"caption":"Medical Beauty Concepts"},"image":{"@id":"https:\/\/medicalbeautyconcepts.com\/#\/schema\/logo\/image\/"},"sameAs":["https:\/\/www.instagram.com\/plastischechirurgiegram\/"]},{"@type":"Person","@id":"https:\/\/medicalbeautyconcepts.com\/#\/schema\/person\/b6dca7ffe5e5e727fe1435c337befccf","name":"Peter Durnig"}]}},"_links":{"self":[{"href":"http:\/\/medicalbeautyconcepts.com\/en\/wp-json\/wp\/v2\/posts\/7939","targetHints":{"allow":["GET"]}}],"collection":[{"href":"http:\/\/medicalbeautyconcepts.com\/en\/wp-json\/wp\/v2\/posts"}],"about":[{"href":"http:\/\/medicalbeautyconcepts.com\/en\/wp-json\/wp\/v2\/types\/post"}],"author":[{"embeddable":true,"href":"http:\/\/medicalbeautyconcepts.com\/en\/wp-json\/wp\/v2\/users\/4"}],"replies":[{"embeddable":true,"href":"http:\/\/medicalbeautyconcepts.com\/en\/wp-json\/wp\/v2\/comments?post=7939"}],"version-history":[{"count":10,"href":"http:\/\/medicalbeautyconcepts.com\/en\/wp-json\/wp\/v2\/posts\/7939\/revisions"}],"predecessor-version":[{"id":7961,"href":"http:\/\/medicalbeautyconcepts.com\/en\/wp-json\/wp\/v2\/posts\/7939\/revisions\/7961"}],"wp:featuredmedia":[{"embeddable":true,"href":"http:\/\/medicalbeautyconcepts.com\/en\/wp-json\/wp\/v2\/media\/7957"}],"wp:attachment":[{"href":"http:\/\/medicalbeautyconcepts.com\/en\/wp-json\/wp\/v2\/media?parent=7939"}],"wp:term":[{"taxonomy":"category","embeddable":true,"href":"http:\/\/medicalbeautyconcepts.com\/en\/wp-json\/wp\/v2\/categories?post=7939"}],"curies":[{"name":"wp","href":"https:\/\/api.w.org\/{rel}","templated":true}]}}