{"id":5279,"date":"2022-01-13T07:54:05","date_gmt":"2022-01-13T06:54:05","guid":{"rendered":"https:\/\/medicalbeautyconcepts.com\/?p=5279"},"modified":"2024-09-26T10:50:05","modified_gmt":"2024-09-26T08:50:05","slug":"lower-eyelid-tightening-klagenfurt-carinthia","status":"publish","type":"post","link":"http:\/\/medicalbeautyconcepts.com\/en\/lower-eyelid-tightening-klagenfurt-carinthia\/","title":{"rendered":"Lower eyelid lift Klagenfurt Carinthia"},"content":{"rendered":"<p>Lower eyelid lift Klagenfurt Carinthia \u2013 Drooping eyelids under the eyes are often responsible for a tired and exhausted facial expression. This is because the delicate skin of the lower eyelid can become noticeably slacker, especially as we get older. A lower eyelid lift gives you a fresh and rested look again!<\/p>\n\n\n\n<p><strong>lower eyelid lift <\/strong>Klagenfurt Carinthia \u2013 the most frequently asked questions:<\/p>\n\n\n\n<h3 class=\"wp-block-heading\">What anesthesia is used for lower eyelid surgery?<\/h3>\n\n\n\n<p>This is decided in consultation with the surgeon and, if necessary, the anesthetist. We offer both the option <strong>Local anesthesia <\/strong>as well as a <strong>twilight sleep<\/strong> possible. But in most cases local anesthesia is sufficient.<\/p>\n\n\n\n<hr class=\"wp-block-separator\"\/>\n\n\n\n<h3 class=\"wp-block-heading\">Is the lower eyelid lift performed on an outpatient basis?<\/h3>\n\n\n\n<p>Yes, we usually perform lower eyelid surgery on an outpatient basis. You will be at the surgery for about half an hour after the operation. If everything goes well, you can then go home. We recommend that you have someone pick you up and not drive yourself.<\/p>\n\n\n\n<hr class=\"wp-block-separator\"\/>\n\n\n\n<h3 class=\"wp-block-heading\">Do stitches need to be removed after the operation? If so\u2026when?<\/h3>\n\n\n\n<p>Normally, stitches are removed about a week after the operation. This is because these stitches are usually a continuous thread. This thread can be removed very easily. In some cases, self-dissolving stitches are used that cannot be removed.<\/p>\n\n\n\n<hr class=\"wp-block-separator\"\/>\n\n\n\n<h3 class=\"wp-block-heading\">How long should I rest after a lower eyelid lift?<\/h3>\n\n\n\n<p>You should take it easy for 2-3 weeks \u2013 using sensitivity and common sense. The basic rule is: <strong>Do not lift more than 5kg, no sudden movements, not overhead<\/strong> work. <\/p>\n\n\n\n<p>But you are not sick. That means you should move around, just take care of the operated area. So turning to the left and right when lying down is allowed and advisable. Otherwise you risk back pain if you just lie on your back with cramps. Logically, you should not lie on the operated area or the surgical wound itself. <\/p>\n\n\n\n<hr class=\"wp-block-separator\"\/>\n\n\n\n<h3 class=\"wp-block-heading\">How much does my lower eyelid lift cost in Klagenfurt Carinthia?<\/h3>\n\n\n\n<p>Our <strong><a href=\"https:\/\/medicalbeautyconcepts.com\/en\/breast-enlargement-prices-and-costs\/\">Prices and Costs<\/a><\/strong> can be found as a separate section in our stories. <\/p>\n\n\n\n<p>The following factors, among others, play a role in the costs: firstly, day surgery or overnight stay, secondly, choice of implant, thirdly, planned duration of the operation and difficulty of the operation. <\/p>\n\n\n\n<p>In a detailed consultation, the costs can usually be calculated very precisely. All decisions should have been made by the second consultation at the latest. From then on, an exact calculation of the costs and price is possible.<\/p>\n\n\n\n<hr class=\"wp-block-separator\"\/>\n\n\n\n<h3 class=\"wp-block-heading\">What other operations are possible in the lower eyelid area?<\/h3>\n\n\n\n<div class=\"wp-block-media-text alignwide is-stacked-on-mobile\" style=\"grid-template-columns:27% auto\"><figure class=\"wp-block-media-text__media\"><img loading=\"lazy\" decoding=\"async\" width=\"849\" height=\"1024\" src=\"https:\/\/medicalbeautyconcepts.com\/wp-content\/uploads\/2023\/03\/Unterlid-Plastische-Chirurgie-Dr.-Durnig-Unterlidstraffung-Mittelgesichtslift-849x1024.png\" alt=\"\" class=\"wp-image-6113 size-full\" srcset=\"https:\/\/medicalbeautyconcepts.com\/wp-content\/uploads\/2023\/03\/Unterlid-Plastische-Chirurgie-Dr.-Durnig-Unterlidstraffung-Mittelgesichtslift-849x1024.png 849w, https:\/\/medicalbeautyconcepts.com\/wp-content\/uploads\/2023\/03\/Unterlid-Plastische-Chirurgie-Dr.-Durnig-Unterlidstraffung-Mittelgesichtslift-249x300.png 249w, https:\/\/medicalbeautyconcepts.com\/wp-content\/uploads\/2023\/03\/Unterlid-Plastische-Chirurgie-Dr.-Durnig-Unterlidstraffung-Mittelgesichtslift-768x927.png 768w, https:\/\/medicalbeautyconcepts.com\/wp-content\/uploads\/2023\/03\/Unterlid-Plastische-Chirurgie-Dr.-Durnig-Unterlidstraffung-Mittelgesichtslift-539x650.png 539w, https:\/\/medicalbeautyconcepts.com\/wp-content\/uploads\/2023\/03\/Unterlid-Plastische-Chirurgie-Dr.-Durnig-Unterlidstraffung-Mittelgesichtslift-456x550.png 456w, https:\/\/medicalbeautyconcepts.com\/wp-content\/uploads\/2023\/03\/Unterlid-Plastische-Chirurgie-Dr.-Durnig-Unterlidstraffung-Mittelgesichtslift.png 1240w\" sizes=\"auto, (max-width: 849px) 100vw, 849px\" \/><\/figure><div class=\"wp-block-media-text__content\">\n<p>Click under the heading <strong><a href=\"https:\/\/medicalbeautyconcepts.com\/en\/plastic-surgery-breast-face-body\/\">BODY on the lower eyelid area<\/a><\/strong> and find all options for treatments and surgeries in this region<\/p>\n<\/div><\/div>\n\n\n\n<hr class=\"wp-block-separator\"\/>\n\n\n\n<h3 class=\"wp-block-heading\">How do you find us \u2013 Lower Eyelid Lift Klagenfurt Carinthia?<\/h3>\n\n\n\n<p>You can find us here:<\/p>\n\n\n\n<div class=\"wp-block-media-text alignwide is-stacked-on-mobile\" style=\"grid-template-columns:37% auto\"><figure class=\"wp-block-media-text__media\"><img loading=\"lazy\" decoding=\"async\" width=\"1024\" height=\"576\" src=\"https:\/\/medicalbeautyconcepts.com\/wp-content\/uploads\/2022\/01\/Ordination-Schloss-Velden-Dr.-Durnig-Ka\u0308rnten-Plastische-Chirurgie-2-1024x576.jpg\" alt=\"\" class=\"wp-image-4026 size-full\" srcset=\"https:\/\/medicalbeautyconcepts.com\/wp-content\/uploads\/2022\/01\/Ordination-Schloss-Velden-Dr.-Durnig-Ka\u0308rnten-Plastische-Chirurgie-2-1024x576.jpg 1024w, https:\/\/medicalbeautyconcepts.com\/wp-content\/uploads\/2022\/01\/Ordination-Schloss-Velden-Dr.-Durnig-Ka\u0308rnten-Plastische-Chirurgie-2-300x169.jpg 300w, https:\/\/medicalbeautyconcepts.com\/wp-content\/uploads\/2022\/01\/Ordination-Schloss-Velden-Dr.-Durnig-Ka\u0308rnten-Plastische-Chirurgie-2-768x432.jpg 768w, https:\/\/medicalbeautyconcepts.com\/wp-content\/uploads\/2022\/01\/Ordination-Schloss-Velden-Dr.-Durnig-Ka\u0308rnten-Plastische-Chirurgie-2-1536x864.jpg 1536w, https:\/\/medicalbeautyconcepts.com\/wp-content\/uploads\/2022\/01\/Ordination-Schloss-Velden-Dr.-Durnig-Ka\u0308rnten-Plastische-Chirurgie-2-2048x1152.jpg 2048w, https:\/\/medicalbeautyconcepts.com\/wp-content\/uploads\/2022\/01\/Ordination-Schloss-Velden-Dr.-Durnig-Ka\u0308rnten-Plastische-Chirurgie-2-1920x1080.jpg 1920w, https:\/\/medicalbeautyconcepts.com\/wp-content\/uploads\/2022\/01\/Ordination-Schloss-Velden-Dr.-Durnig-Ka\u0308rnten-Plastische-Chirurgie-2-550x309.jpg 550w, https:\/\/medicalbeautyconcepts.com\/wp-content\/uploads\/2022\/01\/Ordination-Schloss-Velden-Dr.-Durnig-Ka\u0308rnten-Plastische-Chirurgie-2-740x416.jpg 740w\" sizes=\"auto, (max-width: 1024px) 100vw, 1024px\" \/><\/figure><div class=\"wp-block-media-text__content\">\n<p>Ordination at the Falkensteiner Schlosshotel in Velden am W\u00f6rthersee<\/p>\n<\/div><\/div>\n\n\n\n<ul class=\"wp-block-list\"><li><strong>Klagenfurt<\/strong> <strong>ordination<\/strong> Domplatz: Lidmanskygasse 8, 9020 Klagenfurt am W\u00f6rthersee<\/li><li><strong>Velden<\/strong> <strong>ordination<\/strong> Falkensteiner Schlosshotel Velden: Schlosspark 1, 9220 Velden am W\u00f6rthersee<\/li><li><strong>AestheticOP Private Surgery Klagenfurt<\/strong>: Feldkirchnerstrasse 217, 9020 Klagenfurt am W\u00f6rthersee<\/li><li><strong>Hospital Barmherzige Br\u00fcder Sankt Veit\/Glan<\/strong>: Spitalgasse 26, 9300 Sankt Veit\/Glan<\/li><li><strong>Private Clinic Maria Hilf Humanomed<\/strong>: Radetzkystrasse 35, 9200 Klagenfurt am W\u00f6rthersee<\/li><\/ul>\n\n\n\n<p>If you are from <strong>Carinthia<\/strong> (Klagenfurt, Villach, Wolfsberg, Feldkirchen, St. Veit an der Glan, Spittal an der Drau, V\u00f6lkermarkt, Friesach, Velden, etc.), you will find the right way to us...<\/p>\n\n\n\n<ul class=\"wp-block-list\"><li>Arrival by <strong><a href=\"https:\/\/www.viamichelin.at\/web\/Routenplaner\">car<\/a><\/strong><\/li><li>Arrival with the <strong><a href=\"https:\/\/routenplaner.kaerntner-linien.at\/\">K\u00e4rntner Linien<\/a><\/strong><\/li><li>Arrival by <strong><a href=\"https:\/\/www.thetrainline.com\/de\/bahnunternehmen\/oebb?gclid=CjwKCAiA866PBhAYEiwANkIneObaU4BXugWRZ_eYJrlCQYl17QYxAPHksLgX_aDQNT4njLiz9mhnFxoCojwQAvD_BwE&amp;gclsrc=aw.ds\">Train<\/a><\/strong><\/li><\/ul>\n\n\n\n<p>You are traveling <strong>Vienna\/Lower Austria\/Burgenland<\/strong> (Vienna, St. P\u00f6lten, Wiener Neustadt, Klosterneuburg, Baden, Krems, Amstetten, M\u00f6dling, Traiskirchen, Schwechat, Stockerau, Tulln, Korneuburg, Eisenstadt) <strong>Upper Austria <\/strong>(Linz, Leonding, Bad Ischl, Wels, Steyr, Traun, Enns, Ried, Braunau, Ansfelden, Marchtrenk, V\u00f6cklabruck) <strong>Salzburg<\/strong> (Salzburg, Hallein, Saalfelden, St. Johann, Bischofshofen, Seekirchen) <strong>Styria <\/strong>(Leoben, Kapfenberg, Judenburg, Liezen, Murau, Feldbach, Gratwein, Knittelfeld, Leibnitz, Deutschlandsberg, Weitz, Mariazell, Admont, Schladming, Bruck an der Mur) <strong>Tyrol\/Vorarlberg<\/strong> (Innsbruck, Kufstein, Telfs, Schwaz, Hall, W\u00f6rgl, Lienz, Feldkirch, Bregenz, Lustenau, Hohenems, Bludenz, Hard)? This is how you find the right way to us...<\/p>\n\n\n\n<ul class=\"wp-block-list\"><li>Arrival by <strong><a href=\"https:\/\/www.viamichelin.at\/web\/Routenplaner\">car<\/a><\/strong><\/li><li>Arrival by <strong><a href=\"https:\/\/www.thetrainline.com\/de\/bahnunternehmen\/oebb?gclid=CjwKCAiA866PBhAYEiwANkIneObaU4BXugWRZ_eYJrlCQYl17QYxAPHksLgX_aDQNT4njLiz9mhnFxoCojwQAvD_BwE&amp;gclsrc=aw.ds\">Train<\/a><\/strong><\/li><li>Arrival by <strong><a href=\"https:\/\/airport-klagenfurt.at\/\">Airplane<\/a><\/strong><\/li><\/ul>\n\n\n\n<hr class=\"wp-block-separator\"\/>\n\n\n\r\n<div id=\"cta-block_5eb02ce881bd0\" class=\"icontext-block\">\r\n\t<div class=\"row\">\r\n\t\t\r\n\t\t<div class=\"col-sm-1 col-12 reveal\">\r\n\t\t\t\t\t\t\t<div class=\"icontext-icon icon-dark-arrow-right\"><\/div>\r\n\t\t\t\t\t<\/div>\r\n\r\n\t\t<div class=\"col-sm-11 col-12 reveal\">\r\n\t\t\t<div class=\"icontext-text\">\r\n\t\t\t\t<h2 class=\"rich-text block-editor-rich-text__editable\" role=\"textbox\" contenteditable=\"true\" aria-multiline=\"true\" aria-label=\"Write headline\u2026\">Make an appointment for your lower eyelid lift in Klagenfurt Carinthia<\/h2>\n<p>We look forward to your call at <strong>0699 19988009<\/strong> (Mon-Fri 12-16). See you soon!<\/p>\n\t\t\t<\/div>\r\n\t\t<\/div>\r\n\r\n\t<\/div>\r\n<\/div>\r\n\n\n\n<p>Nothing can replace personal, individual advice from a specialist with the appropriate experience and the right aesthetic sensitivity. We will be happy to advise you in detail (with 3D analysis on request) \u2013 arrange your <strong>Consultation appointment at 0699 19988009<\/strong>. Or contact us via our <a href=\"http:\/\/www.durnig.at\/kontakt\/\"><strong>contact form<\/strong><\/a>. We look forward to seeing you!<\/p>\n\n\n\n<p><\/p>\n\n\n\n<p>Here you can see everything about <strong><a href=\"http:\/\/www.durnig.at\/leistungen\/lidstraffung\/\">eyelid lifts<\/a><\/strong>.<\/p>\n\n\n\n<p><\/p>\n\n\n\n<p>Find more valuable information on the topic <a href=\"https:\/\/medicalbeautyconcepts.com\/en\/beauty-concepts\/\"><strong>among our Beauty Concepts<\/strong><\/a><\/p>","protected":false},"excerpt":{"rendered":"<p>Lower eyelid lift surgery Carinthia<\/p>","protected":false},"author":4,"featured_media":5578,"comment_status":"closed","ping_status":"closed","sticky":false,"template":"","format":"standard","meta":{"_acf_changed":false,"footnotes":""},"categories":[5,26,27],"class_list":["post-5279","post","type-post","status-publish","format-standard","has-post-thumbnail","hentry","category-gesicht","category-auge","category-mittelgesicht"],"acf":[],"yoast_head":"<!-- This site is optimized with the Yoast SEO plugin v26.8 - https:\/\/yoast.com\/product\/yoast-seo-wordpress\/ -->\n<title>Medical Beauty Concepts | Unterlid-Straffung Klagenfurt K\u00e4rnten<\/title>\n<meta name=\"description\" content=\"Unterlid-Straffung in Klagenfurt K\u00e4rnten - Wir beantworten Deine Fragen zu Deiner Unterlid-OP: Narkose, \u00dcbernachtung, Kosten, Nahtentfernung\" \/>\n<meta name=\"robots\" content=\"index, follow, max-snippet:-1, max-image-preview:large, max-video-preview:-1\" \/>\n<link rel=\"canonical\" href=\"https:\/\/medicalbeautyconcepts.com\/en\/lower-eyelid-tightening-klagenfurt-carinthia\/\" \/>\n<meta property=\"og:locale\" content=\"en_GB\" \/>\n<meta property=\"og:type\" content=\"article\" \/>\n<meta property=\"og:title\" content=\"Medical Beauty Concepts | Unterlid-Straffung Klagenfurt K\u00e4rnten\" \/>\n<meta property=\"og:description\" content=\"Unterlid-Straffung in Klagenfurt K\u00e4rnten - Wir beantworten Deine Fragen zu Deiner Unterlid-OP: Narkose, \u00dcbernachtung, Kosten, Nahtentfernung\" \/>\n<meta property=\"og:url\" content=\"https:\/\/medicalbeautyconcepts.com\/en\/lower-eyelid-tightening-klagenfurt-carinthia\/\" \/>\n<meta property=\"og:site_name\" content=\"Medical Beauty Concepts\" \/>\n<meta property=\"article:published_time\" content=\"2022-01-13T06:54:05+00:00\" \/>\n<meta property=\"article:modified_time\" content=\"2024-09-26T08:50:05+00:00\" \/>\n<meta property=\"og:image\" content=\"https:\/\/medicalbeautyconcepts.com\/wp-content\/uploads\/2022\/09\/Unterlidstraffung-Klagenfurt-Ka\u0308rnten-1024x887.jpg\" \/>\n\t<meta property=\"og:image:width\" content=\"1024\" \/>\n\t<meta property=\"og:image:height\" content=\"887\" \/>\n\t<meta property=\"og:image:type\" content=\"image\/jpeg\" \/>\n<meta name=\"author\" content=\"Peter Durnig\" \/>\n<meta name=\"twitter:card\" content=\"summary_large_image\" \/>\n<meta name=\"twitter:label1\" content=\"Written by\" \/>\n\t<meta name=\"twitter:data1\" content=\"Peter Durnig\" \/>\n\t<meta name=\"twitter:label2\" content=\"Estimated reading time\" \/>\n\t<meta name=\"twitter:data2\" content=\"5 minutes\" \/>\n<script type=\"application\/ld+json\" class=\"yoast-schema-graph\">{\"@context\":\"https:\/\/schema.org\",\"@graph\":[{\"@type\":\"Article\",\"@id\":\"https:\/\/medicalbeautyconcepts.com\/unterlid-straffung-klagenfurt-kaernten\/#article\",\"isPartOf\":{\"@id\":\"https:\/\/medicalbeautyconcepts.com\/unterlid-straffung-klagenfurt-kaernten\/\"},\"author\":{\"name\":\"Peter Durnig\",\"@id\":\"https:\/\/medicalbeautyconcepts.com\/#\/schema\/person\/b6dca7ffe5e5e727fe1435c337befccf\"},\"headline\":\"Unterlid-Straffung Klagenfurt K\u00e4rnten\",\"datePublished\":\"2022-01-13T06:54:05+00:00\",\"dateModified\":\"2024-09-26T08:50:05+00:00\",\"mainEntityOfPage\":{\"@id\":\"https:\/\/medicalbeautyconcepts.com\/unterlid-straffung-klagenfurt-kaernten\/\"},\"wordCount\":714,\"publisher\":{\"@id\":\"https:\/\/medicalbeautyconcepts.com\/#organization\"},\"image\":{\"@id\":\"https:\/\/medicalbeautyconcepts.com\/unterlid-straffung-klagenfurt-kaernten\/#primaryimage\"},\"thumbnailUrl\":\"https:\/\/medicalbeautyconcepts.com\/wp-content\/uploads\/2022\/09\/Unterlidstraffung-Klagenfurt-Ka\u0308rnten.jpg\",\"articleSection\":[\"Gesicht\",\"Auge\",\"Mittelgesicht\"],\"inLanguage\":\"en-GB\"},{\"@type\":\"WebPage\",\"@id\":\"https:\/\/medicalbeautyconcepts.com\/unterlid-straffung-klagenfurt-kaernten\/\",\"url\":\"https:\/\/medicalbeautyconcepts.com\/unterlid-straffung-klagenfurt-kaernten\/\",\"name\":\"Medical Beauty Concepts | Unterlid-Straffung Klagenfurt K\u00e4rnten\",\"isPartOf\":{\"@id\":\"https:\/\/medicalbeautyconcepts.com\/#website\"},\"primaryImageOfPage\":{\"@id\":\"https:\/\/medicalbeautyconcepts.com\/unterlid-straffung-klagenfurt-kaernten\/#primaryimage\"},\"image\":{\"@id\":\"https:\/\/medicalbeautyconcepts.com\/unterlid-straffung-klagenfurt-kaernten\/#primaryimage\"},\"thumbnailUrl\":\"https:\/\/medicalbeautyconcepts.com\/wp-content\/uploads\/2022\/09\/Unterlidstraffung-Klagenfurt-Ka\u0308rnten.jpg\",\"datePublished\":\"2022-01-13T06:54:05+00:00\",\"dateModified\":\"2024-09-26T08:50:05+00:00\",\"description\":\"Unterlid-Straffung in Klagenfurt K\u00e4rnten - Wir beantworten Deine Fragen zu Deiner Unterlid-OP: Narkose, \u00dcbernachtung, Kosten, Nahtentfernung\",\"breadcrumb\":{\"@id\":\"https:\/\/medicalbeautyconcepts.com\/unterlid-straffung-klagenfurt-kaernten\/#breadcrumb\"},\"inLanguage\":\"en-GB\",\"potentialAction\":[{\"@type\":\"ReadAction\",\"target\":[\"https:\/\/medicalbeautyconcepts.com\/unterlid-straffung-klagenfurt-kaernten\/\"]}]},{\"@type\":\"ImageObject\",\"inLanguage\":\"en-GB\",\"@id\":\"https:\/\/medicalbeautyconcepts.com\/unterlid-straffung-klagenfurt-kaernten\/#primaryimage\",\"url\":\"https:\/\/medicalbeautyconcepts.com\/wp-content\/uploads\/2022\/09\/Unterlidstraffung-Klagenfurt-Ka\u0308rnten.jpg\",\"contentUrl\":\"https:\/\/medicalbeautyconcepts.com\/wp-content\/uploads\/2022\/09\/Unterlidstraffung-Klagenfurt-Ka\u0308rnten.jpg\",\"width\":1972,\"height\":1709},{\"@type\":\"BreadcrumbList\",\"@id\":\"https:\/\/medicalbeautyconcepts.com\/unterlid-straffung-klagenfurt-kaernten\/#breadcrumb\",\"itemListElement\":[{\"@type\":\"ListItem\",\"position\":1,\"name\":\"Home\",\"item\":\"https:\/\/medicalbeautyconcepts.com\/\"},{\"@type\":\"ListItem\",\"position\":2,\"name\":\"Unterlid-Straffung Klagenfurt K\u00e4rnten\"}]},{\"@type\":\"WebSite\",\"@id\":\"https:\/\/medicalbeautyconcepts.com\/#website\",\"url\":\"https:\/\/medicalbeautyconcepts.com\/\",\"name\":\"Medical Beauty Concepts\",\"description\":\"Premium Aesthetic Medicine\",\"publisher\":{\"@id\":\"https:\/\/medicalbeautyconcepts.com\/#organization\"},\"potentialAction\":[{\"@type\":\"SearchAction\",\"target\":{\"@type\":\"EntryPoint\",\"urlTemplate\":\"https:\/\/medicalbeautyconcepts.com\/?s={search_term_string}\"},\"query-input\":{\"@type\":\"PropertyValueSpecification\",\"valueRequired\":true,\"valueName\":\"search_term_string\"}}],\"inLanguage\":\"en-GB\"},{\"@type\":\"Organization\",\"@id\":\"https:\/\/medicalbeautyconcepts.com\/#organization\",\"name\":\"Medical Beauty Concepts\",\"url\":\"https:\/\/medicalbeautyconcepts.com\/\",\"logo\":{\"@type\":\"ImageObject\",\"inLanguage\":\"en-GB\",\"@id\":\"https:\/\/medicalbeautyconcepts.com\/#\/schema\/logo\/image\/\",\"url\":\"https:\/\/medicalbeautyconcepts.com\/wp-content\/uploads\/2019\/08\/medical-beauty-concepts.png\",\"contentUrl\":\"https:\/\/medicalbeautyconcepts.com\/wp-content\/uploads\/2019\/08\/medical-beauty-concepts.png\",\"width\":442,\"height\":134,\"caption\":\"Medical Beauty Concepts\"},\"image\":{\"@id\":\"https:\/\/medicalbeautyconcepts.com\/#\/schema\/logo\/image\/\"},\"sameAs\":[\"https:\/\/www.instagram.com\/plastischechirurgiegram\/\"]},{\"@type\":\"Person\",\"@id\":\"https:\/\/medicalbeautyconcepts.com\/#\/schema\/person\/b6dca7ffe5e5e727fe1435c337befccf\",\"name\":\"Peter Durnig\"}]}<\/script>\n<!-- \/ Yoast SEO plugin. -->","yoast_head_json":{"title":"Medical Beauty Concepts | Lower eyelid lift Klagenfurt Carinthia","description":"Lower eyelid lift in Klagenfurt Carinthia - We answer your questions about your lower eyelid surgery: anesthesia, overnight stay, costs, suture removal","robots":{"index":"index","follow":"follow","max-snippet":"max-snippet:-1","max-image-preview":"max-image-preview:large","max-video-preview":"max-video-preview:-1"},"canonical":"https:\/\/medicalbeautyconcepts.com\/en\/lower-eyelid-tightening-klagenfurt-carinthia\/","og_locale":"en_GB","og_type":"article","og_title":"Medical Beauty Concepts | Unterlid-Straffung Klagenfurt K\u00e4rnten","og_description":"Unterlid-Straffung in Klagenfurt K\u00e4rnten - Wir beantworten Deine Fragen zu Deiner Unterlid-OP: Narkose, \u00dcbernachtung, Kosten, Nahtentfernung","og_url":"https:\/\/medicalbeautyconcepts.com\/en\/lower-eyelid-tightening-klagenfurt-carinthia\/","og_site_name":"Medical Beauty Concepts","article_published_time":"2022-01-13T06:54:05+00:00","article_modified_time":"2024-09-26T08:50:05+00:00","og_image":[{"width":1024,"height":887,"url":"https:\/\/medicalbeautyconcepts.com\/wp-content\/uploads\/2022\/09\/Unterlidstraffung-Klagenfurt-Ka\u0308rnten-1024x887.jpg","type":"image\/jpeg"}],"author":"Peter Durnig","twitter_card":"summary_large_image","twitter_misc":{"Written by":"Peter Durnig","Estimated reading time":"5 minutes"},"schema":{"@context":"https:\/\/schema.org","@graph":[{"@type":"Article","@id":"https:\/\/medicalbeautyconcepts.com\/unterlid-straffung-klagenfurt-kaernten\/#article","isPartOf":{"@id":"https:\/\/medicalbeautyconcepts.com\/unterlid-straffung-klagenfurt-kaernten\/"},"author":{"name":"Peter Durnig","@id":"https:\/\/medicalbeautyconcepts.com\/#\/schema\/person\/b6dca7ffe5e5e727fe1435c337befccf"},"headline":"Unterlid-Straffung Klagenfurt K\u00e4rnten","datePublished":"2022-01-13T06:54:05+00:00","dateModified":"2024-09-26T08:50:05+00:00","mainEntityOfPage":{"@id":"https:\/\/medicalbeautyconcepts.com\/unterlid-straffung-klagenfurt-kaernten\/"},"wordCount":714,"publisher":{"@id":"https:\/\/medicalbeautyconcepts.com\/#organization"},"image":{"@id":"https:\/\/medicalbeautyconcepts.com\/unterlid-straffung-klagenfurt-kaernten\/#primaryimage"},"thumbnailUrl":"https:\/\/medicalbeautyconcepts.com\/wp-content\/uploads\/2022\/09\/Unterlidstraffung-Klagenfurt-Ka\u0308rnten.jpg","articleSection":["Gesicht","Auge","Mittelgesicht"],"inLanguage":"en-GB"},{"@type":"WebPage","@id":"https:\/\/medicalbeautyconcepts.com\/unterlid-straffung-klagenfurt-kaernten\/","url":"https:\/\/medicalbeautyconcepts.com\/unterlid-straffung-klagenfurt-kaernten\/","name":"Medical Beauty Concepts | Lower eyelid lift Klagenfurt Carinthia","isPartOf":{"@id":"https:\/\/medicalbeautyconcepts.com\/#website"},"primaryImageOfPage":{"@id":"https:\/\/medicalbeautyconcepts.com\/unterlid-straffung-klagenfurt-kaernten\/#primaryimage"},"image":{"@id":"https:\/\/medicalbeautyconcepts.com\/unterlid-straffung-klagenfurt-kaernten\/#primaryimage"},"thumbnailUrl":"https:\/\/medicalbeautyconcepts.com\/wp-content\/uploads\/2022\/09\/Unterlidstraffung-Klagenfurt-Ka\u0308rnten.jpg","datePublished":"2022-01-13T06:54:05+00:00","dateModified":"2024-09-26T08:50:05+00:00","description":"Lower eyelid lift in Klagenfurt Carinthia - We answer your questions about your lower eyelid surgery: anesthesia, overnight stay, costs, suture removal","breadcrumb":{"@id":"https:\/\/medicalbeautyconcepts.com\/unterlid-straffung-klagenfurt-kaernten\/#breadcrumb"},"inLanguage":"en-GB","potentialAction":[{"@type":"ReadAction","target":["https:\/\/medicalbeautyconcepts.com\/unterlid-straffung-klagenfurt-kaernten\/"]}]},{"@type":"ImageObject","inLanguage":"en-GB","@id":"https:\/\/medicalbeautyconcepts.com\/unterlid-straffung-klagenfurt-kaernten\/#primaryimage","url":"https:\/\/medicalbeautyconcepts.com\/wp-content\/uploads\/2022\/09\/Unterlidstraffung-Klagenfurt-Ka\u0308rnten.jpg","contentUrl":"https:\/\/medicalbeautyconcepts.com\/wp-content\/uploads\/2022\/09\/Unterlidstraffung-Klagenfurt-Ka\u0308rnten.jpg","width":1972,"height":1709},{"@type":"BreadcrumbList","@id":"https:\/\/medicalbeautyconcepts.com\/unterlid-straffung-klagenfurt-kaernten\/#breadcrumb","itemListElement":[{"@type":"ListItem","position":1,"name":"Home","item":"https:\/\/medicalbeautyconcepts.com\/"},{"@type":"ListItem","position":2,"name":"Unterlid-Straffung Klagenfurt K\u00e4rnten"}]},{"@type":"WebSite","@id":"https:\/\/medicalbeautyconcepts.com\/#website","url":"https:\/\/medicalbeautyconcepts.com\/","name":"Medical Beauty Concepts","description":"Premium Aesthetic Medicine","publisher":{"@id":"https:\/\/medicalbeautyconcepts.com\/#organization"},"potentialAction":[{"@type":"SearchAction","target":{"@type":"EntryPoint","urlTemplate":"https:\/\/medicalbeautyconcepts.com\/?s={search_term_string}"},"query-input":{"@type":"PropertyValueSpecification","valueRequired":true,"valueName":"search_term_string"}}],"inLanguage":"en-GB"},{"@type":"Organization","@id":"https:\/\/medicalbeautyconcepts.com\/#organization","name":"Medical Beauty Concepts","url":"https:\/\/medicalbeautyconcepts.com\/","logo":{"@type":"ImageObject","inLanguage":"en-GB","@id":"https:\/\/medicalbeautyconcepts.com\/#\/schema\/logo\/image\/","url":"https:\/\/medicalbeautyconcepts.com\/wp-content\/uploads\/2019\/08\/medical-beauty-concepts.png","contentUrl":"https:\/\/medicalbeautyconcepts.com\/wp-content\/uploads\/2019\/08\/medical-beauty-concepts.png","width":442,"height":134,"caption":"Medical Beauty Concepts"},"image":{"@id":"https:\/\/medicalbeautyconcepts.com\/#\/schema\/logo\/image\/"},"sameAs":["https:\/\/www.instagram.com\/plastischechirurgiegram\/"]},{"@type":"Person","@id":"https:\/\/medicalbeautyconcepts.com\/#\/schema\/person\/b6dca7ffe5e5e727fe1435c337befccf","name":"Peter Durnig"}]}},"_links":{"self":[{"href":"http:\/\/medicalbeautyconcepts.com\/en\/wp-json\/wp\/v2\/posts\/5279","targetHints":{"allow":["GET"]}}],"collection":[{"href":"http:\/\/medicalbeautyconcepts.com\/en\/wp-json\/wp\/v2\/posts"}],"about":[{"href":"http:\/\/medicalbeautyconcepts.com\/en\/wp-json\/wp\/v2\/types\/post"}],"author":[{"embeddable":true,"href":"http:\/\/medicalbeautyconcepts.com\/en\/wp-json\/wp\/v2\/users\/4"}],"replies":[{"embeddable":true,"href":"http:\/\/medicalbeautyconcepts.com\/en\/wp-json\/wp\/v2\/comments?post=5279"}],"version-history":[{"count":44,"href":"http:\/\/medicalbeautyconcepts.com\/en\/wp-json\/wp\/v2\/posts\/5279\/revisions"}],"predecessor-version":[{"id":7432,"href":"http:\/\/medicalbeautyconcepts.com\/en\/wp-json\/wp\/v2\/posts\/5279\/revisions\/7432"}],"wp:featuredmedia":[{"embeddable":true,"href":"http:\/\/medicalbeautyconcepts.com\/en\/wp-json\/wp\/v2\/media\/5578"}],"wp:attachment":[{"href":"http:\/\/medicalbeautyconcepts.com\/en\/wp-json\/wp\/v2\/media?parent=5279"}],"wp:term":[{"taxonomy":"category","embeddable":true,"href":"http:\/\/medicalbeautyconcepts.com\/en\/wp-json\/wp\/v2\/categories?post=5279"}],"curies":[{"name":"wp","href":"https:\/\/api.w.org\/{rel}","templated":true}]}}