{"id":5251,"date":"2018-09-16T11:02:00","date_gmt":"2018-09-16T09:02:00","guid":{"rendered":"https:\/\/medicalbeautyconcepts.com\/?p=5251"},"modified":"2022-11-29T11:25:05","modified_gmt":"2022-11-29T10:25:05","slug":"tummy-tuck-in-klagenfurt-carinthia","status":"publish","type":"post","link":"http:\/\/medicalbeautyconcepts.com\/en\/tummy-tuck-in-klagenfurt-carinthia\/","title":{"rendered":"Abdominoplasty in Klagenfurt Carinthia"},"content":{"rendered":"<p>Your tummy tuck in Klagenfurt Carinthia \u2013 the most frequently asked questions:<\/p>\n\n\n\n<h3 class=\"wp-block-heading\">What anesthesia is used?<\/h3>\n\n\n\n<p>This is decided in consultation with the surgeon and anesthetist. We offer both the option <strong>twilight sleep <\/strong>as well as the <strong>gentle general anesthesia<\/strong> possible. Both have certain advantages and disadvantages. Ultimately, it is usually an individual decision. Most patients opt for twilight sleep. Certain advantages are: <\/p>\n\n\n\n<ul class=\"wp-block-list\"><li>the <strong>Muscle pump is active during surgery<\/strong>, the blood is better moved in the body, the risk of thrombosis is thereby reduced<\/li><li><strong>get back on the road faster<\/strong> \u2013 You can go from the operating table to your own bed (with help). Even if you can&#039;t remember it most of the time, you get fit again more quickly and are mobile more quickly<\/li><li>Less and gentler anesthetics usually means <strong>less nausea or vomiting<\/strong><\/li><\/ul>\n\n\n\n<hr class=\"wp-block-separator\"\/>\n\n\n\n<h3 class=\"wp-block-heading\">Do I have to stay overnight for my tummy tuck in Klagenfurt, Carinthia?<\/h3>\n\n\n\n<p>The tummy tuck in Klagenfurt is performed in a private operating room. In this case, we recommend the <strong>accommodation with one overnight stay<\/strong> on site. <\/p>\n\n\n\n<p>Day surgery would theoretically be possible, but we do not recommend it. However, you will always be on site for at least 3-4 hours before you can go home if necessary. However, you should not live too far from the operating room. <\/p>\n\n\n\n<p>If requested, an outpatient night nurse is available to assist.<\/p>\n\n\n\n<p>If you choose the overnight option, a night nurse is on site. The day after the operation, in the morning, a <strong>control with dressing change<\/strong>. And then it&#039;s back home.<\/p>\n\n\n\n<hr class=\"wp-block-separator\"\/>\n\n\n\n<h3 class=\"wp-block-heading\">Do stitches need to be removed after a tummy tuck? If so, when?<\/h3>\n\n\n\n<p>We use self-dissolving seams. Therefore, there are no stitches to remove. After about 10 days, an inspection is carried out to see where stitches above the surface are shortened. <\/p>\n\n\n\n<hr class=\"wp-block-separator\"\/>\n\n\n\n<h3 class=\"wp-block-heading\">How long should I rest after a tummy tuck in Klagenfurt, Carinthia?<\/h3>\n\n\n\n<p>You should take it easy for 2-3 weeks. Do this with sensitivity and common sense. The basic rule is: do not lift more than 5kg, do not make sudden movements, do not work overhead. <\/p>\n\n\n\n<p>But you are not sick. That means you should move around, but just take care of the operated area. When lying down, turning to the left and right is allowed and advisable. Otherwise you risk back pain if you just lie on your back with cramps. Obviously you should not lie on the operated area or the surgical wound itself. <\/p>\n\n\n\n<p>For the first few days, you should walk slightly bent over and take the pressure off the operated abdominal area. Wearing a special corset is recommended for 5-6 weeks. The corset\/compression garment should be worn for approximately 24 hours (including at night).<\/p>\n\n\n\n<div class=\"wp-block-media-text alignwide is-stacked-on-mobile\" style=\"grid-template-columns:27% auto\"><figure class=\"wp-block-media-text__media\"><img loading=\"lazy\" decoding=\"async\" width=\"1000\" height=\"1000\" src=\"https:\/\/medicalbeautyconcepts.com\/wp-content\/uploads\/2022\/09\/Bauchdeckenstraffung-Klagenfurt-Ka\u0308rnten-1.jpg\" alt=\"\" class=\"wp-image-5418 size-full\" srcset=\"https:\/\/medicalbeautyconcepts.com\/wp-content\/uploads\/2022\/09\/Bauchdeckenstraffung-Klagenfurt-Ka\u0308rnten-1.jpg 1000w, https:\/\/medicalbeautyconcepts.com\/wp-content\/uploads\/2022\/09\/Bauchdeckenstraffung-Klagenfurt-Ka\u0308rnten-1-300x300.jpg 300w, https:\/\/medicalbeautyconcepts.com\/wp-content\/uploads\/2022\/09\/Bauchdeckenstraffung-Klagenfurt-Ka\u0308rnten-1-150x150.jpg 150w, https:\/\/medicalbeautyconcepts.com\/wp-content\/uploads\/2022\/09\/Bauchdeckenstraffung-Klagenfurt-Ka\u0308rnten-1-768x768.jpg 768w, https:\/\/medicalbeautyconcepts.com\/wp-content\/uploads\/2022\/09\/Bauchdeckenstraffung-Klagenfurt-Ka\u0308rnten-1-550x550.jpg 550w, https:\/\/medicalbeautyconcepts.com\/wp-content\/uploads\/2022\/09\/Bauchdeckenstraffung-Klagenfurt-Ka\u0308rnten-1-100x100.jpg 100w, https:\/\/medicalbeautyconcepts.com\/wp-content\/uploads\/2022\/09\/Bauchdeckenstraffung-Klagenfurt-Ka\u0308rnten-1-200x200.jpg 200w\" sizes=\"auto, (max-width: 1000px) 100vw, 1000px\" \/><\/figure><div class=\"wp-block-media-text__content\">\n<p>Corsets after tummy tuck should be worn as much as possible for 5-6 weeks.<\/p>\n<\/div><\/div>\n\n\n\n<hr class=\"wp-block-separator\"\/>\n\n\n\n<h3 class=\"wp-block-heading\">How much does my tummy tuck cost?<\/h3>\n\n\n\n<p><strong><a href=\"https:\/\/medicalbeautyconcepts.com\/en\/breast-enlargement-prices-and-costs\/\">Prices and Costs<\/a><\/strong> can be found as a separate section in our stories. The following factors play a role in the costs: day surgery or overnight stay, planned duration of the operation and difficulty or effort of the operation (with surgery for an umbilical hernia, with tightening of a rectus diastasis = weak abdominal wall, etc.). <\/p>\n\n\n\n<p>In a detailed first consultation, the costs can usually be calculated very precisely. All decisions should have been made by the second consultation at the latest. From then on, an exact calculation of the costs and the price is possible.<\/p>\n\n\n\n<p>Find here <strong><a href=\"https:\/\/medicalbeautyconcepts.com\/en\/treatments\/tummy-tuck-2\/\">Further information on tummy tuck surgery and costs of the operation.<\/a><\/strong><\/p>\n\n\n\n<hr class=\"wp-block-separator\"\/>\n\n\n\n<h3 class=\"wp-block-heading\">What operations are possible on the abdomen?<\/h3>\n\n\n\n<div class=\"wp-block-media-text alignwide is-stacked-on-mobile\" style=\"grid-template-columns:15% auto\"><figure class=\"wp-block-media-text__media\"><img loading=\"lazy\" decoding=\"async\" width=\"602\" height=\"1024\" src=\"https:\/\/medicalbeautyconcepts.com\/wp-content\/uploads\/2022\/09\/Bauchdeckenstraffung-Klagenfurt-Ka\u0308rnten-602x1024.jpg\" alt=\"\" class=\"wp-image-5263 size-full\" srcset=\"https:\/\/medicalbeautyconcepts.com\/wp-content\/uploads\/2022\/09\/Bauchdeckenstraffung-Klagenfurt-Ka\u0308rnten-602x1024.jpg 602w, https:\/\/medicalbeautyconcepts.com\/wp-content\/uploads\/2022\/09\/Bauchdeckenstraffung-Klagenfurt-Ka\u0308rnten-176x300.jpg 176w, https:\/\/medicalbeautyconcepts.com\/wp-content\/uploads\/2022\/09\/Bauchdeckenstraffung-Klagenfurt-Ka\u0308rnten-768x1306.jpg 768w, https:\/\/medicalbeautyconcepts.com\/wp-content\/uploads\/2022\/09\/Bauchdeckenstraffung-Klagenfurt-Ka\u0308rnten-904x1536.jpg 904w, https:\/\/medicalbeautyconcepts.com\/wp-content\/uploads\/2022\/09\/Bauchdeckenstraffung-Klagenfurt-Ka\u0308rnten-1205x2048.jpg 1205w, https:\/\/medicalbeautyconcepts.com\/wp-content\/uploads\/2022\/09\/Bauchdeckenstraffung-Klagenfurt-Ka\u0308rnten-382x650.jpg 382w, https:\/\/medicalbeautyconcepts.com\/wp-content\/uploads\/2022\/09\/Bauchdeckenstraffung-Klagenfurt-Ka\u0308rnten-324x550.jpg 324w, https:\/\/medicalbeautyconcepts.com\/wp-content\/uploads\/2022\/09\/Bauchdeckenstraffung-Klagenfurt-Ka\u0308rnten-scaled.jpg 1506w\" sizes=\"auto, (max-width: 602px) 100vw, 602px\" \/><\/figure><div class=\"wp-block-media-text__content\">\n<p>Click under the heading <a href=\"https:\/\/medicalbeautyconcepts.com\/en\/plastic-surgery-breast-face-body\/\"><strong>BODY on the abdominal area<\/strong><\/a> and find all options for additional treatments or operations in the abdominal area<\/p>\n<\/div><\/div>\n\n\n\n<hr class=\"wp-block-separator\"\/>\n\n\n\n<h3 class=\"wp-block-heading\">How do you find us? \u2013 Abdominoplasty Klagenfurt Carinthia\u2026<\/h3>\n\n\n\n<p>You can find us here:<\/p>\n\n\n\n<div class=\"wp-block-media-text alignwide is-stacked-on-mobile\" style=\"grid-template-columns:37% auto\"><figure class=\"wp-block-media-text__media\"><img loading=\"lazy\" decoding=\"async\" width=\"1024\" height=\"576\" src=\"https:\/\/medicalbeautyconcepts.com\/wp-content\/uploads\/2022\/01\/Ordination-Schloss-Velden-Dr.-Durnig-Ka\u0308rnten-Plastische-Chirurgie-2-1024x576.jpg\" alt=\"\" class=\"wp-image-4026 size-full\" srcset=\"https:\/\/medicalbeautyconcepts.com\/wp-content\/uploads\/2022\/01\/Ordination-Schloss-Velden-Dr.-Durnig-Ka\u0308rnten-Plastische-Chirurgie-2-1024x576.jpg 1024w, https:\/\/medicalbeautyconcepts.com\/wp-content\/uploads\/2022\/01\/Ordination-Schloss-Velden-Dr.-Durnig-Ka\u0308rnten-Plastische-Chirurgie-2-300x169.jpg 300w, https:\/\/medicalbeautyconcepts.com\/wp-content\/uploads\/2022\/01\/Ordination-Schloss-Velden-Dr.-Durnig-Ka\u0308rnten-Plastische-Chirurgie-2-768x432.jpg 768w, https:\/\/medicalbeautyconcepts.com\/wp-content\/uploads\/2022\/01\/Ordination-Schloss-Velden-Dr.-Durnig-Ka\u0308rnten-Plastische-Chirurgie-2-1536x864.jpg 1536w, https:\/\/medicalbeautyconcepts.com\/wp-content\/uploads\/2022\/01\/Ordination-Schloss-Velden-Dr.-Durnig-Ka\u0308rnten-Plastische-Chirurgie-2-2048x1152.jpg 2048w, https:\/\/medicalbeautyconcepts.com\/wp-content\/uploads\/2022\/01\/Ordination-Schloss-Velden-Dr.-Durnig-Ka\u0308rnten-Plastische-Chirurgie-2-1920x1080.jpg 1920w, https:\/\/medicalbeautyconcepts.com\/wp-content\/uploads\/2022\/01\/Ordination-Schloss-Velden-Dr.-Durnig-Ka\u0308rnten-Plastische-Chirurgie-2-550x309.jpg 550w, https:\/\/medicalbeautyconcepts.com\/wp-content\/uploads\/2022\/01\/Ordination-Schloss-Velden-Dr.-Durnig-Ka\u0308rnten-Plastische-Chirurgie-2-740x416.jpg 740w\" sizes=\"auto, (max-width: 1024px) 100vw, 1024px\" \/><\/figure><div class=\"wp-block-media-text__content\">\n<p>In our practice at the Falkensteiner Schlosshotel in Velden am W\u00f6rthersee we offer you a detailed consultation on your planned tummy tuck<\/p>\n<\/div><\/div>\n\n\n\n<ul class=\"wp-block-list\"><li><strong>Ordination Klagenfurt<\/strong> Domplatz: Lidmanskygasse 8, 9020 Klagenfurt am W\u00f6rthersee<\/li><li><strong>Ordination Velden<\/strong> Falkensteiner Schlosshotel Velden: Schlosspark 1, 9220 Velden am W\u00f6rthersee<\/li><li><strong>AestheticOP Private Surgery Klagenfurt<\/strong>: Feldkirchnerstrasse 217, 9020 Klagenfurt am W\u00f6rthersee<\/li><li><strong>Hospital Barmherzige Br\u00fcder Sankt Veit\/Glan<\/strong>: Spitalgasse 26, 9300 Sankt Veit\/Glan<\/li><li><strong>Private Clinic Maria Hilf Humanomed<\/strong>: Radetzkystrasse 35, 9200 Klagenfurt am W\u00f6rthersee<\/li><\/ul>\n\n\n\n<p>If you are from <strong>Carinthia<\/strong> (Klagenfurt, Villach, Wolfsberg, Feldkirchen, St. Veit an der Glan, Spittal an der Drau, V\u00f6lkermarkt, Friesach, Velden, etc.), you will find the right way to us...<\/p>\n\n\n\n<ul class=\"wp-block-list\"><li>Arrival by <strong><a href=\"https:\/\/www.viamichelin.at\/web\/Routenplaner\">car<\/a><\/strong><\/li><li>Arrival with the <strong><a href=\"https:\/\/routenplaner.kaerntner-linien.at\/\">K\u00e4rntner Linien<\/a><\/strong><\/li><li>Arrival by <strong><a href=\"https:\/\/www.thetrainline.com\/de\/bahnunternehmen\/oebb?gclid=CjwKCAiA866PBhAYEiwANkIneObaU4BXugWRZ_eYJrlCQYl17QYxAPHksLgX_aDQNT4njLiz9mhnFxoCojwQAvD_BwE&amp;gclsrc=aw.ds\">Train<\/a><\/strong><\/li><\/ul>\n\n\n\n<p>You are traveling <strong>Vienna\/Lower Austria\/Burgenland<\/strong> (Vienna, St. P\u00f6lten, Wiener Neustadt, Klosterneuburg, Baden, Krems, Amstetten, M\u00f6dling, Traiskirchen, Schwechat, Stockerau, Tulln, Korneuburg, Eisenstadt) <strong>Upper Austria <\/strong>(Linz, Leonding, Bad Ischl, Wels, Steyr, Traun, Enns, Ried, Braunau, Ansfelden, Marchtrenk, V\u00f6cklabruck) <strong>Salzburg<\/strong> (Salzburg, Hallein, Saalfelden, St. Johann, Bischofshofen, Seekirchen) <strong>Styria <\/strong>(Leoben, Kapfenberg, Judenburg, Liezen, Murau, Feldbach, Gratwein, Knittelfeld, Leibnitz, Deutschlandsberg, Weitz, Mariazell, Admont, Schladming, Bruck an der Mur) <strong>Tyrol\/Vorarlberg<\/strong> (Innsbruck, Kufstein, Telfs, Schwaz, Hall, W\u00f6rgl, Lienz, Feldkirch, Bregenz, Lustenau, Hohenems, Bludenz, Hard)? This is how you find the right way to us...<\/p>\n\n\n\n<ul class=\"wp-block-list\"><li>Arrival by <strong><a href=\"https:\/\/www.viamichelin.at\/web\/Routenplaner\">car<\/a><\/strong><\/li><li>Arrival by <strong><a href=\"https:\/\/www.thetrainline.com\/de\/bahnunternehmen\/oebb?gclid=CjwKCAiA866PBhAYEiwANkIneObaU4BXugWRZ_eYJrlCQYl17QYxAPHksLgX_aDQNT4njLiz9mhnFxoCojwQAvD_BwE&amp;gclsrc=aw.ds\">Train<\/a><\/strong><\/li><li>Arrival by <strong><a href=\"https:\/\/airport-klagenfurt.at\/\">Airplane<\/a><\/strong><\/li><\/ul>\n\n\n\n<hr class=\"wp-block-separator\"\/>\n\n\n\r\n<div id=\"cta-block_5eb02ce881bd0\" class=\"icontext-block\">\r\n\t<div class=\"row\">\r\n\t\t\r\n\t\t<div class=\"col-sm-1 col-12 reveal\">\r\n\t\t\t\t\t\t\t<div class=\"icontext-icon icon-dark-arrow-right\"><\/div>\r\n\t\t\t\t\t<\/div>\r\n\r\n\t\t<div class=\"col-sm-11 col-12 reveal\">\r\n\t\t\t<div class=\"icontext-text\">\r\n\t\t\t\t<h2 class=\"rich-text block-editor-rich-text__editable\" role=\"textbox\" contenteditable=\"true\" aria-multiline=\"true\" aria-label=\"Write headline\u2026\">Make an appointment for your tummy tuck in Klagenfurt Carinthia<\/h2>\n<p>We look forward to your call at <strong>0699 19988009<\/strong> (Mon-Fri 12-16). See you soon!<\/p>\n\t\t\t<\/div>\r\n\t\t<\/div>\r\n\r\n\t<\/div>\r\n<\/div>\r\n\n\n\n<p>Nothing can replace a personal, individual consultation with a specialist with the appropriate experience and the right aesthetic sensitivity. We will be happy to advise you in detail \u2013 arrange your <strong>Consultation appointment at 0699 19988009<\/strong>. Or contact us via our <a href=\"http:\/\/www.durnig.at\/kontakt\/\"><strong>contact form<\/strong><\/a>. We look forward to seeing you!<\/p>\n\n\n\n<p><\/p>\n\n\n\n<p>Find more valuable information on the topic <a href=\"https:\/\/medicalbeautyconcepts.com\/en\/beauty-concepts\/\"><strong>among our Beauty Concepts<\/strong><\/a><\/p>","protected":false},"excerpt":{"rendered":"<p>Abdominoplasty Klagenfurt Carinthia<\/p>","protected":false},"author":4,"featured_media":5324,"comment_status":"closed","ping_status":"closed","sticky":false,"template":"","format":"standard","meta":{"_acf_changed":false,"footnotes":""},"categories":[54,64],"class_list":["post-5251","post","type-post","status-publish","format-standard","has-post-thumbnail","hentry","category-bauch","category-hufte"],"acf":[],"yoast_head":"<!-- This site is optimized with the Yoast SEO plugin v26.8 - https:\/\/yoast.com\/product\/yoast-seo-wordpress\/ -->\n<title>Bauchdeckenstraffung Klagenfurt K\u00e4rnten | Dr. Peter DURNIG<\/title>\n<meta name=\"description\" content=\"Bauchdeckenstraffung Klagenfurt K\u00e4rnten - Wir beantworten Deine Fragen zu Deiner OP: Narkose, \u00dcbernachtung, Kosten, Nahtentfernung\" \/>\n<meta name=\"robots\" content=\"index, follow, max-snippet:-1, max-image-preview:large, max-video-preview:-1\" \/>\n<link rel=\"canonical\" href=\"https:\/\/medicalbeautyconcepts.com\/en\/tummy-tuck-in-klagenfurt-carinthia\/\" \/>\n<meta property=\"og:locale\" content=\"en_GB\" \/>\n<meta property=\"og:type\" content=\"article\" \/>\n<meta property=\"og:title\" content=\"Bauchdeckenstraffung Klagenfurt K\u00e4rnten | Dr. Peter DURNIG\" \/>\n<meta property=\"og:description\" content=\"Bauchdeckenstraffung Klagenfurt K\u00e4rnten - Wir beantworten Deine Fragen zu Deiner OP: Narkose, \u00dcbernachtung, Kosten, Nahtentfernung\" \/>\n<meta property=\"og:url\" content=\"https:\/\/medicalbeautyconcepts.com\/en\/tummy-tuck-in-klagenfurt-carinthia\/\" \/>\n<meta property=\"og:site_name\" content=\"Medical Beauty Concepts\" \/>\n<meta property=\"article:published_time\" content=\"2018-09-16T09:02:00+00:00\" \/>\n<meta property=\"article:modified_time\" content=\"2022-11-29T10:25:05+00:00\" \/>\n<meta property=\"og:image\" content=\"https:\/\/medicalbeautyconcepts.com\/wp-content\/uploads\/2022\/09\/Bauchdeckentraffung-Klagenfurt-Ka\u0308rnten.png\" \/>\n\t<meta property=\"og:image:width\" content=\"1080\" \/>\n\t<meta property=\"og:image:height\" content=\"1080\" \/>\n\t<meta property=\"og:image:type\" content=\"image\/png\" \/>\n<meta name=\"author\" content=\"Peter Durnig\" \/>\n<meta name=\"twitter:card\" content=\"summary_large_image\" \/>\n<meta name=\"twitter:label1\" content=\"Written by\" \/>\n\t<meta name=\"twitter:data1\" content=\"Peter Durnig\" \/>\n\t<meta name=\"twitter:label2\" content=\"Estimated reading time\" \/>\n\t<meta name=\"twitter:data2\" content=\"5 minutes\" \/>\n<script type=\"application\/ld+json\" class=\"yoast-schema-graph\">{\"@context\":\"https:\/\/schema.org\",\"@graph\":[{\"@type\":\"Article\",\"@id\":\"https:\/\/medicalbeautyconcepts.com\/bauchdeckenstraffung-in-klagenfurt-kaernten\/#article\",\"isPartOf\":{\"@id\":\"https:\/\/medicalbeautyconcepts.com\/bauchdeckenstraffung-in-klagenfurt-kaernten\/\"},\"author\":{\"name\":\"Peter Durnig\",\"@id\":\"https:\/\/medicalbeautyconcepts.com\/#\/schema\/person\/b6dca7ffe5e5e727fe1435c337befccf\"},\"headline\":\"Bauchdeckenstraffung in Klagenfurt K\u00e4rnten\",\"datePublished\":\"2018-09-16T09:02:00+00:00\",\"dateModified\":\"2022-11-29T10:25:05+00:00\",\"mainEntityOfPage\":{\"@id\":\"https:\/\/medicalbeautyconcepts.com\/bauchdeckenstraffung-in-klagenfurt-kaernten\/\"},\"wordCount\":864,\"publisher\":{\"@id\":\"https:\/\/medicalbeautyconcepts.com\/#organization\"},\"image\":{\"@id\":\"https:\/\/medicalbeautyconcepts.com\/bauchdeckenstraffung-in-klagenfurt-kaernten\/#primaryimage\"},\"thumbnailUrl\":\"https:\/\/medicalbeautyconcepts.com\/wp-content\/uploads\/2022\/09\/Bauchdeckentraffung-Klagenfurt-Ka\u0308rnten.png\",\"articleSection\":[\"Bauch\",\"H\u00fcfte\"],\"inLanguage\":\"en-GB\"},{\"@type\":\"WebPage\",\"@id\":\"https:\/\/medicalbeautyconcepts.com\/bauchdeckenstraffung-in-klagenfurt-kaernten\/\",\"url\":\"https:\/\/medicalbeautyconcepts.com\/bauchdeckenstraffung-in-klagenfurt-kaernten\/\",\"name\":\"Bauchdeckenstraffung Klagenfurt K\u00e4rnten | Dr. Peter DURNIG\",\"isPartOf\":{\"@id\":\"https:\/\/medicalbeautyconcepts.com\/#website\"},\"primaryImageOfPage\":{\"@id\":\"https:\/\/medicalbeautyconcepts.com\/bauchdeckenstraffung-in-klagenfurt-kaernten\/#primaryimage\"},\"image\":{\"@id\":\"https:\/\/medicalbeautyconcepts.com\/bauchdeckenstraffung-in-klagenfurt-kaernten\/#primaryimage\"},\"thumbnailUrl\":\"https:\/\/medicalbeautyconcepts.com\/wp-content\/uploads\/2022\/09\/Bauchdeckentraffung-Klagenfurt-Ka\u0308rnten.png\",\"datePublished\":\"2018-09-16T09:02:00+00:00\",\"dateModified\":\"2022-11-29T10:25:05+00:00\",\"description\":\"Bauchdeckenstraffung Klagenfurt K\u00e4rnten - Wir beantworten Deine Fragen zu Deiner OP: Narkose, \u00dcbernachtung, Kosten, Nahtentfernung\",\"breadcrumb\":{\"@id\":\"https:\/\/medicalbeautyconcepts.com\/bauchdeckenstraffung-in-klagenfurt-kaernten\/#breadcrumb\"},\"inLanguage\":\"en-GB\",\"potentialAction\":[{\"@type\":\"ReadAction\",\"target\":[\"https:\/\/medicalbeautyconcepts.com\/bauchdeckenstraffung-in-klagenfurt-kaernten\/\"]}]},{\"@type\":\"ImageObject\",\"inLanguage\":\"en-GB\",\"@id\":\"https:\/\/medicalbeautyconcepts.com\/bauchdeckenstraffung-in-klagenfurt-kaernten\/#primaryimage\",\"url\":\"https:\/\/medicalbeautyconcepts.com\/wp-content\/uploads\/2022\/09\/Bauchdeckentraffung-Klagenfurt-Ka\u0308rnten.png\",\"contentUrl\":\"https:\/\/medicalbeautyconcepts.com\/wp-content\/uploads\/2022\/09\/Bauchdeckentraffung-Klagenfurt-Ka\u0308rnten.png\",\"width\":1080,\"height\":1080,\"caption\":\"Bauchdeckentraffung Klagenfurt Ka\u0308rnten\"},{\"@type\":\"BreadcrumbList\",\"@id\":\"https:\/\/medicalbeautyconcepts.com\/bauchdeckenstraffung-in-klagenfurt-kaernten\/#breadcrumb\",\"itemListElement\":[{\"@type\":\"ListItem\",\"position\":1,\"name\":\"Home\",\"item\":\"https:\/\/medicalbeautyconcepts.com\/\"},{\"@type\":\"ListItem\",\"position\":2,\"name\":\"Bauchdeckenstraffung in Klagenfurt K\u00e4rnten\"}]},{\"@type\":\"WebSite\",\"@id\":\"https:\/\/medicalbeautyconcepts.com\/#website\",\"url\":\"https:\/\/medicalbeautyconcepts.com\/\",\"name\":\"Medical Beauty Concepts\",\"description\":\"Premium Aesthetic Medicine\",\"publisher\":{\"@id\":\"https:\/\/medicalbeautyconcepts.com\/#organization\"},\"potentialAction\":[{\"@type\":\"SearchAction\",\"target\":{\"@type\":\"EntryPoint\",\"urlTemplate\":\"https:\/\/medicalbeautyconcepts.com\/?s={search_term_string}\"},\"query-input\":{\"@type\":\"PropertyValueSpecification\",\"valueRequired\":true,\"valueName\":\"search_term_string\"}}],\"inLanguage\":\"en-GB\"},{\"@type\":\"Organization\",\"@id\":\"https:\/\/medicalbeautyconcepts.com\/#organization\",\"name\":\"Medical Beauty Concepts\",\"url\":\"https:\/\/medicalbeautyconcepts.com\/\",\"logo\":{\"@type\":\"ImageObject\",\"inLanguage\":\"en-GB\",\"@id\":\"https:\/\/medicalbeautyconcepts.com\/#\/schema\/logo\/image\/\",\"url\":\"https:\/\/medicalbeautyconcepts.com\/wp-content\/uploads\/2019\/08\/medical-beauty-concepts.png\",\"contentUrl\":\"https:\/\/medicalbeautyconcepts.com\/wp-content\/uploads\/2019\/08\/medical-beauty-concepts.png\",\"width\":442,\"height\":134,\"caption\":\"Medical Beauty Concepts\"},\"image\":{\"@id\":\"https:\/\/medicalbeautyconcepts.com\/#\/schema\/logo\/image\/\"},\"sameAs\":[\"https:\/\/www.instagram.com\/plastischechirurgiegram\/\"]},{\"@type\":\"Person\",\"@id\":\"https:\/\/medicalbeautyconcepts.com\/#\/schema\/person\/b6dca7ffe5e5e727fe1435c337befccf\",\"name\":\"Peter Durnig\"}]}<\/script>\n<!-- \/ Yoast SEO plugin. -->","yoast_head_json":{"title":"Abdominoplasty Klagenfurt Carinthia | Dr. Peter DURNIG","description":"Abdominoplasty Klagenfurt Carinthia - We answer your questions about your operation: anesthesia, overnight stay, costs, suture removal","robots":{"index":"index","follow":"follow","max-snippet":"max-snippet:-1","max-image-preview":"max-image-preview:large","max-video-preview":"max-video-preview:-1"},"canonical":"https:\/\/medicalbeautyconcepts.com\/en\/tummy-tuck-in-klagenfurt-carinthia\/","og_locale":"en_GB","og_type":"article","og_title":"Bauchdeckenstraffung Klagenfurt K\u00e4rnten | Dr. Peter DURNIG","og_description":"Bauchdeckenstraffung Klagenfurt K\u00e4rnten - Wir beantworten Deine Fragen zu Deiner OP: Narkose, \u00dcbernachtung, Kosten, Nahtentfernung","og_url":"https:\/\/medicalbeautyconcepts.com\/en\/tummy-tuck-in-klagenfurt-carinthia\/","og_site_name":"Medical Beauty Concepts","article_published_time":"2018-09-16T09:02:00+00:00","article_modified_time":"2022-11-29T10:25:05+00:00","og_image":[{"width":1080,"height":1080,"url":"https:\/\/medicalbeautyconcepts.com\/wp-content\/uploads\/2022\/09\/Bauchdeckentraffung-Klagenfurt-Ka\u0308rnten.png","type":"image\/png"}],"author":"Peter Durnig","twitter_card":"summary_large_image","twitter_misc":{"Written by":"Peter Durnig","Estimated reading time":"5 minutes"},"schema":{"@context":"https:\/\/schema.org","@graph":[{"@type":"Article","@id":"https:\/\/medicalbeautyconcepts.com\/bauchdeckenstraffung-in-klagenfurt-kaernten\/#article","isPartOf":{"@id":"https:\/\/medicalbeautyconcepts.com\/bauchdeckenstraffung-in-klagenfurt-kaernten\/"},"author":{"name":"Peter Durnig","@id":"https:\/\/medicalbeautyconcepts.com\/#\/schema\/person\/b6dca7ffe5e5e727fe1435c337befccf"},"headline":"Bauchdeckenstraffung in Klagenfurt K\u00e4rnten","datePublished":"2018-09-16T09:02:00+00:00","dateModified":"2022-11-29T10:25:05+00:00","mainEntityOfPage":{"@id":"https:\/\/medicalbeautyconcepts.com\/bauchdeckenstraffung-in-klagenfurt-kaernten\/"},"wordCount":864,"publisher":{"@id":"https:\/\/medicalbeautyconcepts.com\/#organization"},"image":{"@id":"https:\/\/medicalbeautyconcepts.com\/bauchdeckenstraffung-in-klagenfurt-kaernten\/#primaryimage"},"thumbnailUrl":"https:\/\/medicalbeautyconcepts.com\/wp-content\/uploads\/2022\/09\/Bauchdeckentraffung-Klagenfurt-Ka\u0308rnten.png","articleSection":["Bauch","H\u00fcfte"],"inLanguage":"en-GB"},{"@type":"WebPage","@id":"https:\/\/medicalbeautyconcepts.com\/bauchdeckenstraffung-in-klagenfurt-kaernten\/","url":"https:\/\/medicalbeautyconcepts.com\/bauchdeckenstraffung-in-klagenfurt-kaernten\/","name":"Abdominoplasty Klagenfurt Carinthia | Dr. Peter DURNIG","isPartOf":{"@id":"https:\/\/medicalbeautyconcepts.com\/#website"},"primaryImageOfPage":{"@id":"https:\/\/medicalbeautyconcepts.com\/bauchdeckenstraffung-in-klagenfurt-kaernten\/#primaryimage"},"image":{"@id":"https:\/\/medicalbeautyconcepts.com\/bauchdeckenstraffung-in-klagenfurt-kaernten\/#primaryimage"},"thumbnailUrl":"https:\/\/medicalbeautyconcepts.com\/wp-content\/uploads\/2022\/09\/Bauchdeckentraffung-Klagenfurt-Ka\u0308rnten.png","datePublished":"2018-09-16T09:02:00+00:00","dateModified":"2022-11-29T10:25:05+00:00","description":"Abdominoplasty Klagenfurt Carinthia - We answer your questions about your operation: anesthesia, overnight stay, costs, suture removal","breadcrumb":{"@id":"https:\/\/medicalbeautyconcepts.com\/bauchdeckenstraffung-in-klagenfurt-kaernten\/#breadcrumb"},"inLanguage":"en-GB","potentialAction":[{"@type":"ReadAction","target":["https:\/\/medicalbeautyconcepts.com\/bauchdeckenstraffung-in-klagenfurt-kaernten\/"]}]},{"@type":"ImageObject","inLanguage":"en-GB","@id":"https:\/\/medicalbeautyconcepts.com\/bauchdeckenstraffung-in-klagenfurt-kaernten\/#primaryimage","url":"https:\/\/medicalbeautyconcepts.com\/wp-content\/uploads\/2022\/09\/Bauchdeckentraffung-Klagenfurt-Ka\u0308rnten.png","contentUrl":"https:\/\/medicalbeautyconcepts.com\/wp-content\/uploads\/2022\/09\/Bauchdeckentraffung-Klagenfurt-Ka\u0308rnten.png","width":1080,"height":1080,"caption":"Bauchdeckentraffung Klagenfurt Ka\u0308rnten"},{"@type":"BreadcrumbList","@id":"https:\/\/medicalbeautyconcepts.com\/bauchdeckenstraffung-in-klagenfurt-kaernten\/#breadcrumb","itemListElement":[{"@type":"ListItem","position":1,"name":"Home","item":"https:\/\/medicalbeautyconcepts.com\/"},{"@type":"ListItem","position":2,"name":"Bauchdeckenstraffung in Klagenfurt K\u00e4rnten"}]},{"@type":"WebSite","@id":"https:\/\/medicalbeautyconcepts.com\/#website","url":"https:\/\/medicalbeautyconcepts.com\/","name":"Medical Beauty Concepts","description":"Premium Aesthetic Medicine","publisher":{"@id":"https:\/\/medicalbeautyconcepts.com\/#organization"},"potentialAction":[{"@type":"SearchAction","target":{"@type":"EntryPoint","urlTemplate":"https:\/\/medicalbeautyconcepts.com\/?s={search_term_string}"},"query-input":{"@type":"PropertyValueSpecification","valueRequired":true,"valueName":"search_term_string"}}],"inLanguage":"en-GB"},{"@type":"Organization","@id":"https:\/\/medicalbeautyconcepts.com\/#organization","name":"Medical Beauty Concepts","url":"https:\/\/medicalbeautyconcepts.com\/","logo":{"@type":"ImageObject","inLanguage":"en-GB","@id":"https:\/\/medicalbeautyconcepts.com\/#\/schema\/logo\/image\/","url":"https:\/\/medicalbeautyconcepts.com\/wp-content\/uploads\/2019\/08\/medical-beauty-concepts.png","contentUrl":"https:\/\/medicalbeautyconcepts.com\/wp-content\/uploads\/2019\/08\/medical-beauty-concepts.png","width":442,"height":134,"caption":"Medical Beauty Concepts"},"image":{"@id":"https:\/\/medicalbeautyconcepts.com\/#\/schema\/logo\/image\/"},"sameAs":["https:\/\/www.instagram.com\/plastischechirurgiegram\/"]},{"@type":"Person","@id":"https:\/\/medicalbeautyconcepts.com\/#\/schema\/person\/b6dca7ffe5e5e727fe1435c337befccf","name":"Peter Durnig"}]}},"_links":{"self":[{"href":"http:\/\/medicalbeautyconcepts.com\/en\/wp-json\/wp\/v2\/posts\/5251","targetHints":{"allow":["GET"]}}],"collection":[{"href":"http:\/\/medicalbeautyconcepts.com\/en\/wp-json\/wp\/v2\/posts"}],"about":[{"href":"http:\/\/medicalbeautyconcepts.com\/en\/wp-json\/wp\/v2\/types\/post"}],"author":[{"embeddable":true,"href":"http:\/\/medicalbeautyconcepts.com\/en\/wp-json\/wp\/v2\/users\/4"}],"replies":[{"embeddable":true,"href":"http:\/\/medicalbeautyconcepts.com\/en\/wp-json\/wp\/v2\/comments?post=5251"}],"version-history":[{"count":26,"href":"http:\/\/medicalbeautyconcepts.com\/en\/wp-json\/wp\/v2\/posts\/5251\/revisions"}],"predecessor-version":[{"id":5492,"href":"http:\/\/medicalbeautyconcepts.com\/en\/wp-json\/wp\/v2\/posts\/5251\/revisions\/5492"}],"wp:featuredmedia":[{"embeddable":true,"href":"http:\/\/medicalbeautyconcepts.com\/en\/wp-json\/wp\/v2\/media\/5324"}],"wp:attachment":[{"href":"http:\/\/medicalbeautyconcepts.com\/en\/wp-json\/wp\/v2\/media?parent=5251"}],"wp:term":[{"taxonomy":"category","embeddable":true,"href":"http:\/\/medicalbeautyconcepts.com\/en\/wp-json\/wp\/v2\/categories?post=5251"}],"curies":[{"name":"wp","href":"https:\/\/api.w.org\/{rel}","templated":true}]}}